{"id":62639,"date":"2026-02-12T11:23:15","date_gmt":"2026-02-12T14:23:15","guid":{"rendered":"https:\/\/mussicom.com\/chefe-da-pf-diz-que-stf-sabera-analisar-conversas-entre-toffoli-e-vorcaro\/"},"modified":"2026-02-12T11:23:15","modified_gmt":"2026-02-12T14:23:15","slug":"chefe-da-pf-diz-que-stf-sabera-analisar-conversas-entre-toffoli-e-vorcaro","status":"publish","type":"post","link":"https:\/\/mussicom.com\/noticias\/chefe-da-pf-diz-que-stf-sabera-analisar-conversas-entre-toffoli-e-vorcaro\/","title":{"rendered":"Chefe da PF diz que STF \u201csaber\u00e1 analisar\u201d conversas entre Toffoli e Vorcaro"},"content":{"rendered":"<p> <br \/>\n<\/p>\n<div id=\"tp-post-content\">\n<p class=\"postParagraph_post-paragraph__juWZN postParagraph_post-paragraph-innerHtml__Q5vwc\">O diretor-geral da Pol\u00edcia Federal, Andrei Rodrigues, afirmou que caber\u00e1 ao Supremo Tribunal Federal (STF) decidir se h\u00e1 motivo para afastar o ministro Dias Toffoli da relatoria das investiga\u00e7\u00f5es sobre o Banco Master ap\u00f3s a descoberta de mensagens do celular do banqueiro Daniel Vorcaro com cita\u00e7\u00f5es ao magistrado. Segundo ele, a an\u00e1lise sobre eventual impedimento \u00e9 exclusiva do Judici\u00e1rio e n\u00e3o compete \u00e0 corpora\u00e7\u00e3o.<\/p>\n<p class=\"postParagraph_post-paragraph__juWZN postParagraph_post-paragraph-innerHtml__Q5vwc\">Isso porque, na v\u00e9spera, veio a p\u00fablico a informa\u00e7\u00e3o de que o pr\u00f3prio Andrei entregou em m\u00e3os ao presidente do STF, Edson Fachin, um dossi\u00ea de quase 200 p\u00e1ginas sobre as mensagens encontradas no celular de Vorcaro envolvendo Toffoli, como conversas entre eles e cita\u00e7\u00f5es de pagamentos e convite para festa. O magistrado negou as informa\u00e7\u00f5es e as chamou de \u201cila\u00e7\u00f5es\u201d.<\/p>\n<p class=\"postParagraph_post-paragraph__juWZN postParagraph_post-paragraph-innerHtml__Q5vwc\">\u201cIsso \u00e9 uma quest\u00e3o t\u00e9cnica. N\u00e3o \u00e9 uma quest\u00e3o legal, jur\u00eddica, e n\u00e3o compete \u00e0 Pol\u00edcia Federal arguir qualquer quest\u00e3o que n\u00e3o seja da sua compet\u00eancia. Isso o pr\u00f3prio Supremo, creio eu, saber\u00e1 analisar, se for o caso de analisar, no momento oportuno\u201d, afirmou Andrei em entrevista ao jornal <em>O Globo<\/em> publicada nesta quinta (12).<\/p>\n<div class=\"postViewMore_post-view-more-container___5wai\" data-mrf-recirculation=\"Post - Veja tamb\u00e9m\">\n<p class=\"gp-styles-module-size-small-afeYRa gp-styles-module-font-family2-afeYRa gp-styles-module-color-secondary-afeYRa gp-styles-module-weight-bold-afeYRa\">VEJA TAMB\u00c9M:<\/p>\n<ul class=\"postViewMore_post-view-more-list__CU_CE\">\n<li class=\"postViewMore_post-view-more-item__2MzRb\">\n<div class=\"postViewMore_post-view-more-image__5gUSe\"><picture class=\"imageDefault_image-container__XGd8_\"><\/picture><\/div>\n<p>Toffoli confirma que foi s\u00f3cio de resort no PR, mas nega ter recebido pagamentos de Vorcaro<\/li>\n<\/ul>\n<\/div>\n<p class=\"postParagraph_post-paragraph__juWZN postParagraph_post-paragraph-innerHtml__Q5vwc\">Andrei Rodrigues tamb\u00e9m negou haver qualquer conflito institucional com Toffoli por causa das decis\u00f5es tomadas desde que assumiu a relatoria do processo, em novembro do ano passado, como a imposi\u00e7\u00e3o de um sigilo absoluto, pedido de acarea\u00e7\u00f5es e centraliza\u00e7\u00e3o de provas, fora do que \u00e9 habitualmente realizado pela Pol\u00edcia Federal.<\/p>\n<p class=\"postParagraph_post-paragraph__juWZN postParagraph_post-paragraph-innerHtml__Q5vwc\">\u201cN\u00e3o h\u00e1 estranhamento nenhum. Cada institui\u00e7\u00e3o tem a sua fun\u00e7\u00e3o, e a autoridade desse processo \u00e9 o ministro relator, que tem o seu entendimento na maneira de conduzir e tomar as decis\u00f5es. O que nos compete \u00e9 cumpri-las ou recorrer, e argumentar pela quest\u00e3o que acharmos t\u00e9cnica\u201d, pontuou.<\/p>\n<p class=\"postParagraph_post-paragraph__juWZN postParagraph_post-paragraph-innerHtml__Q5vwc\">Ele ainda ressaltou que a investiga\u00e7\u00e3o sobre a negocia\u00e7\u00e3o envolvendo o Banco Master e o Banco de Bras\u00edlia (BRB) deve ser conclu\u00edda em at\u00e9 60 dias, dentro da hip\u00f3tese criminal definida na abertura do inqu\u00e9rito. J\u00e1 outros elementos encontrados durante as apura\u00e7\u00f5es poder\u00e3o gerar novas frentes de investiga\u00e7\u00e3o e ser\u00e3o encaminhados ao foro competente.<\/p>\n<p class=\"postParagraph_post-paragraph__juWZN postParagraph_post-paragraph-innerHtml__Q5vwc\">Entre eles est\u00e3o as transa\u00e7\u00f5es suspeitas entre o Master e fundos ligados \u00e0 gestora Reag, que Andrei afirma serem \u201cmais amplas\u201d do que aparentam. Ele defendeu que a Comiss\u00e3o de Valores Mobili\u00e1rios (CVM) tenha atua\u00e7\u00e3o mais firme e afirmou que qualquer ind\u00edcio de envolvimento de pol\u00edtico ser\u00e1 enviado ao STF.<\/p>\n<p class=\"postParagraph_post-paragraph__juWZN postParagraph_post-paragraph-innerHtml__Q5vwc\">\u201c\u00c9 importante separar a eventual rela\u00e7\u00e3o que qualquer pessoa tenha com qualquer outra pessoa e n\u00e3o criminalizar a rela\u00e7\u00e3o de um empres\u00e1rio e de um banqueiro com um pol\u00edtico\u201d, disse. Ele refor\u00e7ou que \u201co fato de as pessoas se relacionarem n\u00e3o \u00e9 crime\u201d e que a investiga\u00e7\u00e3o busca exclusivamente a apura\u00e7\u00e3o de il\u00edcitos.<\/p>\n<p class=\"postParagraph_post-paragraph__juWZN postParagraph_post-paragraph-innerHtml__Q5vwc\">O diretor lembrou ainda que h\u00e1 outro inqu\u00e9rito em curso no STF com foco mais abrangente, envolvendo suspeitas de fraude no sistema financeiro e gest\u00e3o fraudulenta de fundos.<\/p>\n<p class=\"postParagraph_post-paragraph__juWZN postParagraph_post-paragraph-innerHtml__Q5vwc\">\u201c\u00c9 a maior investiga\u00e7\u00e3o contra o sistema financeiro\u201d, afirmou, ressaltando que os valores investigados chegam \u00e0 casa dos bilh\u00f5es.<\/p>\n<\/div>\n<p><br \/>\n<br \/>Fonte: <a href=\"https:\/\/www.gazetadopovo.com.br\/republica\/chefe-pf-stf-sabera-analisar-conversas-toffoli-vorcaro\/\">Revista Oeste<\/a><\/p>\n","protected":false},"excerpt":{"rendered":"<p>O diretor-geral da Pol\u00edcia Federal, Andrei Rodrigues, afirmou que caber\u00e1 ao Supremo Tribunal Federal (STF) decidir se h\u00e1 motivo para afastar o ministro Dias Toffoli da relatoria das investiga\u00e7\u00f5es sobre o Banco Master ap\u00f3s a descoberta de mensagens do celular do banqueiro Daniel Vorcaro com cita\u00e7\u00f5es ao magistrado. Segundo ele, a an\u00e1lise sobre eventual impedimento [&hellip;]<\/p>\n","protected":false},"author":5,"featured_media":62640,"comment_status":"open","ping_status":"open","sticky":false,"template":"","format":"standard","meta":{"_seopress_robots_primary_cat":"","_seopress_titles_title":"","_seopress_titles_desc":"","_seopress_robots_index":"","footnotes":""},"categories":[1],"tags":[],"class_list":["post-62639","post","type-post","status-publish","format-standard","has-post-thumbnail","hentry","category-ultimas-noticias"],"_links":{"self":[{"href":"https:\/\/mussicom.com\/noticias\/wp-json\/wp\/v2\/posts\/62639","targetHints":{"allow":["GET"]}}],"collection":[{"href":"https:\/\/mussicom.com\/noticias\/wp-json\/wp\/v2\/posts"}],"about":[{"href":"https:\/\/mussicom.com\/noticias\/wp-json\/wp\/v2\/types\/post"}],"author":[{"embeddable":true,"href":"https:\/\/mussicom.com\/noticias\/wp-json\/wp\/v2\/users\/5"}],"replies":[{"embeddable":true,"href":"https:\/\/mussicom.com\/noticias\/wp-json\/wp\/v2\/comments?post=62639"}],"version-history":[{"count":0,"href":"https:\/\/mussicom.com\/noticias\/wp-json\/wp\/v2\/posts\/62639\/revisions"}],"wp:featuredmedia":[{"embeddable":true,"href":"https:\/\/mussicom.com\/noticias\/wp-json\/wp\/v2\/media\/62640"}],"wp:attachment":[{"href":"https:\/\/mussicom.com\/noticias\/wp-json\/wp\/v2\/media?parent=62639"}],"wp:term":[{"taxonomy":"category","embeddable":true,"href":"https:\/\/mussicom.com\/noticias\/wp-json\/wp\/v2\/categories?post=62639"},{"taxonomy":"post_tag","embeddable":true,"href":"https:\/\/mussicom.com\/noticias\/wp-json\/wp\/v2\/tags?post=62639"}],"curies":[{"name":"wp","href":"https:\/\/api.w.org\/{rel}","templated":true}]}}