{"id":62631,"date":"2026-02-12T09:32:14","date_gmt":"2026-02-12T12:32:14","guid":{"rendered":"https:\/\/mussicom.com\/exportacao-de-suinos-atinge-recorde-para-janeiro\/"},"modified":"2026-02-12T09:32:14","modified_gmt":"2026-02-12T12:32:14","slug":"exportacao-de-suinos-atinge-recorde-para-janeiro","status":"publish","type":"post","link":"https:\/\/mussicom.com\/noticias\/exportacao-de-suinos-atinge-recorde-para-janeiro\/","title":{"rendered":"Exporta\u00e7\u00e3o de su\u00ednos atinge recorde para janeiro"},"content":{"rendered":"<p> <br \/>\n<\/p>\n<div>\n<div class=\"row\">\n<div class=\"col-lg col-infos mt-0 mt-lg-0\">\n<div class=\"section-sub-title\">\n<p itemprop=\"description\">&#13;<br \/>\n                                Volume escoado no primeiro m\u00eas do ano foi recorde para o per\u00edodo&#13;\n                            <\/p>\n<\/p><\/div>\n<div class=\"container\">\n<div class=\"row\">\n<div class=\"col-lg p-0 text-lg-end\">\n<div>\n<div id=\"mdEnviarPagina\" class=\"modal fade\" role=\"dialog\">\n<div class=\"modal-dialog\">\n<div class=\"modal-content\">\n<div class=\"modal-body\">\n<p><strong>Estimado usu\u00e1rio.<\/strong><br \/>Preencha o formul\u00e1rio abaixo para remeter a p\u00e1gina.<\/p>\n<\/p><\/div>\n<\/p><\/div>\n<\/p><\/div>\n<\/div><\/div>\n<\/p><\/div>\n<\/p><\/div>\n<\/p><\/div>\n<\/p><\/div>\n<\/p><\/div>\n<div class=\"row justify-content-md-center mt-3\">\n<div class=\"col-lg-auto col-image block-news-main-image\">\n<p>                                <br \/>\n                                                <span class=\"publicity-photo d-block mt-1\">Foto: Pixabay<\/span><\/p><\/div>\n<\/p><\/div>\n<div class=\"section-description section-description-noticias mt-3\">\n<p style=\"text-align:justify\">Pesquisadores do Cepea indicam que o setor exportador nacional tem motivos para se lamentar, mas tamb\u00e9m para se animar. Isso porque, embora os embarques de carne su\u00edna tenham recuado em janeiro se comparados aos de dezembro, o volume escoado no primeiro m\u00eas do ano foi recorde para o per\u00edodo.&#13;\n<\/p>\n<p style=\"text-align:justify\">Dados da Secex analisados pelo Cepea mostram que foram embarcadas 115 mil toneladas de carne su\u00edna em janeiro, volume 15% inferior ao de dezembro, quando 136 mil toneladas foram exportadas. Trata-se, inclusive, da maior retra\u00e7\u00e3o mensal para este per\u00edodo desde 2022.&#13;\n<\/p>\n<p style=\"text-align:justify\">Ainda assim, as vendas externas estiveram bem acima das 104 mil toneladas registradas em janeiro\/25 (avan\u00e7o de 10%), sendo tamb\u00e9m o maior volume para o m\u00eas, considerando-se a s\u00e9rie hist\u00f3ria da Secex, iniciada em 1997. Segundo pesquisadores do Cepea, o resultado obtido em janeiro refor\u00e7a a expectativa de que as exporta\u00e7\u00f5es brasileiras de carne su\u00edna possam, por mais um ano, registrar quantidades recordes.&#13;\n<\/p>\n<\/p><\/div>\n<\/p><\/div>\n<p><script data-cfasync=\"false\">\n    !function (f, b, e, v, n, t, s) {\n        if (f.fbq) return; n = f.fbq = function () {\n            n.callMethod ?\n                n.callMethod.apply(n, arguments) : n.queue.push(arguments)\n        };\n        if (!f._fbq) f._fbq = n; n.push = n; n.loaded = !0; n.version = '2.0';\n        n.queue = []; t = b.createElement(e); t.async = !0;\n        t.src = v; s = b.getElementsByTagName(e)[0];\n        s.parentNode.insertBefore(t, s)\n    }(window, document, 'script',\n        'https:\/\/connect.facebook.net\/en_US\/fbevents.js');\n    fbq('init', '522546078623747');\n    fbq('track', 'PageView');\n<\/script><br \/>\n<br \/><br \/>\n<br \/>Fonte: <a href=\"https:\/\/www.agrolink.com.br\/noticias\/exportacao-de-suinos-atinge-recorde-para-janeiro_510887.html\">AGROLINK<\/a><\/p>\n","protected":false},"excerpt":{"rendered":"<p>&#13; Volume escoado no primeiro m\u00eas do ano foi recorde para o per\u00edodo&#13; Estimado usu\u00e1rio.Preencha o formul\u00e1rio abaixo para remeter a p\u00e1gina. Foto: Pixabay Pesquisadores do Cepea indicam que o setor exportador nacional tem motivos para se lamentar, mas tamb\u00e9m para se animar. Isso porque, embora os embarques de carne su\u00edna tenham recuado em janeiro [&hellip;]<\/p>\n","protected":false},"author":5,"featured_media":39188,"comment_status":"open","ping_status":"open","sticky":false,"template":"","format":"standard","meta":{"_seopress_robots_primary_cat":"","_seopress_titles_title":"","_seopress_titles_desc":"","_seopress_robots_index":"","footnotes":""},"categories":[53],"tags":[],"class_list":["post-62631","post","type-post","status-publish","format-standard","has-post-thumbnail","hentry","category-agronegocio"],"_links":{"self":[{"href":"https:\/\/mussicom.com\/noticias\/wp-json\/wp\/v2\/posts\/62631","targetHints":{"allow":["GET"]}}],"collection":[{"href":"https:\/\/mussicom.com\/noticias\/wp-json\/wp\/v2\/posts"}],"about":[{"href":"https:\/\/mussicom.com\/noticias\/wp-json\/wp\/v2\/types\/post"}],"author":[{"embeddable":true,"href":"https:\/\/mussicom.com\/noticias\/wp-json\/wp\/v2\/users\/5"}],"replies":[{"embeddable":true,"href":"https:\/\/mussicom.com\/noticias\/wp-json\/wp\/v2\/comments?post=62631"}],"version-history":[{"count":0,"href":"https:\/\/mussicom.com\/noticias\/wp-json\/wp\/v2\/posts\/62631\/revisions"}],"wp:featuredmedia":[{"embeddable":true,"href":"https:\/\/mussicom.com\/noticias\/wp-json\/wp\/v2\/media\/39188"}],"wp:attachment":[{"href":"https:\/\/mussicom.com\/noticias\/wp-json\/wp\/v2\/media?parent=62631"}],"wp:term":[{"taxonomy":"category","embeddable":true,"href":"https:\/\/mussicom.com\/noticias\/wp-json\/wp\/v2\/categories?post=62631"},{"taxonomy":"post_tag","embeddable":true,"href":"https:\/\/mussicom.com\/noticias\/wp-json\/wp\/v2\/tags?post=62631"}],"curies":[{"name":"wp","href":"https:\/\/api.w.org\/{rel}","templated":true}]}}