{"id":62509,"date":"2026-02-11T17:04:19","date_gmt":"2026-02-11T20:04:19","guid":{"rendered":"https:\/\/mussicom.com\/imersao-na-fiocruz-inspira-meninas-a-seguir-carreira-cientifica\/"},"modified":"2026-02-11T17:04:19","modified_gmt":"2026-02-11T20:04:19","slug":"imersao-na-fiocruz-inspira-meninas-a-seguir-carreira-cientifica","status":"publish","type":"post","link":"https:\/\/mussicom.com\/noticias\/imersao-na-fiocruz-inspira-meninas-a-seguir-carreira-cientifica\/","title":{"rendered":"Imers\u00e3o na Fiocruz inspira meninas a seguir carreira cient\u00edfica"},"content":{"rendered":"<p> <br \/>\n<\/p>\n<div>\n<p>Ainda crian\u00e7a, a estudante Ra\u00edssa Cristine de Medeiros Ferreira, hoje com 17 anos, recebeu um ultimato da m\u00e3e:<img decoding=\"async\" src=\"https:\/\/agenciabrasil.ebc.com.br\/ebc.gif?id=1677928&amp;o=node\" style=\"width:1px; height:1px; display:inline;\"\/><\/p>\n<p>&#8220;Eu tinha a mania de ficar misturando as coisas em casa pra ver o que ia acontecer. A\u00ed, a minha m\u00e3e me chamava de cientista maluca. Ela falou: &#8216;Quando voc\u00ea crescer, eu vou te for\u00e7ar a fazer um curso de qu\u00edmica&#8217;. E ela for\u00e7ou mesmo&#8221;, lembra, aos risos.<\/p>\n<p>Prestes a concluir o ensino m\u00e9dio com t\u00e9cnico em Qu\u00edmica, no Instituto Federal do Rio de Janeiro, no campus de\u00a0Duque de Caxias, ela realmente vislumbra se tornar uma cientista, e n\u00e3o h\u00e1 nenhuma maluquice nisso.<\/p>\n<p>Ra\u00edssa \u00e9 a express\u00e3o de um movimento celebrado em todo o mundo neste dia 11 de fevereiro, o Dia Internacional das Mulheres e Meninas na Ci\u00eancias.<\/p>\n<p>&gt;&gt; Siga o canal da<strong> Ag\u00eancia Brasil <\/strong>no WhatsApp<\/p>\n<p>Criada em 2015\u00a0pela Organiza\u00e7\u00e3o das Na\u00e7\u00f5es Unidas, <strong>a data tem o objetivo de chamar a aten\u00e7\u00e3o para a desigualdade de g\u00eanero nas chamadas \u00e1reas de ci\u00eancia, tecnologia, engenharia e matem\u00e1tica (<em>Stem<\/em>,\u00a0na sigla em ingl\u00eas),\u00a0historicamente dominadas por homens.<\/strong><\/p>\n<p>\u00a0<\/p>\n<div class=\"dnd-widget-wrapper context-cheio_8colunas type-image\">\n<div class=\"dnd-atom-rendered\"><!-- scald=452585:cheio_8colunas --><br \/>\n            <img decoding=\"async\" src=\"https:\/\/imagens.ebc.com.br\/v3X_qiU4fA2foFAJqyZ1VO_aYcE=\/754x0\/smart\/https:\/\/agenciabrasil.ebc.com.br\/sites\/default\/files\/thumbnails\/image\/2026\/02\/10\/_rbr0257.jpg?itok=-4N4Njq-\" alt=\"Rio de Janeiro (RJ), 10\/02\/2026 - Alunas do ensino m\u00e9dio participam de programa em que a Fiocruz abre as portas para 150 alunas no Dia Internacional das Meninas e Mulheres na Ci\u00eancia, na sede da Fiocruz, em Manguinhos, zona norte da cidade.  Foto: T\u00e2nia R\u00eago\/Ag\u00eancia Brasil\" title=\"T\u00e2nia R\u00eago\/Ag\u00eancia Brasil\"\/><br \/>\n        <img decoding=\"async\" src=\"https:\/\/imagens.ebc.com.br\/v3X_qiU4fA2foFAJqyZ1VO_aYcE=\/754x0\/smart\/https:\/\/agenciabrasil.ebc.com.br\/sites\/default\/files\/thumbnails\/image\/2026\/02\/10\/_rbr0257.jpg?itok=-4N4Njq-\" alt=\"Rio de Janeiro (RJ), 10\/02\/2026 - Alunas do ensino m\u00e9dio participam de programa em que a Fiocruz abre as portas para 150 alunas no Dia Internacional das Meninas e Mulheres na Ci\u00eancia, na sede da Fiocruz, em Manguinhos, zona norte da cidade.  Foto: T\u00e2nia R\u00eago\/Ag\u00eancia Brasil\" title=\"T\u00e2nia R\u00eago\/Ag\u00eancia Brasil\"\/><br \/>\n    <!-- END scald=452585 --><\/div>\n<p><h6 class=\"meta\">\u00a0Da esquerda para a direita, Sulamita do Nascimento Morais, Ra\u00edssa Cristine de Medeiros Ferreira, Beatriz Ant\u00f4nio da Silva\u00a0e Duane de Souza Foto: T\u00e2nia R\u00eago\/Ag\u00eancia Brasil<!--END copyright=452585--><\/h6>\n<\/p>\n<\/div>\n<h2>Dentro da Fiocruz<\/h2>\n<p>Isso deu in\u00edcio a um movimento\u00a0seguido por diversas institui\u00e7\u00f5es cient\u00edficas, como a Funda\u00e7\u00e3o Oswaldo Cruz (Fiocruz), que, desde 2020, oferece uma imers\u00e3o de ver\u00e3o para estudantes de ensino m\u00e9dio.<\/p>\n<p>Ra\u00edssa participou pela primeira vez em 2025, e gostou tanto que repetiu a dose este ano, e ainda levou uma amiga. Beatriz Ant\u00f4nio da Silva, tamb\u00e9m tem 17 anos e estuda no mesmo instituto federal<\/p>\n<p>Assim como Ra\u00edssa, come\u00e7ou a se interessar pela\u00a0carreira cient\u00edfica ap\u00f3s o convite de uma professora de f\u00edsica, que desenvolve um projeto no instituto para estimular a entrada de meninas negras na \u00e1rea.<\/p>\n<p>&#8220;Ela \u00e9 uma boa contadora de hist\u00f3rias. E ela sempre falava como foi dif\u00edcil, porque ela era uma das \u00fanicas mulheres na sala da faculdade, e foi negligenciada e sempre sofreu muito preconceito. Ent\u00e3o, ela quer abrir portas para a gente&#8221;, conta Beatriz.<\/p>\n<p>\u00a0<\/p>\n<div class=\"dnd-widget-wrapper context-cheio_8colunas type-image\">\n<div class=\"dnd-atom-rendered\"><!-- scald=452581:cheio_8colunas --><br \/>\n            <img decoding=\"async\" src=\"https:\/\/imagens.ebc.com.br\/QDOeMbWe0pdX4jzulxKC5OirD9E=\/754x0\/smart\/https:\/\/agenciabrasil.ebc.com.br\/sites\/default\/files\/thumbnails\/image\/2026\/02\/10\/_rbr0035.jpg?itok=0-X5nS9T\" alt=\"Rio de Janeiro (RJ), 10\/02\/2026 - Beatris Duqueviz, coordenadora adjunta do Programa Meninas e Mulheres na Ci\u00eancia (PMMC). Fiocruz abre as portas para 150 alunas no Dia Internacional das Meninas e Mulheres na Ci\u00eancia, na sede da Fiocruz, em Manguinhos, zona norte da cidade.  Foto: T\u00e2nia R\u00eago\/Ag\u00eancia Brasil\" title=\"T\u00e2nia R\u00eago\/Ag\u00eancia Brasil\"\/><br \/>\n        <img decoding=\"async\" src=\"https:\/\/imagens.ebc.com.br\/QDOeMbWe0pdX4jzulxKC5OirD9E=\/754x0\/smart\/https:\/\/agenciabrasil.ebc.com.br\/sites\/default\/files\/thumbnails\/image\/2026\/02\/10\/_rbr0035.jpg?itok=0-X5nS9T\" alt=\"Rio de Janeiro (RJ), 10\/02\/2026 - Beatris Duqueviz, coordenadora adjunta do Programa Meninas e Mulheres na Ci\u00eancia (PMMC). Fiocruz abre as portas para 150 alunas no Dia Internacional das Meninas e Mulheres na Ci\u00eancia, na sede da Fiocruz, em Manguinhos, zona norte da cidade.  Foto: T\u00e2nia R\u00eago\/Ag\u00eancia Brasil\" title=\"T\u00e2nia R\u00eago\/Ag\u00eancia Brasil\"\/><br \/>\n    <!-- END scald=452581 --><\/div>\n<div class=\"dnd-caption-wrapper\">\n<p>Beatris Duqueviz, coordenadora-adjunta do Programa Meninas e Mulheres na Ci\u00eancia (PMMC). Foto: T\u00e2nia R\u00eago\/Ag\u00eancia Brasil<!--END copyright=452581--><\/p>\n<\/div>\n<\/div>\n<p>Esse esfor\u00e7o de cientistas mulheres para abrir o caminho para outras n\u00e3o \u00e9 novidade para Beatriz Duqueviz, analista de gest\u00e3o em sa\u00fade p\u00fablica, que integra a coordena\u00e7\u00e3o do Programa Mulheres e Meninas na Ci\u00eancia da institui\u00e7\u00e3o.<\/p>\n<p>&#8220;A Fiocruz \u00e9 uma institui\u00e7\u00e3o centen\u00e1ria, e s\u00f3 se pensou nesse programa na gest\u00e3o da N\u00edsia Trindade (ex-presidente da Funda\u00e7\u00e3o e ex-ministra da Sa\u00fade, primeira mulher em ambos os cargos). Ent\u00e3o, a import\u00e2ncia de mulheres ocuparem esse espa\u00e7o \u00e9 pela diversidade, mas tamb\u00e9m pela sensibilidade e pela luta.&#8221;<\/p>\n<p>Beatriz Duqueviz explica que o programa da funda\u00e7\u00e3o atua em tr\u00eas frentes: reconhecimento e valoriza\u00e7\u00e3o das cientistas mulheres; pesquisas sobre g\u00eanero; e est\u00edmulo ao interesse pela ci\u00eancia entre meninas<\/p>\n<p>Segundo Beatriz, elas s\u00e3o desestimuladas desde o in\u00edcio da inf\u00e2ncia e, quando crescem, principalmente as meninas mais pobres,\u00a0acabam tendo que dividir a aten\u00e7\u00e3o dos estudos com os trabalhos dom\u00e9sticos.\u00a0<\/p>\n<h2>Tr\u00eas dias de imers\u00e3o<\/h2>\n<p><strong>Na imers\u00e3o de ver\u00e3o deste ano, 150 alunas de diversos locais da Regi\u00e3o Metropolitana do Rio de Janeiro foram selecionadas para passar tr\u00eas dias conhecendo os trabalhos e em contato com pesquisadoras de 13 unidades da Funda\u00e7\u00e3o.<\/strong><\/p>\n<p>Duane de Souza, de 17 anos, que mora em Bangu, na Zona Oeste da capital, ficou sabendo da sele\u00e7\u00e3o p\u00fablica para o programa ap\u00f3s ver um post nas redes sociais.<\/p>\n<p>&#8220;Eu j\u00e1 sei que quero fazer biologia. Mas a biologia abre portas para diversas coisas, ent\u00e3o eu pensei que aqui eu poderia ter uma luz de que \u00e1rea seguir. E realmente eu tive uma luz. Antes, eu achava que fazer pesquisa era uma coisa muito complicada, mas aqui eu percebi que n\u00e3o \u00e9 exatamente assim&#8221;, conta ela, que estuda no Instituto Federal do Rio de Janeiro, no Campus Maracan\u00e3, na Zona Norte,<\/p>\n<p>Beatriz Duqueviz explica que a programa\u00e7\u00e3o \u00e9 pensada para apresentar a ci\u00eancia real \u00e0s estudantes, muito diferente dos estere\u00f3tipos:<\/p>\n<blockquote>\n<p>&#8220;Voc\u00ea n\u00e3o precisa nascer um g\u00eanio para ser cientista. O que voc\u00ea precisa \u00e9 ter curiosidade e disciplina para buscar respostas. A gente quer que essas meninas tenham uma compreens\u00e3o ampliada da ci\u00eancia, para estimular que elas busquem carreiras cient\u00edficas&#8221;.<\/p>\n<\/blockquote>\n<p>Por isso, as estudantes percorrem laborat\u00f3rios com microsc\u00f3pios e provetas, usualmente entendidos como o local de trabalho de um cientista, mas tamb\u00e9m t\u00eam a oportunidade de conhecer espa\u00e7os como o Laborat\u00f3rio de Conserva\u00e7\u00e3o Preventiva, que se dedica \u00e0 recupera\u00e7\u00e3o e preserva\u00e7\u00e3o do patrim\u00f4nio hist\u00f3rico da Fiocruz, ou a Revista Cadernos de Sa\u00fade P\u00fablica, uma das publica\u00e7\u00f5es cient\u00edficas da funda\u00e7\u00e3o.<\/p>\n<p>A co-editora chefe da revista Luciana Dias de Lima\u00a0acredita que isso \u00e9 essencial para que as estudantes compreendam as muitas dimens\u00f5es do trabalho cient\u00edfico\u00a0que, muitas vezes, \u00e9 resultado do esfor\u00e7o coletivo e multidisciplinar. Na revista, atualmente, tr\u00eas pesquisadoras chefiam a publica\u00e7\u00e3o como co-editoras chefes.<\/p>\n<p>\u00a0<\/p>\n<div class=\"dnd-widget-wrapper context-cheio_8colunas type-image\">\n<div class=\"dnd-atom-rendered\"><!-- scald=452583:cheio_8colunas --><br \/>\n            <img decoding=\"async\" src=\"https:\/\/imagens.ebc.com.br\/NIaVvKhYT7w6Q1yjMMII5GVl0mA=\/754x0\/smart\/https:\/\/agenciabrasil.ebc.com.br\/sites\/default\/files\/thumbnails\/image\/2026\/02\/10\/_rbr0087.jpg?itok=rjDG-ZYg\" alt=\"Rio de Janeiro (RJ), 10\/02\/2026 - Fiocruz abre as portas para 150 alunas no Dia Internacional das Meninas e Mulheres na Ci\u00eancia, na sede da Fiocruz, em Manguinhos, zona norte da cidade.  Foto: T\u00e2nia R\u00eago\/Ag\u00eancia Brasil\" title=\"T\u00e2nia R\u00eago\/Ag\u00eancia Brasil\"\/><br \/>\n        <img decoding=\"async\" src=\"https:\/\/imagens.ebc.com.br\/NIaVvKhYT7w6Q1yjMMII5GVl0mA=\/754x0\/smart\/https:\/\/agenciabrasil.ebc.com.br\/sites\/default\/files\/thumbnails\/image\/2026\/02\/10\/_rbr0087.jpg?itok=rjDG-ZYg\" alt=\"Rio de Janeiro (RJ), 10\/02\/2026 - Fiocruz abre as portas para 150 alunas no Dia Internacional das Meninas e Mulheres na Ci\u00eancia, na sede da Fiocruz, em Manguinhos, zona norte da cidade.  Foto: T\u00e2nia R\u00eago\/Ag\u00eancia Brasil\" title=\"T\u00e2nia R\u00eago\/Ag\u00eancia Brasil\"\/><br \/>\n    <!-- END scald=452583 --><\/div>\n<p><h6 class=\"meta\">Fiocruz abre as portas para 150 alunas no Dia Internacional das Meninas e Mulheres na Ci\u00eancia, na sede da Fiocruz, em Manguinhos, zona norte da cidade. Foto: T\u00e2nia R\u00eago\/Ag\u00eancia Brasil\u00a0<!--END copyright=452583--><\/h6>\n<\/p>\n<\/div>\n<p>&#8220;Alcan\u00e7ar postos mais altos na carreira ainda \u00e9 um desafio. Principalmente porque n\u00f3s, mulheres, enfrentamos a necessidade de atuar em outras \u00e1reas. A gente sempre tem que compartilhar o hor\u00e1rio de trabalho, com v\u00e1rias outras atribui\u00e7\u00f5es, como cuidado com a fam\u00edlia. Fora os estere\u00f3tipos de qual \u00e9 o &#8216;nosso lugar'&#8221;.<\/p>\n<p>Felizmente, Sulamita do Nascimento Morais j\u00e1 sabe, aos 17 anos, que o seu lugar \u00e9 onde ela quiser. Moradora e estudante de uma escola estadual no M\u00e9ier, na Zona Norte da capital, ela tamb\u00e9m \u00e9 bolsista de inicia\u00e7\u00e3o cient\u00edfica em uma universidade e j\u00e1 participou de diversas atividades de est\u00edmulo \u00e0 ci\u00eancia para meninas.<\/p>\n<p>&#8220;Hoje, eu sei que eu quero estudar ci\u00eancia\u00a0da computa\u00e7\u00e3o, mas antes eu nem sabia sobre tecnologia&#8230; At\u00e9 porque, infelizmente, na nossa sociedade, ainda tem esse tabu de que tecnologia \u00e9 mais coisa de menino. Ent\u00e3o, atrav\u00e9s desses projetos e da imers\u00e3o, eu pude ver que d\u00e1, sim, pra voc\u00ea seguir esses trabalhos, se impor e ter voz sendo mulher&#8221;.<\/p>\n<p>\u00a0<\/p>\n<div class=\"dnd-widget-wrapper context-cheio_8colunas type-image\">\n<div class=\"dnd-atom-rendered\"><!-- scald=452589:cheio_8colunas --><br \/>\n            <img decoding=\"async\" src=\"https:\/\/imagens.ebc.com.br\/uDeorv48Oki9b1eySKbgEOqa-G0=\/754x0\/smart\/https:\/\/agenciabrasil.ebc.com.br\/sites\/default\/files\/thumbnails\/image\/2026\/02\/10\/_rbr9998.jpg?itok=mQgxIgdy\" alt=\"Rio de Janeiro (RJ), 10\/02\/2026 - Fiocruz abre as portas para 150 alunas no Dia Internacional das Meninas e Mulheres na Ci\u00eancia, na sede da Fiocruz, em Manguinhos, zona norte da cidade.  Foto: T\u00e2nia R\u00eago\/Ag\u00eancia Brasil\" title=\"T\u00e2nia R\u00eago\/Ag\u00eancia Brasil\"\/><br \/>\n        <img decoding=\"async\" src=\"https:\/\/imagens.ebc.com.br\/uDeorv48Oki9b1eySKbgEOqa-G0=\/754x0\/smart\/https:\/\/agenciabrasil.ebc.com.br\/sites\/default\/files\/thumbnails\/image\/2026\/02\/10\/_rbr9998.jpg?itok=mQgxIgdy\" alt=\"Rio de Janeiro (RJ), 10\/02\/2026 - Fiocruz abre as portas para 150 alunas no Dia Internacional das Meninas e Mulheres na Ci\u00eancia, na sede da Fiocruz, em Manguinhos, zona norte da cidade.  Foto: T\u00e2nia R\u00eago\/Ag\u00eancia Brasil\" title=\"T\u00e2nia R\u00eago\/Ag\u00eancia Brasil\"\/><br \/>\n    <!-- END scald=452589 --><\/div>\n<p><h6 class=\"meta\">Fiocruz abre as portas para 150 alunas no Dia Internacional das Meninas e Mulheres na Ci\u00eancia, na sede da Fiocruz, em Manguinhos, zona norte da cidade. Foto: T\u00e2nia R\u00eago\/Ag\u00eancia Brasil<!--END copyright=452589--><\/h6>\n<\/p>\n<\/div>\n<p>      <!-- Relacionada --><\/p>\n<p>            <!-- Relacionada -->\n    <\/div>\n<p><br \/>\n<br \/>Fonte: <a href=\"https:\/\/agenciabrasil.ebc.com.br\/educacao\/noticia\/2026-02\/imersao-na-fiocruz-inspira-meninas-seguir-carreira-cientifica\">Ag\u00eancia Brasil<\/a><\/p>\n","protected":false},"excerpt":{"rendered":"<p>Ainda crian\u00e7a, a estudante Ra\u00edssa Cristine de Medeiros Ferreira, hoje com 17 anos, recebeu um ultimato da m\u00e3e: &#8220;Eu tinha a mania de ficar misturando as coisas em casa pra ver o que ia acontecer. A\u00ed, a minha m\u00e3e me chamava de cientista maluca. Ela falou: &#8216;Quando voc\u00ea crescer, eu vou te for\u00e7ar a fazer [&hellip;]<\/p>\n","protected":false},"author":5,"featured_media":62510,"comment_status":"open","ping_status":"open","sticky":false,"template":"","format":"standard","meta":{"_seopress_robots_primary_cat":"","_seopress_titles_title":"","_seopress_titles_desc":"","_seopress_robots_index":"","footnotes":""},"categories":[44],"tags":[],"class_list":["post-62509","post","type-post","status-publish","format-standard","has-post-thumbnail","hentry","category-educacao"],"_links":{"self":[{"href":"https:\/\/mussicom.com\/noticias\/wp-json\/wp\/v2\/posts\/62509","targetHints":{"allow":["GET"]}}],"collection":[{"href":"https:\/\/mussicom.com\/noticias\/wp-json\/wp\/v2\/posts"}],"about":[{"href":"https:\/\/mussicom.com\/noticias\/wp-json\/wp\/v2\/types\/post"}],"author":[{"embeddable":true,"href":"https:\/\/mussicom.com\/noticias\/wp-json\/wp\/v2\/users\/5"}],"replies":[{"embeddable":true,"href":"https:\/\/mussicom.com\/noticias\/wp-json\/wp\/v2\/comments?post=62509"}],"version-history":[{"count":0,"href":"https:\/\/mussicom.com\/noticias\/wp-json\/wp\/v2\/posts\/62509\/revisions"}],"wp:featuredmedia":[{"embeddable":true,"href":"https:\/\/mussicom.com\/noticias\/wp-json\/wp\/v2\/media\/62510"}],"wp:attachment":[{"href":"https:\/\/mussicom.com\/noticias\/wp-json\/wp\/v2\/media?parent=62509"}],"wp:term":[{"taxonomy":"category","embeddable":true,"href":"https:\/\/mussicom.com\/noticias\/wp-json\/wp\/v2\/categories?post=62509"},{"taxonomy":"post_tag","embeddable":true,"href":"https:\/\/mussicom.com\/noticias\/wp-json\/wp\/v2\/tags?post=62509"}],"curies":[{"name":"wp","href":"https:\/\/api.w.org\/{rel}","templated":true}]}}