{"id":62464,"date":"2026-02-11T13:06:14","date_gmt":"2026-02-11T16:06:14","guid":{"rendered":"https:\/\/mussicom.com\/momento-e-de-calibragem-da-politica-monetaria-diz-presidente-do-bc\/"},"modified":"2026-02-11T13:06:14","modified_gmt":"2026-02-11T16:06:14","slug":"momento-e-de-calibragem-da-politica-monetaria-diz-presidente-do-bc","status":"publish","type":"post","link":"https:\/\/mussicom.com\/noticias\/momento-e-de-calibragem-da-politica-monetaria-diz-presidente-do-bc\/","title":{"rendered":"Momento \u00e9 de calibragem da pol\u00edtica monet\u00e1ria, diz presidente do BC"},"content":{"rendered":"<p> <br \/>\n<\/p>\n<div>\n<p><strong>O presidente do Banco Central, Gabriel Gal\u00edpolo, disse hoje (11), em S\u00e3o Paulo, que a pol\u00edtica monet\u00e1ria est\u00e1 em uma fase de calibragem dentro de um cen\u00e1rio que ainda exige bastante cautela.<\/strong><img decoding=\"async\" src=\"https:\/\/agenciabrasil.ebc.com.br\/ebc.gif?id=1677843&amp;o=node\" style=\"width:1px; height:1px; display:inline;\"\/><\/p>\n<p>\u201cVolto aqui a enfatizar que a palavra-chave \u00e9 essa, a calibragem, esse ajuste da pol\u00edtica monet\u00e1ria a partir de mar\u00e7o, justamente para a gente poder reunir mais confian\u00e7a para iniciar esse ciclo\u201d, disse ele, durante o CEO Conference Brasil 2026, evento promovido pelo BTG Pactual.<\/p>\n<blockquote>\n<p>\u201cNeste ambiente onde voc\u00ea tem menos confian\u00e7a, dado o tamanho da incerteza em proje\u00e7\u00f5es, a atitude do Copom (Comit\u00ea de Pol\u00edtica Monet\u00e1ria) foi ser mais conservador ao esperar 45 dias para que a gente possa iniciar esse ciclo com maior confian\u00e7a\u201d, acrescentou.<\/p>\n<\/blockquote>\n<p>Em janeiro, o Banco Central manteve a Selic em 15% ao ano (<u>https:\/\/agenciabrasil.ebc.com.br\/economia\/noticia\/2026-01\/bc-mantem-juros-basicos-em-15-ao-ano-por-quinta-vez-seguida<\/u>), mas sinalizou a inten\u00e7\u00e3o de iniciar o ciclo de cortes em mar\u00e7o caso\u00a0a infla\u00e7\u00e3o se mantenha sob controle e n\u00e3o haja surpresas no cen\u00e1rio econ\u00f4mico.<\/p>\n<p>&gt;&gt; Siga o canal da <strong>Ag\u00eancia Brasil <\/strong>no WhatsApp<\/p>\n<h2>Compara\u00e7\u00e3o<\/h2>\n<p>Durante o evento, Gal\u00edpolo evitou falar sobre expectativas e defendeu que o Banco Central precisa ter serenidade para tomar decis\u00f5es ao longo do ano.<\/p>\n<p><strong>\u201cO que significa serenidade? Significa que o Banco Central est\u00e1 mais para um transatl\u00e2ntico do que para um <em>jet ski<\/em>. Ele n\u00e3o pode fazer grandes movimentos e mudan\u00e7as, ele se move de uma maneira mais comedida e segura\u201d, argumentou.<\/strong><\/p>\n<p>Se o Banco Central trabalha atualmente com calibragem, Gal\u00edpolo ressaltou que, para os pr\u00f3ximos anos, a palavra que vai nortear os rumos da institui\u00e7\u00e3o ser\u00e1 \u201cestabilidade\u201d.<\/p>\n<blockquote>\n<p>\u201cA palavra-chave dos pr\u00f3ximos anos do Banco Central \u00e9 estabilidade. Nosso mandato \u00e9 estabilidade monet\u00e1ria e estabilidade financeira. A palavra que vai dar \u00eanfase no nosso mandato \u00e9 estabilidade. Por isso, at\u00e9 brinquei que o novo logo dessa agenda ser\u00e1 um quadrado vazado, porque o quadrado \u00e9 o arqu\u00e9tipo junguiano da estabilidade e ele ser\u00e1 vazado porque queremos dar transpar\u00eancia para isso\u201d, disse.<\/p>\n<\/blockquote>\n<h2>Caso Master<\/h2>\n<p><strong>Durante a entrevista, o presidente do Banco Central fez elogios \u00e0 atua\u00e7\u00e3o da Pol\u00edcia Federal nas investiga\u00e7\u00f5es sobre a gest\u00e3o fraudulenta do Banco Master. Ele tamb\u00e9m elogiou o diretor da Pol\u00edcia Federal, Andrei Rodrigues, o Minist\u00e9rio P\u00fablico, o mercado financeiro e a imprensa sobre a condu\u00e7\u00e3o do caso.<\/strong><\/p>\n<p>\u201cDesde o primeiro momento, ali quando a gente percebeu que era um tema que extrapolava o tema de supervis\u00e3o banc\u00e1ria e que demandava a gente fazer as comunica\u00e7\u00f5es e envolver a Pol\u00edcia Federal e o Minist\u00e9rio P\u00fablico, houve coragem e capacidade t\u00e9cnica do Andrei [Rodrigues]. A Pol\u00edcia Federal foi diligente, corajosa e t\u00e9cnica nesse processo\u201d, ressaltou.<\/p>\n<h2>Ataques<\/h2>\n<p><strong>\u201cTamb\u00e9m tivemos, no meio do ano, uma s\u00e9rie de ataques [direcionados ao BC], inicialmente identificados como ciberataques, que demandaram uma resposta r\u00e1pida e ativa do BC. E, para isso, foi essencial contar com a parceria das principais institui\u00e7\u00f5es e do mercado para que fiz\u00e9ssemos isso na dosagem correta\u201d, acrescentou.<\/strong><\/p>\n<p>Ao final, Gal\u00edpolo defendeu o aprimoramento dos instrumentos de fiscaliza\u00e7\u00e3o do Banco Central para evitar novas situa\u00e7\u00f5es de fraudes no sistema financeiro brasileiro.<\/p>\n<p><strong>\u201cO que a gente precisa \u00e9 estar aprimorando e melhorando para que n\u00e3o voltem a ocorrer os mesmos erros. Jogar a luz do sol \u00e9 sempre o melhor desinfetante em um processo como esse\u201d, finalizou.<\/strong><\/p>\n<p>      <!-- Relacionada --><\/p>\n<p>            <!-- Relacionada -->\n    <\/div>\n<p><br \/>\n<br \/>Fonte: <a href=\"https:\/\/agenciabrasil.ebc.com.br\/economia\/noticia\/2026-02\/momento-e-de-calibragem-da-politica-monetaria-diz-presidente-do-bc\">Gazeta do Povo<\/a><\/p>\n","protected":false},"excerpt":{"rendered":"<p>O presidente do Banco Central, Gabriel Gal\u00edpolo, disse hoje (11), em S\u00e3o Paulo, que a pol\u00edtica monet\u00e1ria est\u00e1 em uma fase de calibragem dentro de um cen\u00e1rio que ainda exige bastante cautela. \u201cVolto aqui a enfatizar que a palavra-chave \u00e9 essa, a calibragem, esse ajuste da pol\u00edtica monet\u00e1ria a partir de mar\u00e7o, justamente para a [&hellip;]<\/p>\n","protected":false},"author":5,"featured_media":47815,"comment_status":"open","ping_status":"open","sticky":false,"template":"","format":"standard","meta":{"_seopress_robots_primary_cat":"","_seopress_titles_title":"","_seopress_titles_desc":"","_seopress_robots_index":"","footnotes":""},"categories":[45],"tags":[],"class_list":["post-62464","post","type-post","status-publish","format-standard","has-post-thumbnail","hentry","category-economia"],"_links":{"self":[{"href":"https:\/\/mussicom.com\/noticias\/wp-json\/wp\/v2\/posts\/62464","targetHints":{"allow":["GET"]}}],"collection":[{"href":"https:\/\/mussicom.com\/noticias\/wp-json\/wp\/v2\/posts"}],"about":[{"href":"https:\/\/mussicom.com\/noticias\/wp-json\/wp\/v2\/types\/post"}],"author":[{"embeddable":true,"href":"https:\/\/mussicom.com\/noticias\/wp-json\/wp\/v2\/users\/5"}],"replies":[{"embeddable":true,"href":"https:\/\/mussicom.com\/noticias\/wp-json\/wp\/v2\/comments?post=62464"}],"version-history":[{"count":0,"href":"https:\/\/mussicom.com\/noticias\/wp-json\/wp\/v2\/posts\/62464\/revisions"}],"wp:featuredmedia":[{"embeddable":true,"href":"https:\/\/mussicom.com\/noticias\/wp-json\/wp\/v2\/media\/47815"}],"wp:attachment":[{"href":"https:\/\/mussicom.com\/noticias\/wp-json\/wp\/v2\/media?parent=62464"}],"wp:term":[{"taxonomy":"category","embeddable":true,"href":"https:\/\/mussicom.com\/noticias\/wp-json\/wp\/v2\/categories?post=62464"},{"taxonomy":"post_tag","embeddable":true,"href":"https:\/\/mussicom.com\/noticias\/wp-json\/wp\/v2\/tags?post=62464"}],"curies":[{"name":"wp","href":"https:\/\/api.w.org\/{rel}","templated":true}]}}