{"id":62422,"date":"2026-02-11T09:06:28","date_gmt":"2026-02-11T12:06:28","guid":{"rendered":"https:\/\/mussicom.com\/lula-defende-educacao-para-o-combate-a-violencia-contra-mulher\/"},"modified":"2026-02-11T09:06:28","modified_gmt":"2026-02-11T12:06:28","slug":"lula-defende-educacao-para-o-combate-a-violencia-contra-mulher","status":"publish","type":"post","link":"https:\/\/mussicom.com\/noticias\/lula-defende-educacao-para-o-combate-a-violencia-contra-mulher\/","title":{"rendered":"Lula defende educa\u00e7\u00e3o para o combate \u00e0 viol\u00eancia contra mulher"},"content":{"rendered":"<p> <br \/>\n<\/p>\n<div id=\"texto\">\n<p>O presidente Luiz In\u00e1cio Lula da Silva\u00a0defendeu nesta segunda-feira (9)\u00a0a educa\u00e7\u00e3o como parte do compromisso de combate \u00e0 viol\u00eancia contra a mulher, durante entrega de ambul\u00e2ncias e assinatura de conv\u00eanios nas \u00e1reas de educa\u00e7\u00e3o e sa\u00fade na cidade de Mau\u00e1, no ABC paulista.<\/p>\n<p>\u00a0<\/p>\n<p>Lula ressaltou que o estudo impede os\u00a0homens de\u00a0perpetrarem viol\u00eancia\u00a0de g\u00eanero e \u00e9 elemento fundamental para emancipa\u00e7\u00e3o das mulheres.<\/p>\n<p>\u00a0<\/p>\n<blockquote><p>&#13;<\/p>\n<p>&#8220;Uma mulher n\u00e3o pode morar com um homem por conta de um prato de comida, por conta de um aluguel. N\u00e3o tem sentido isso&#8221;, afirmou.<\/p>\n<p>&#13;<br \/>\n&#13;<\/p>\n<p>\u00a0<\/p>\n<p>&#13;\n<\/p><\/blockquote>\n<p>Lula ainda fez discurso duro para ades\u00e3o dos homens no combate \u00e0 viol\u00eancia contra as mulheres, para que denunciem os casos, e afirmou\u00a0que quem\u00a0agredir ser\u00e1\u00a0denunciado e que\u00a0&#8220;antes de bater na mulher, v\u00e3o bater a cabe\u00e7a em uma parede&#8221;.<\/p>\n<p>\u00a0<\/p>\n<p>O presidente solicitou ao ministro\u00a0da Educa\u00e7\u00e3o, Camilo Santana, a\u00a0inclus\u00e3o no curr\u00edculo escolar, da creche \u00e0 universidade, de uma cultura de igualdade de g\u00eanero.\u00a0<\/p>\n<p>\u00a0<\/p>\n<p><strong>Instituto Federal<\/strong><\/p>\n<p>No evento, o presidente\u00a0assinou, junto com\u00a0o ministro e outras autoridades, o investimento inicial para a compra do edif\u00edcio que sediar\u00e1 unidade do Instituto Federal de S\u00e3o Paulo (IFSP) em Mau\u00e1. O IFSP mais pr\u00f3ximo fica\u00a0na regi\u00e3o norte da capital paulista, e \u00e9\u00a0uma das refer\u00eancias no ensino t\u00e9cnico integrado ao ensino m\u00e9dio.<\/p>\n<p>\u00a0<\/p>\n<p>O conv\u00eanio destina R$ 44,8 milh\u00f5es para constru\u00e7\u00e3o do IF de Mau\u00e1, com cerca de R$ 32 milh\u00f5es para a aquisi\u00e7\u00e3o da sede\u00a0e outros R$ 10 milh\u00f5es para compra de equipamentos e mobili\u00e1rio, atrav\u00e9s do Novo PAC. O estado de S\u00e3o Paulo deve receber um total de 14 institutos federais de n\u00edvel t\u00e9cnico, totalizando mais de R$ 515\u00a0milh\u00f5es em investimento.\u00a0<\/p>\n<p>\u00a0<\/p>\n<p>A nova unidade atender\u00e1 cerca de 1.400 alunos, com previs\u00e3o de in\u00edcio das\u00a0atividades no primeiro semestre deste ano, com cursos de qualifica\u00e7\u00e3o profissional de 40 horas.<\/p>\n<p>\u00a0<\/p>\n<p>Ap\u00f3s esse per\u00edodo de adapta\u00e7\u00e3o, a unidade receber\u00e1 cursos de controle e processos industriais (mecatr\u00f4nica, fabrica\u00e7\u00e3o mec\u00e2nica, planejamento e controle da produ\u00e7\u00e3o) e de informa\u00e7\u00e3o e comunica\u00e7\u00e3o (inform\u00e1tica).<\/p>\n<p>\u00a0<\/p>\n<p>O IFSP adquiriu o campus em dezembro de 2025 e iniciou as reformas no m\u00eas de janeiro deste ano.<\/p>\n<p>\u00a0<\/p>\n<p>O prefeito de Mau\u00e1, Marcelo Oliveira, lembrou que a unidade \u00e9 uma demanda dos moradores da cidade desde 2010, marcando mais qualidade e acesso de educa\u00e7\u00e3o.<\/p>\n<p>\u00a0<\/p>\n<p>A cidade ir\u00e1 receber tamb\u00e9m uma\u00a0policl\u00ednica, que\u00a0atender\u00e1 ainda moradores de Ribeir\u00e3o Pires e Rio Grande da Serra. A unidade ser\u00e1 composta por sala de ultrassom, sala lil\u00e1s (dedicada ao\u00a0acolhimento a v\u00edtimas de viol\u00eancia), sala de tomografia, aten\u00e7\u00e3o integral \u00e0 sa\u00fade mental, espa\u00e7os para reabilita\u00e7\u00e3o e outros servi\u00e7os. A policl\u00ednica integra o\u00a0Programa Agora Tem Especialistas, focado na redu\u00e7\u00e3o das filas e agilidade\u00a0no acesso a consultas e exames especializados na rede p\u00fablica.<\/p>\n<p>\u00a0<\/p>\n<p>O ministro da Sa\u00fade, Alexandre Padilha, informou que os equipamentos da\u00a0policl\u00ednica, como tom\u00f3grafo, evita que a popula\u00e7\u00e3o tenha que procurar atendimento nos hospitais, deixando-os para os atendimentos de urg\u00eancia e interna\u00e7\u00e3o.<\/p>\n<p>\u00a0<\/p>\n<p>Desde a semana passada, a Carreta da Sa\u00fade tem realizado\u00a0mais de 1.000 atendimentos em especialidades no munic\u00edpio, com intuito de zerar a fila no prazo de um m\u00eas. Foi anunciada a entrega\u00a0de 34 ambul\u00e2ncias do Servi\u00e7o de Atendimento M\u00f3vel de Urg\u00eancia (Samu) para Mau\u00e1, e outros 30 ve\u00edculos para\u00a0Santo Andr\u00e9, S\u00e3o Bernardo do Campo, S\u00e3o Caetano do Sul e Diadema. O investimento federal na iniciativa \u00e9 de R$ 10 milh\u00f5es.<\/p>\n<p>\u00a0<\/p>\n<p>Est\u00e1 em constru\u00e7\u00e3o em Mau\u00e1\u00a0uma Unidade B\u00e1sica de Sa\u00fade (UBS), financiada pelo Novo PAC Sa\u00fade, que ter\u00e1 quatro equipes de Sa\u00fade da Fam\u00edlia e outras quatro de Sa\u00fade Bucal.<\/p>\n<p>\u00a0<\/p>\n<p><strong>Investimentos\u00a0<\/strong><\/p>\n<p>Lula destacou a import\u00e2ncia dos investimentos em todo o pa\u00eds, independente\u00a0de qual seja o partido do governante.<\/p>\n<p>\u00a0<\/p>\n<p>&#8220;Quando a gente exerce um cargo pol\u00edtico importante, a gente n\u00e3o tem direito de ser mesquinho, a gente n\u00e3o tem o direito de ser pequeno. Quando fui eleito, chamei os 27 governadores e pedi para dizerem quais as obras mais importantes, para a gente colocar no PAC. Depois, chamei os prefeitos e fizemos a mesma coisa. O que me importa \u00e9 se a obra \u00e9 importante, se vai fazer bem para o povo. Eu coloco dinheiro, \u00e9 assim na minha cabe\u00e7a&#8221;, afirmou o presidente, acrescentando que os pol\u00edticos devem atender a popula\u00e7\u00e3o, mesmo fora do per\u00edodo eleitoral.\u00a0<\/p>\n<p>\u00a0<\/p>\n<p><strong><em>Ag\u00eancia Brasil<\/em><\/strong><\/p>\n<\/p><\/div>\n<p><script async defer crossorigin=\"anonymous\" src=\"https:\/\/connect.facebook.net\/pt_BR\/sdk.js#xfbml=1&#038;version=v12.0&#038;appId=&#038;autoLogAppEvents=1\" nonce=\"ou0fI1lo\"><\/script><br \/>\n<br \/><br \/>\n<br \/>Fonte: <a href=\"https:\/\/www.bs9.com.br\/brasil\/lula-defende-educacao-para-o-combate-a-violencia-contra-mulher\/37587\/\">BS9<\/a><\/p>\n","protected":false},"excerpt":{"rendered":"<p>O presidente Luiz In\u00e1cio Lula da Silva\u00a0defendeu nesta segunda-feira (9)\u00a0a educa\u00e7\u00e3o como parte do compromisso de combate \u00e0 viol\u00eancia contra a mulher, durante entrega de ambul\u00e2ncias e assinatura de conv\u00eanios nas \u00e1reas de educa\u00e7\u00e3o e sa\u00fade na cidade de Mau\u00e1, no ABC paulista. \u00a0 Lula ressaltou que o estudo impede os\u00a0homens de\u00a0perpetrarem viol\u00eancia\u00a0de g\u00eanero e [&hellip;]<\/p>\n","protected":false},"author":5,"featured_media":62423,"comment_status":"open","ping_status":"open","sticky":false,"template":"","format":"standard","meta":{"_seopress_robots_primary_cat":"","_seopress_titles_title":"","_seopress_titles_desc":"","_seopress_robots_index":"","footnotes":""},"categories":[52],"tags":[],"class_list":["post-62422","post","type-post","status-publish","format-standard","has-post-thumbnail","hentry","category-santoseregiao"],"_links":{"self":[{"href":"https:\/\/mussicom.com\/noticias\/wp-json\/wp\/v2\/posts\/62422","targetHints":{"allow":["GET"]}}],"collection":[{"href":"https:\/\/mussicom.com\/noticias\/wp-json\/wp\/v2\/posts"}],"about":[{"href":"https:\/\/mussicom.com\/noticias\/wp-json\/wp\/v2\/types\/post"}],"author":[{"embeddable":true,"href":"https:\/\/mussicom.com\/noticias\/wp-json\/wp\/v2\/users\/5"}],"replies":[{"embeddable":true,"href":"https:\/\/mussicom.com\/noticias\/wp-json\/wp\/v2\/comments?post=62422"}],"version-history":[{"count":0,"href":"https:\/\/mussicom.com\/noticias\/wp-json\/wp\/v2\/posts\/62422\/revisions"}],"wp:featuredmedia":[{"embeddable":true,"href":"https:\/\/mussicom.com\/noticias\/wp-json\/wp\/v2\/media\/62423"}],"wp:attachment":[{"href":"https:\/\/mussicom.com\/noticias\/wp-json\/wp\/v2\/media?parent=62422"}],"wp:term":[{"taxonomy":"category","embeddable":true,"href":"https:\/\/mussicom.com\/noticias\/wp-json\/wp\/v2\/categories?post=62422"},{"taxonomy":"post_tag","embeddable":true,"href":"https:\/\/mussicom.com\/noticias\/wp-json\/wp\/v2\/tags?post=62422"}],"curies":[{"name":"wp","href":"https:\/\/api.w.org\/{rel}","templated":true}]}}