{"id":62420,"date":"2026-02-11T09:05:20","date_gmt":"2026-02-11T12:05:20","guid":{"rendered":"https:\/\/mussicom.com\/cubatao-abre-votacao-para-escolha-da-arvore-simbolo-da-cidade\/"},"modified":"2026-02-11T09:05:20","modified_gmt":"2026-02-11T12:05:20","slug":"cubatao-abre-votacao-para-escolha-da-arvore-simbolo-da-cidade","status":"publish","type":"post","link":"https:\/\/mussicom.com\/noticias\/cubatao-abre-votacao-para-escolha-da-arvore-simbolo-da-cidade\/","title":{"rendered":"Cubat\u00e3o abre vota\u00e7\u00e3o para escolha da \u00c1rvore-S\u00edmbolo da Cidade"},"content":{"rendered":"<p> <br \/>\n<\/p>\n<div>\n<p>A Secretaria de Meio Ambiente, Seguran\u00e7a Clim\u00e1tica e Bem-Estar Animal de Cubat\u00e3o\u00a0 convida a popula\u00e7\u00e3o a participar da vota\u00e7\u00e3o p\u00fablica que ir\u00e1 definir a \u00c1rvore-S\u00edmbolo do munic\u00edpio. A vota\u00e7\u00e3o ocorre por meio de formul\u00e1rio eletr\u00f4nico, dispon\u00edvel no link https:\/\/forms.gle\/pmnyxus83oSMxAJA7. O prazo para participa\u00e7\u00e3o segue at\u00e9 o dia 23.<\/p>\n<p>Na consulta p\u00fablica, o mun\u00edcipe poder\u00e1 votar entre sete esp\u00e9cies nativas da Mata Atl\u00e2ntica, selecionadas com base em crit\u00e9rios t\u00e9cnicos, ambientais, paisag\u00edsticos e culturais, consideradas adequadas para se tornarem a \u00c1rvore-S\u00edmbolo do Munic\u00edpio de Cubat\u00e3o. As esp\u00e9cies dispon\u00edveis para vota\u00e7\u00e3o s\u00e3o:<\/p>\n<p>Ara\u00e7\u00e1 (Psidium cattleyanum) \u2013 \u00c1rvore frut\u00edfera nativa da Mata Atl\u00e2ntica, cujos frutos servem de alimento para a fauna silvestre e contribuem para a recupera\u00e7\u00e3o de \u00e1reas naturais e degradadas.<\/p>\n<p>Palmito-ju\u00e7ara (Euterpe edulis) \u2013 Esp\u00e9cie emblem\u00e1tica da Mata Atl\u00e2ntica, de extrema import\u00e2ncia para a fauna e para a conserva\u00e7\u00e3o da biodiversidade. Atualmente, encontra-se amea\u00e7ada de extin\u00e7\u00e3o, simbolizando a necessidade de preserva\u00e7\u00e3o dos ecossistemas naturais.<\/p>\n<p>Grumixama (Eugenia brasiliensis) \u2013 \u00c1rvore nativa que produz frutos escuros e saborosos, altamente atrativos para aves, desempenhando papel fundamental no equil\u00edbrio ecol\u00f3gico.<\/p>\n<p>Cambuci (Campomanesia phaea) \u2013 Esp\u00e9cie t\u00edpica da Mata Atl\u00e2ntica, com forte valor cultural, hist\u00f3rico e gastron\u00f4mico, associada \u00e0 identidade regional e \u00e0 valoriza\u00e7\u00e3o dos saberes tradicionais.<\/p>\n<p>Quaresmeira (Pleroma granulosum) \u2013 \u00c1rvore nativa de grande valor ornamental, conhecida por sua intensa flora\u00e7\u00e3o roxa, amplamente utilizada na arboriza\u00e7\u00e3o urbana e na composi\u00e7\u00e3o paisag\u00edstica.<\/p>\n<p>Ip\u00ea-amarelo-do-brejo (Handroanthus umbellatus) \u2013 Esp\u00e9cie nativa adaptada a \u00e1reas \u00famidas, com flora\u00e7\u00e3o amarela marcante e relevante import\u00e2ncia paisag\u00edstica, ecol\u00f3gica e ambiental.<\/p>\n<p>Manac\u00e1-da-serra (Pleroma mutabile) \u2013 \u00c1rvore nativa da Mata Atl\u00e2ntica, famosa por suas flores que mudam de cor ao longo do florescimento, sendo amplamente utilizada na arboriza\u00e7\u00e3o urbana e em a\u00e7\u00f5es de educa\u00e7\u00e3o ambiental.<\/p>\n<p>A escolha da \u00c1rvore-S\u00edmbolo integrar\u00e1 a minuta da Lei Municipal de Arboriza\u00e7\u00e3o Urbana, compondo o artigo que estabelecer\u00e1 oficialmente a esp\u00e9cie representativa de Cubat\u00e3o. A minuta da lei ser\u00e1 disponibilizada futuramente para consulta p\u00fablica no site institucional da Prefeitura, na aba da Secretaria de Meio Ambiente, Seguran\u00e7a Clim\u00e1tica e Bem-Estar Animal, garantindo transpar\u00eancia, acesso \u00e0 informa\u00e7\u00e3o e participa\u00e7\u00e3o popular no processo.<\/p>\n<p>As a\u00e7\u00f5es fazem parte de uma parceria t\u00e9cnica e institucional com a Sociedade Brasileira de Arboriza\u00e7\u00e3o Urbana (SBAU) e com a Universidade de S\u00e3o Paulo (USP), por meio do Departamento de Ci\u00eancias B\u00e1sicas e Ambientais da Escola de Engenharia de Lorena (EEL\/USP) e do Programa de P\u00f3s-Gradua\u00e7\u00e3o em Ci\u00eancias Ambientais (PROCAM\/USP) e apoio do CEPEMA-USP de Cubat\u00e3o.<\/p>\n<p>\u00a0<\/p>\n<\/div>\n<p><br \/>\n<br \/>Fonte: <a href=\"https:\/\/jornaldaorla.com.br\/noticias\/cubatao-abre-votacao-para-escolha-da-arvore-simbolo-da-cidade\/\">Jornal Da Orla<\/a><\/p>\n","protected":false},"excerpt":{"rendered":"<p>A Secretaria de Meio Ambiente, Seguran\u00e7a Clim\u00e1tica e Bem-Estar Animal de Cubat\u00e3o\u00a0 convida a popula\u00e7\u00e3o a participar da vota\u00e7\u00e3o p\u00fablica que ir\u00e1 definir a \u00c1rvore-S\u00edmbolo do munic\u00edpio. A vota\u00e7\u00e3o ocorre por meio de formul\u00e1rio eletr\u00f4nico, dispon\u00edvel no link https:\/\/forms.gle\/pmnyxus83oSMxAJA7. O prazo para participa\u00e7\u00e3o segue at\u00e9 o dia 23. Na consulta p\u00fablica, o mun\u00edcipe poder\u00e1 votar [&hellip;]<\/p>\n","protected":false},"author":5,"featured_media":62421,"comment_status":"open","ping_status":"open","sticky":false,"template":"","format":"standard","meta":{"_seopress_robots_primary_cat":"","_seopress_titles_title":"","_seopress_titles_desc":"","_seopress_robots_index":"","footnotes":""},"categories":[52],"tags":[],"class_list":["post-62420","post","type-post","status-publish","format-standard","has-post-thumbnail","hentry","category-santoseregiao"],"_links":{"self":[{"href":"https:\/\/mussicom.com\/noticias\/wp-json\/wp\/v2\/posts\/62420","targetHints":{"allow":["GET"]}}],"collection":[{"href":"https:\/\/mussicom.com\/noticias\/wp-json\/wp\/v2\/posts"}],"about":[{"href":"https:\/\/mussicom.com\/noticias\/wp-json\/wp\/v2\/types\/post"}],"author":[{"embeddable":true,"href":"https:\/\/mussicom.com\/noticias\/wp-json\/wp\/v2\/users\/5"}],"replies":[{"embeddable":true,"href":"https:\/\/mussicom.com\/noticias\/wp-json\/wp\/v2\/comments?post=62420"}],"version-history":[{"count":0,"href":"https:\/\/mussicom.com\/noticias\/wp-json\/wp\/v2\/posts\/62420\/revisions"}],"wp:featuredmedia":[{"embeddable":true,"href":"https:\/\/mussicom.com\/noticias\/wp-json\/wp\/v2\/media\/62421"}],"wp:attachment":[{"href":"https:\/\/mussicom.com\/noticias\/wp-json\/wp\/v2\/media?parent=62420"}],"wp:term":[{"taxonomy":"category","embeddable":true,"href":"https:\/\/mussicom.com\/noticias\/wp-json\/wp\/v2\/categories?post=62420"},{"taxonomy":"post_tag","embeddable":true,"href":"https:\/\/mussicom.com\/noticias\/wp-json\/wp\/v2\/tags?post=62420"}],"curies":[{"name":"wp","href":"https:\/\/api.w.org\/{rel}","templated":true}]}}