{"id":62415,"date":"2026-02-11T08:08:36","date_gmt":"2026-02-11T11:08:36","guid":{"rendered":"https:\/\/mussicom.com\/presidente-do-tcu-promete-punicao-a-agentes-do-bc-que-falharam-no-caso-master\/"},"modified":"2026-02-11T08:08:36","modified_gmt":"2026-02-11T11:08:36","slug":"presidente-do-tcu-promete-punicao-a-agentes-do-bc-que-falharam-no-caso-master","status":"publish","type":"post","link":"https:\/\/mussicom.com\/noticias\/presidente-do-tcu-promete-punicao-a-agentes-do-bc-que-falharam-no-caso-master\/","title":{"rendered":"Presidente do TCU promete puni\u00e7\u00e3o a agentes do BC que falharam no caso Master"},"content":{"rendered":"<p> <br \/>\n<\/p>\n<div id=\"tp-post-content\">\n<p class=\"postParagraph_post-paragraph__juWZN postParagraph_post-paragraph-innerHtml__Q5vwc\">O presidente do Tribunal de Contas da Uni\u00e3o (TCU), ministro Vital do R\u00eago, utilizou a CEO Conference do BTG Pactual, uma confer\u00eancia com pol\u00edticos e executivos do banco, para dar um recado ao Banco Central (BC). Palestrante do evento, ele explicou que &#8220;o\u00a0TCU\u00a0analisa se a liquida\u00e7\u00e3o do banco obedeceu \u00e0s normas do direito administrativo \u2013transpar\u00eancia, efici\u00eancia, regularidade&#8221; e completou: <strong>&#8220;Algu\u00e9m vai responder se for pego em erro ou dano.&#8221;<\/strong><\/p>\n<p class=\"postParagraph_post-paragraph__juWZN postParagraph_post-paragraph-innerHtml__Q5vwc\">A fala \u00e9 desta ter\u00e7a-feira. A mesma confer\u00eancia conta com a participa\u00e7\u00e3o de Gabriel Gal\u00edpolo, presidente do BC. Outro a discursar foi o ministro da Fazenda, Fernando Haddad. Na ocasi\u00e3o, ele elogiou Gal\u00edpolo pela atua\u00e7\u00e3o no caso Master, dizendo que o &#8220;crescimento exponencial&#8221; da institui\u00e7\u00e3o foi &#8220;estancado&#8221; assim que seu ex-secret\u00e1rio-executivo assumiu a autoridade monet\u00e1ria.<\/p>\n<div class=\"postViewMore_post-view-more-container___5wai\" data-mrf-recirculation=\"Post - Veja tamb\u00e9m\">\n<p class=\"gp-styles-module-size-small-afeYRa gp-styles-module-font-family2-afeYRa gp-styles-module-color-secondary-afeYRa gp-styles-module-weight-bold-afeYRa\">VEJA TAMB\u00c9M:<\/p>\n<ul class=\"postViewMore_post-view-more-list__CU_CE\">\n<li class=\"postViewMore_post-view-more-item__2MzRb\"><span class=\"postViewMore_post-view-more-link-icon___stPC\"><svg xmlns=\"http:\/\/www.w3.org\/2000\/svg\" width=\"16\" height=\"16\" viewbox=\"0 0 16 16\"><rect width=\"16\" height=\"16\" fill=\"none\"\/><g transform=\"translate(3 3)\"><path d=\"M22.5,15l3.4,3.4-3.4,3.4\" transform=\"translate(-15.896 -11.793)\" fill=\"none\" stroke=\"#717171\" stroke-linecap=\"round\" stroke-width=\"1.4\"\/><path d=\"M6,6v4.2a2.452,2.452,0,0,0,2.5,2.4H16\" transform=\"translate(-6 -6)\" fill=\"none\" stroke=\"#717171\" stroke-linecap=\"round\" stroke-width=\"1.4\"\/><\/g><\/svg><\/span><span class=\"postViewMore_post-view-more-link-text__hO_kM\">Diretor do BC diz que Banco Master tinha s\u00f3 R$ 4 milh\u00f5es em caixa na \u00e9poca da liquida\u00e7\u00e3o<\/span><\/li>\n<li class=\"postViewMore_post-view-more-item__2MzRb\"><span class=\"postViewMore_post-view-more-link-icon___stPC\"><svg xmlns=\"http:\/\/www.w3.org\/2000\/svg\" width=\"16\" height=\"16\" viewbox=\"0 0 16 16\"><rect width=\"16\" height=\"16\" fill=\"none\"\/><g transform=\"translate(3 3)\"><path d=\"M22.5,15l3.4,3.4-3.4,3.4\" transform=\"translate(-15.896 -11.793)\" fill=\"none\" stroke=\"#717171\" stroke-linecap=\"round\" stroke-width=\"1.4\"\/><path d=\"M6,6v4.2a2.452,2.452,0,0,0,2.5,2.4H16\" transform=\"translate(-6 -6)\" fill=\"none\" stroke=\"#717171\" stroke-linecap=\"round\" stroke-width=\"1.4\"\/><\/g><\/svg><\/span><span class=\"postViewMore_post-view-more-link-text__hO_kM\">Diretor do BC compara caso Master a fraude ocorrida durante governo Dilma<\/span><\/li>\n<\/ul>\n<\/div>\n<h2 class=\"postParagraph_post-paragraph__juWZN postParagraph_post-paragraph-innerHtml__Q5vwc postParagraph_type-tag-h2__TtFkT\">Vital do R\u00eago delimita poderes do TCU ap\u00f3s tens\u00e3o e acordo com BC<\/h2>\n<p class=\"postParagraph_post-paragraph__juWZN postParagraph_post-paragraph-innerHtml__Q5vwc\">Apesar da promessa, Vital do R\u00eago ressalvou que &#8220;o TCU n\u00e3o tem poder para modificar a liquida\u00e7\u00e3o do banco&#8221;. BC e TCU passaram por atritos ap\u00f3s o in\u00edcio da fiscaliza\u00e7\u00e3o. O \u00f3rg\u00e3o monet\u00e1rio ficou incomodado com a atua\u00e7\u00e3o e passou a questionar se havia mesmo o poder fiscalizador, utilizando como baliza a garantia de autonomia aprovada em 2021. A tens\u00e3o foi resolvida com um acordo que tratou justamente dos limites de atua\u00e7\u00e3o: o TCU focaria apenas na legalidade do procedimento, comprometendo-se a n\u00e3o buscar reverter a liquida\u00e7\u00e3o.<\/p>\n<p class=\"postParagraph_post-paragraph__juWZN postParagraph_post-paragraph-innerHtml__Q5vwc\">O presidente do TCU ainda destacou que a decis\u00e3o sobre as conclus\u00f5es da fiscaliza\u00e7\u00e3o ser\u00e1 tomada pelo plen\u00e1rio, ap\u00f3s relat\u00f3rio do ministro Jhonatan de Jesus. Vital do R\u00eago falou ainda em &#8220;absoluta liberdade&#8221; na vota\u00e7\u00e3o e se disse &#8220;doido para virar essa p\u00e1gina&#8221;.<\/p>\n<p class=\"postParagraph_post-paragraph__juWZN postParagraph_post-paragraph-innerHtml__Q5vwc\">A confer\u00eancia ainda ter\u00e1 a participa\u00e7\u00e3o do senador e pr\u00e9-candidato \u00e0 Presid\u00eancia da Rep\u00fablica Fl\u00e1vio Bolsonaro (PL-RJ) e do secret\u00e1rio do Tesouro dos Estados Unidos, Scott Bessent.<\/p>\n<p class=\"postParagraph_post-paragraph__juWZN postParagraph_post-paragraph-innerHtml__Q5vwc\">A liquida\u00e7\u00e3o extrajudicial do Banco Master foi decretada ao mesmo tempo em que seu dono, o banqueiro Daniel Vorcaro, era preso preventivamente pela Pol\u00edcia Federal, ao tentar embarcar para Dubai. Executivos da empresa s\u00e3o acusados de fabricar C\u00e9dulas de Cr\u00e9dito Banc\u00e1rio (CCBs) sem valor real, inflando artificialmente os ganhos.<\/p>\n<\/div>\n<p><br \/>\n<br \/>Fonte: <a href=\"https:\/\/www.gazetadopovo.com.br\/republica\/presidente-do-tcu-promete-punicao-a-agentes-do-bc-que-agiram-mal-no-caso-master\/\">Revista Oeste<\/a><\/p>\n","protected":false},"excerpt":{"rendered":"<p>O presidente do Tribunal de Contas da Uni\u00e3o (TCU), ministro Vital do R\u00eago, utilizou a CEO Conference do BTG Pactual, uma confer\u00eancia com pol\u00edticos e executivos do banco, para dar um recado ao Banco Central (BC). Palestrante do evento, ele explicou que &#8220;o\u00a0TCU\u00a0analisa se a liquida\u00e7\u00e3o do banco obedeceu \u00e0s normas do direito administrativo \u2013transpar\u00eancia, [&hellip;]<\/p>\n","protected":false},"author":5,"featured_media":62416,"comment_status":"open","ping_status":"open","sticky":false,"template":"","format":"standard","meta":{"_seopress_robots_primary_cat":"","_seopress_titles_title":"","_seopress_titles_desc":"","_seopress_robots_index":"","footnotes":""},"categories":[1],"tags":[],"class_list":["post-62415","post","type-post","status-publish","format-standard","has-post-thumbnail","hentry","category-ultimas-noticias"],"_links":{"self":[{"href":"https:\/\/mussicom.com\/noticias\/wp-json\/wp\/v2\/posts\/62415","targetHints":{"allow":["GET"]}}],"collection":[{"href":"https:\/\/mussicom.com\/noticias\/wp-json\/wp\/v2\/posts"}],"about":[{"href":"https:\/\/mussicom.com\/noticias\/wp-json\/wp\/v2\/types\/post"}],"author":[{"embeddable":true,"href":"https:\/\/mussicom.com\/noticias\/wp-json\/wp\/v2\/users\/5"}],"replies":[{"embeddable":true,"href":"https:\/\/mussicom.com\/noticias\/wp-json\/wp\/v2\/comments?post=62415"}],"version-history":[{"count":0,"href":"https:\/\/mussicom.com\/noticias\/wp-json\/wp\/v2\/posts\/62415\/revisions"}],"wp:featuredmedia":[{"embeddable":true,"href":"https:\/\/mussicom.com\/noticias\/wp-json\/wp\/v2\/media\/62416"}],"wp:attachment":[{"href":"https:\/\/mussicom.com\/noticias\/wp-json\/wp\/v2\/media?parent=62415"}],"wp:term":[{"taxonomy":"category","embeddable":true,"href":"https:\/\/mussicom.com\/noticias\/wp-json\/wp\/v2\/categories?post=62415"},{"taxonomy":"post_tag","embeddable":true,"href":"https:\/\/mussicom.com\/noticias\/wp-json\/wp\/v2\/tags?post=62415"}],"curies":[{"name":"wp","href":"https:\/\/api.w.org\/{rel}","templated":true}]}}