{"id":6241,"date":"2025-03-16T23:15:41","date_gmt":"2025-03-17T02:15:41","guid":{"rendered":"https:\/\/www.mussicom.com\/entenda-por-que-os-eua-atacaram-o-houthi-apoiado-pelo-ira\/"},"modified":"2025-03-16T23:15:41","modified_gmt":"2025-03-17T02:15:41","slug":"entenda-por-que-os-eua-atacaram-o-houthi-apoiado-pelo-ira","status":"publish","type":"post","link":"https:\/\/mussicom.com\/noticias\/entenda-por-que-os-eua-atacaram-o-houthi-apoiado-pelo-ira\/","title":{"rendered":"Entenda por que os EUA atacaram o Houthi, apoiado pelo Ir\u00e3"},"content":{"rendered":"<p> <br \/>\n<\/p>\n<div id=\"hd80s9wa1h892edh8192\">\n<p>O governo dos <strong>Estados Unidos<\/strong> realizou uma ofensiva militar contra os terroristas Houthis no I\u00eamen neste s\u00e1bado, 15. Os rebeldes alegam que o ataque deixou ao menos 31 mortos e 101 feridos no pa\u00eds.<\/p>\n<p>O presidente Donald Trump justifica que a a\u00e7\u00e3o foi realizada para barrar a \u201ccampanha implac\u00e1vel de pirataria, viol\u00eancia e terrorismo contra navios, aeronaves e drones norte-americanos e de outros pa\u00edses\u201d.<\/p>\n<p><strong>+ Leia mais not\u00edcias de Pol\u00edtica em Oeste <\/strong><\/p>\n<p>\u201cNossos bravos combatentes est\u00e3o agora realizando ataques a\u00e9reos contra as bases terroristas, l\u00edderes e defesas de m\u00edsseis para proteger os ativos marinhos, a\u00e9reos e navais americanos e para restaurar a liberdade de navega\u00e7\u00e3o\u201d, escreveu o republicano em sua rede social.<\/p>\n<p>A organiza\u00e7\u00e3o, de origem isl\u00e2mica, tem respaldo do Ir\u00e3 e se posiciona como uma antiga advers\u00e1ria das pol\u00edticas e da cultura dos <strong>EUA<\/strong> e de Israel. Nesse contexto, Trump amea\u00e7ou o Ir\u00e3, afirmando que a Casa Branca n\u00e3o vai ser \u201cgentil\u201d se o pa\u00eds continuar a fornecer suporte aos terroristas. \u00a0<\/p>\n<blockquote class=\"twitter-tweet\">\n<p lang=\"en\" dir=\"ltr\">CENTCOM operations against Iran-backed Houthis continue\u2026 <a href=\"https:\/\/t.co\/DYvc3gREN8\">pic.twitter.com\/DYvc3gREN8<\/a><\/p>\n<p>\u2014 U.S. Central Command (@CENTCOM) <a href=\"https:\/\/twitter.com\/CENTCOM\/status\/1901043879496876459?ref_src=twsrc%5Etfw\">March 15, 2025<\/a><\/p><\/blockquote>\n<p>Os Houthis atacam navios que transitam pelo Golfo de Aden, o Golfo P\u00e9rsico e o Mar Vermelho. Desde 2023, o grupo executou mais de 100 agress\u00f5es na regi\u00e3o. Suas motiva\u00e7\u00f5es incluem saques de cargas e retalia\u00e7\u00f5es contra Israel, em apoio aos palestinos da Faixa de Gaza.<\/p>\n<p>\u201cPara todos os terroristas Houthis: seu tempo acabou, seus ataques devem parar, come\u00e7ando hoje\u201d, compartilhou Trump. \u201cSe n\u00e3o pararem, o inferno far\u00e1 chover sobre voc\u00eas como nada que j\u00e1 viram antes.\u201d<\/p>\n<h2 class=\"wp-block-heading\">Ir\u00e3 afirma que os Houthis agem de forma independente<\/h2>\n<p>Hossein Salami, comandante-chefe da Guarda Revolucion\u00e1ria Iraniana, reagiu \u00e0s amea\u00e7as de Trump. Ele justificou que o grupo terrorista age de forma independente em suas opera\u00e7\u00f5es militares. \u00a0<\/p>\n<p>\u201cAdvertimos nossos inimigos que o Ir\u00e3 responder\u00e1 de forma decisiva e destrutiva se eles colocarem suas amea\u00e7as em pr\u00e1tica\u201d, disse Salami.<\/p>\n<p><strong>+ Leia tamb\u00e9m: \u201cEUA realizam ataques militares contra terroristas Houthis no I\u00eamen\u201d<\/strong><\/p>\n<p>O gabinete pol\u00edtico dos Houthis classificou a a\u00e7\u00e3o norte-americana como um \u201ccrime de guerra\u201d. Al\u00e9m disso, prometeu que as \u201cfor\u00e7as armadas iemenitas est\u00e3o totalmente preparadas para responder \u00e0 escalada com escalada\u201d.<\/p>\n<p>A rede televisiva Al-Masirah, administrada pelos Houthis, alega que a ofensiva dos EUA teve como alvos instala\u00e7\u00f5es militares em Taiz e uma esta\u00e7\u00e3o de energia em Dahyan, em Saada.<\/p>\n<\/p><\/div>\n<p><script async src=\"\/\/platform.twitter.com\/widgets.js\" charset=\"utf-8\"><\/script><br \/>\n<br \/><br \/>\n<br \/>Fonte: <a href=\"https:\/\/revistaoeste.com\/politica\/entenda-por-que-os-eua-atacaram-o-houthi-apoiado-pelo-ira\/\">Ag\u00eancia Brasil<\/a><\/p>\n","protected":false},"excerpt":{"rendered":"<p>O governo dos Estados Unidos realizou uma ofensiva militar contra os terroristas Houthis no I\u00eamen neste s\u00e1bado, 15. Os rebeldes alegam que o ataque deixou ao menos 31 mortos e 101 feridos no pa\u00eds. O presidente Donald Trump justifica que a a\u00e7\u00e3o foi realizada para barrar a \u201ccampanha implac\u00e1vel de pirataria, viol\u00eancia e terrorismo contra [&hellip;]<\/p>\n","protected":false},"author":5,"featured_media":6243,"comment_status":"open","ping_status":"open","sticky":false,"template":"","format":"standard","meta":{"_seopress_robots_primary_cat":"","_seopress_titles_title":"","_seopress_titles_desc":"","_seopress_robots_index":"","footnotes":""},"categories":[47,1],"tags":[],"class_list":["post-6241","post","type-post","status-publish","format-standard","has-post-thumbnail","hentry","category-politica","category-ultimas-noticias"],"_links":{"self":[{"href":"https:\/\/mussicom.com\/noticias\/wp-json\/wp\/v2\/posts\/6241","targetHints":{"allow":["GET"]}}],"collection":[{"href":"https:\/\/mussicom.com\/noticias\/wp-json\/wp\/v2\/posts"}],"about":[{"href":"https:\/\/mussicom.com\/noticias\/wp-json\/wp\/v2\/types\/post"}],"author":[{"embeddable":true,"href":"https:\/\/mussicom.com\/noticias\/wp-json\/wp\/v2\/users\/5"}],"replies":[{"embeddable":true,"href":"https:\/\/mussicom.com\/noticias\/wp-json\/wp\/v2\/comments?post=6241"}],"version-history":[{"count":0,"href":"https:\/\/mussicom.com\/noticias\/wp-json\/wp\/v2\/posts\/6241\/revisions"}],"wp:featuredmedia":[{"embeddable":true,"href":"https:\/\/mussicom.com\/noticias\/wp-json\/wp\/v2\/media\/6243"}],"wp:attachment":[{"href":"https:\/\/mussicom.com\/noticias\/wp-json\/wp\/v2\/media?parent=6241"}],"wp:term":[{"taxonomy":"category","embeddable":true,"href":"https:\/\/mussicom.com\/noticias\/wp-json\/wp\/v2\/categories?post=6241"},{"taxonomy":"post_tag","embeddable":true,"href":"https:\/\/mussicom.com\/noticias\/wp-json\/wp\/v2\/tags?post=6241"}],"curies":[{"name":"wp","href":"https:\/\/api.w.org\/{rel}","templated":true}]}}