{"id":62393,"date":"2026-02-11T04:57:03","date_gmt":"2026-02-11T07:57:03","guid":{"rendered":"https:\/\/mussicom.com\/premie-trabalhista-do-reino-unido-diz-que-nao-vai-renunciar\/"},"modified":"2026-02-11T04:57:03","modified_gmt":"2026-02-11T07:57:03","slug":"premie-trabalhista-do-reino-unido-diz-que-nao-vai-renunciar","status":"publish","type":"post","link":"https:\/\/mussicom.com\/noticias\/premie-trabalhista-do-reino-unido-diz-que-nao-vai-renunciar\/","title":{"rendered":"Premi\u00ea trabalhista do Reino Unido diz que n\u00e3o vai renunciar"},"content":{"rendered":"<p> <br \/>\n<\/p>\n<div id=\"tp-post-content\">\n<p class=\"postParagraph_post-paragraph__juWZN postParagraph_post-paragraph-innerHtml__Q5vwc\">Acuado por revela\u00e7\u00f5es do caso do financista americano Jeffrey Epstein que abalam seu governo, o primeiro-ministro do Reino Unido, Keir Starmer, disse nesta ter\u00e7a-feira (10) que n\u00e3o vai renunciar ao cargo.<\/p>\n<p class=\"postParagraph_post-paragraph__juWZN postParagraph_post-paragraph-innerHtml__Q5vwc\">De acordo com informa\u00e7\u00f5es da emissora BBC, o premi\u00ea trabalhista falou sobre o assunto em um discurso em um evento sobre custo de vida em Hertfordshire.<\/p>\n<p class=\"postParagraph_post-paragraph__juWZN postParagraph_post-paragraph-innerHtml__Q5vwc\">\u201cNos \u00faltimos dias, algumas pessoas t\u00eam dito que este governo trabalhista deveria travar uma luta diferente, uma luta interna, em vez de lutar pelos milh\u00f5es de pessoas que precisam que lutemos por elas\u201d, afirmou Starmer, citando a elei\u00e7\u00e3o interna que aconteceria no Partido Trabalhista para escolher seu sucessor como l\u00edder da legenda (e, por consequ\u00eancia, primeiro-ministro brit\u00e2nico) caso ele renuncie.<\/p>\n<p class=\"postParagraph_post-paragraph__juWZN postParagraph_post-paragraph-innerHtml__Q5vwc\">\u201cE eu lhes digo: jamais abandonarei o mandato que me foi dado para mudar este pa\u00eds. Jamais abandonarei as pessoas pelas quais tenho a responsabilidade de lutar e jamais abandonarei o pa\u00eds que amo\u201d, disse o premi\u00ea.<\/p>\n<p class=\"postParagraph_post-paragraph__juWZN postParagraph_post-paragraph-innerHtml__Q5vwc\">Em dois dias seguidos, domingo (8) e segunda-feira (9), Starmer perdeu dois nomes da sua gest\u00e3o: seu chefe de gabinete e principal assessor, Morgan McSweeney, e seu diretor de Comunica\u00e7\u00e3o, Tim Allan, renunciaram.<\/p>\n<p class=\"postParagraph_post-paragraph__juWZN postParagraph_post-paragraph-innerHtml__Q5vwc\">McSweeney admitiu que havia recomendado a nomea\u00e7\u00e3o, em fevereiro de 2025, de Peter Mandelson como embaixador do Reino Unido nos Estados Unidos. Mandelson foi destitu\u00eddo em setembro, ap\u00f3s a revela\u00e7\u00e3o da extens\u00e3o de seus v\u00ednculos com Epstein, que se suicidou na pris\u00e3o em 2019, enquanto aguardava julgamento por acusa\u00e7\u00f5es de tr\u00e1fico sexual de menores.<\/p>\n<p class=\"postParagraph_post-paragraph__juWZN postParagraph_post-paragraph-innerHtml__Q5vwc\">J\u00e1 Allan alegou na segunda-feira que deixava o cargo \u201cpara permitir que se construa uma nova equipe em Downing Street\u201d, em refer\u00eancia \u00e0 rua de Londres onde fica a resid\u00eancia oficial do premi\u00ea brit\u00e2nico.<\/p>\n<p class=\"postParagraph_post-paragraph__juWZN postParagraph_post-paragraph-innerHtml__Q5vwc\">Na semana passada, Starmer admitiu que tinha conhecimento das liga\u00e7\u00f5es de Mandelson com Epstein quando o indicou para o cargo diplom\u00e1tico em Washington, mas alegou que o aliado \u201cmentiu\u201d sobre a \u201cextens\u00e3o\u201d desse relacionamento.<\/p>\n<p class=\"postParagraph_post-paragraph__juWZN postParagraph_post-paragraph-innerHtml__Q5vwc\">Apesar da ren\u00fancia de McSweeney, a oposi\u00e7\u00e3o e at\u00e9 mesmo aliados do primeiro-ministro, como Anas Sarwar, l\u00edder do Partido Trabalhista Escoc\u00eas, est\u00e3o pedindo a ren\u00fancia de Starmer, que est\u00e1 no cargo desde 2024.<\/p>\n<p class=\"postParagraph_post-paragraph__juWZN postParagraph_post-paragraph-innerHtml__Q5vwc\">Segundo pesquisa divulgada pelo instituto YouGov em janeiro, apenas 18% dos brit\u00e2nicos tinham uma opini\u00e3o favor\u00e1vel de Starmer, enquanto 75% tinham uma vis\u00e3o desfavor\u00e1vel do primeiro-ministro.<\/p>\n<p class=\"postParagraph_post-paragraph__juWZN postParagraph_post-paragraph-innerHtml__Q5vwc\">A taxa de aprova\u00e7\u00e3o l\u00edquida do trabalhista, de -57, foi a mais negativa de um premi\u00ea brit\u00e2nico desde que seu antecessor, o conservador Rishi Sunak, atingiu o mesmo patamar em junho de 2024.<\/p>\n<\/div>\n<p><br \/>\n<br \/>Fonte: <a href=\"https:\/\/www.gazetadopovo.com.br\/mundo\/pressionado-caso-epstein-premie-trabalhista-reino-unido-diz-nao-vai-renunciar\/\">Revista Oeste<\/a><\/p>\n","protected":false},"excerpt":{"rendered":"<p>Acuado por revela\u00e7\u00f5es do caso do financista americano Jeffrey Epstein que abalam seu governo, o primeiro-ministro do Reino Unido, Keir Starmer, disse nesta ter\u00e7a-feira (10) que n\u00e3o vai renunciar ao cargo. De acordo com informa\u00e7\u00f5es da emissora BBC, o premi\u00ea trabalhista falou sobre o assunto em um discurso em um evento sobre custo de vida [&hellip;]<\/p>\n","protected":false},"author":5,"featured_media":62394,"comment_status":"open","ping_status":"open","sticky":false,"template":"","format":"standard","meta":{"_seopress_robots_primary_cat":"","_seopress_titles_title":"","_seopress_titles_desc":"","_seopress_robots_index":"","footnotes":""},"categories":[48],"tags":[],"class_list":["post-62393","post","type-post","status-publish","format-standard","has-post-thumbnail","hentry","category-internacional"],"_links":{"self":[{"href":"https:\/\/mussicom.com\/noticias\/wp-json\/wp\/v2\/posts\/62393","targetHints":{"allow":["GET"]}}],"collection":[{"href":"https:\/\/mussicom.com\/noticias\/wp-json\/wp\/v2\/posts"}],"about":[{"href":"https:\/\/mussicom.com\/noticias\/wp-json\/wp\/v2\/types\/post"}],"author":[{"embeddable":true,"href":"https:\/\/mussicom.com\/noticias\/wp-json\/wp\/v2\/users\/5"}],"replies":[{"embeddable":true,"href":"https:\/\/mussicom.com\/noticias\/wp-json\/wp\/v2\/comments?post=62393"}],"version-history":[{"count":0,"href":"https:\/\/mussicom.com\/noticias\/wp-json\/wp\/v2\/posts\/62393\/revisions"}],"wp:featuredmedia":[{"embeddable":true,"href":"https:\/\/mussicom.com\/noticias\/wp-json\/wp\/v2\/media\/62394"}],"wp:attachment":[{"href":"https:\/\/mussicom.com\/noticias\/wp-json\/wp\/v2\/media?parent=62393"}],"wp:term":[{"taxonomy":"category","embeddable":true,"href":"https:\/\/mussicom.com\/noticias\/wp-json\/wp\/v2\/categories?post=62393"},{"taxonomy":"post_tag","embeddable":true,"href":"https:\/\/mussicom.com\/noticias\/wp-json\/wp\/v2\/tags?post=62393"}],"curies":[{"name":"wp","href":"https:\/\/api.w.org\/{rel}","templated":true}]}}