{"id":62392,"date":"2026-02-11T03:59:27","date_gmt":"2026-02-11T06:59:27","guid":{"rendered":"https:\/\/mussicom.com\/agro-aposta-em-inovacao-para-retomada-gradual\/"},"modified":"2026-02-11T03:59:27","modified_gmt":"2026-02-11T06:59:27","slug":"agro-aposta-em-inovacao-para-retomada-gradual","status":"publish","type":"post","link":"https:\/\/mussicom.com\/noticias\/agro-aposta-em-inovacao-para-retomada-gradual\/","title":{"rendered":"Agro aposta em inova\u00e7\u00e3o para retomada gradual"},"content":{"rendered":"<p> <br \/>\n<\/p>\n<div>\n<p>A EIMA International, uma das maiores feiras mundiais de m\u00e1quinas agr\u00edcolas, ter\u00e1 sua 47\u00aa edi\u00e7\u00e3o realizada em Bolonha, entre os dias 10 e 14 de novembro de 2026, reunindo solu\u00e7\u00f5es tecnol\u00f3gicas voltadas a todos os modelos de agricultura. A apresenta\u00e7\u00e3o oficial do evento ocorreu na Espanha e indicou forte ades\u00e3o internacional, com praticamente todo o parque de exposi\u00e7\u00f5es de Bolonha j\u00e1 reservado.&#13;\n<\/p>\n<p>Uma vis\u00e3o geral do desempenho do mercado foi apresentada por Davide Gallarate, do Departamento de Eventos da FederUnacoma, durante a coletiva de imprensa de apresenta\u00e7\u00e3o da EIMA 2026, realizada nesta tarde em Zaragoza, paralelamente \u00e0 feira FIMA. \u201cA Espanha \u00e9 um pa\u00eds produtor de m\u00e1quinas agr\u00edcolas, mas tamb\u00e9m \u00e9 um pa\u00eds importador\u201d, explicou Gallarate, \u201cj\u00e1 que a agricultura desempenha um papel muito relevante e, por isso, a demanda por tecnologia est\u00e1 em crescimento\u201d.<\/p>\n<p>\u201cEm 2025, as importa\u00e7\u00f5es atingiram o valor de \u20ac 1,9 bilh\u00e3o, um aumento de 11% em compara\u00e7\u00e3o com 2024\u201d, acrescentou Gallarate, \u201cconfirmando a fase de expans\u00e3o da demanda interna, que deve continuar tamb\u00e9m no m\u00e9dio prazo\u201d.<\/p>\n<p>O mercado espanhol tamb\u00e9m se destaca pelo avan\u00e7o das importa\u00e7\u00f5es de m\u00e1quinas agr\u00edcolas, que alcan\u00e7aram 1,9 bilh\u00e3o de euros em 2025, confirmando uma fase de expans\u00e3o do consumo dom\u00e9stico. As proje\u00e7\u00f5es indicam continuidade desse movimento entre 2026 e 2029, com crescimento m\u00e9dio anual das importa\u00e7\u00f5es. Alemanha, Fran\u00e7a e It\u00e1lia seguem como os principais fornecedores, enquanto a participa\u00e7\u00e3o da China tende a aumentar, acompanhando a tend\u00eancia observada no mercado europeu.&#13;\n<\/p>\n<p>Nesse cen\u00e1rio, a EIMA International se consolida como plataforma estrat\u00e9gica para o setor, com mais de 50 mil modelos em exposi\u00e7\u00e3o, distribu\u00eddos em 14 setores de especializa\u00e7\u00e3o e sete sal\u00f5es tem\u00e1ticos. A programa\u00e7\u00e3o prev\u00ea cerca de 150 eventos paralelos, incluindo f\u00f3runs sobre temas pol\u00edticos e econ\u00f4micos. Ao longo dos cinco dias, s\u00e3o esperados mais de 60 mil visitantes estrangeiros de 150 pa\u00edses, com destaque para a presen\u00e7a espanhola, refor\u00e7ando o papel da EIMA como espa\u00e7o de neg\u00f3cios, interc\u00e2mbio internacional e discuss\u00e3o sobre produtividade e sustentabilidade.<br \/>&#13;<br \/>\n\u00a0<\/p>\n<\/p><\/div>\n<p><script data-cfasync=\"false\">\n    !function (f, b, e, v, n, t, s) {\n        if (f.fbq) return; n = f.fbq = function () {\n            n.callMethod ?\n                n.callMethod.apply(n, arguments) : n.queue.push(arguments)\n        };\n        if (!f._fbq) f._fbq = n; n.push = n; n.loaded = !0; n.version = '2.0';\n        n.queue = []; t = b.createElement(e); t.async = !0;\n        t.src = v; s = b.getElementsByTagName(e)[0];\n        s.parentNode.insertBefore(t, s)\n    }(window, document, 'script',\n        'https:\/\/connect.facebook.net\/en_US\/fbevents.js');\n    fbq('init', '522546078623747');\n    fbq('track', 'PageView');\n<\/script><br \/>\n<br \/><br \/>\n<br \/>Fonte: <a href=\"https:\/\/www.agrolink.com.br\/noticias\/agro-aposta-em-inovacao-para-retomada-gradual_510812.html\">AGROLINK<\/a><\/p>\n","protected":false},"excerpt":{"rendered":"<p>A EIMA International, uma das maiores feiras mundiais de m\u00e1quinas agr\u00edcolas, ter\u00e1 sua 47\u00aa edi\u00e7\u00e3o realizada em Bolonha, entre os dias 10 e 14 de novembro de 2026, reunindo solu\u00e7\u00f5es tecnol\u00f3gicas voltadas a todos os modelos de agricultura. A apresenta\u00e7\u00e3o oficial do evento ocorreu na Espanha e indicou forte ades\u00e3o internacional, com praticamente todo o [&hellip;]<\/p>\n","protected":false},"author":5,"featured_media":49745,"comment_status":"open","ping_status":"open","sticky":false,"template":"","format":"standard","meta":{"_seopress_robots_primary_cat":"","_seopress_titles_title":"","_seopress_titles_desc":"","_seopress_robots_index":"","footnotes":""},"categories":[53],"tags":[],"class_list":["post-62392","post","type-post","status-publish","format-standard","has-post-thumbnail","hentry","category-agronegocio"],"_links":{"self":[{"href":"https:\/\/mussicom.com\/noticias\/wp-json\/wp\/v2\/posts\/62392","targetHints":{"allow":["GET"]}}],"collection":[{"href":"https:\/\/mussicom.com\/noticias\/wp-json\/wp\/v2\/posts"}],"about":[{"href":"https:\/\/mussicom.com\/noticias\/wp-json\/wp\/v2\/types\/post"}],"author":[{"embeddable":true,"href":"https:\/\/mussicom.com\/noticias\/wp-json\/wp\/v2\/users\/5"}],"replies":[{"embeddable":true,"href":"https:\/\/mussicom.com\/noticias\/wp-json\/wp\/v2\/comments?post=62392"}],"version-history":[{"count":0,"href":"https:\/\/mussicom.com\/noticias\/wp-json\/wp\/v2\/posts\/62392\/revisions"}],"wp:featuredmedia":[{"embeddable":true,"href":"https:\/\/mussicom.com\/noticias\/wp-json\/wp\/v2\/media\/49745"}],"wp:attachment":[{"href":"https:\/\/mussicom.com\/noticias\/wp-json\/wp\/v2\/media?parent=62392"}],"wp:term":[{"taxonomy":"category","embeddable":true,"href":"https:\/\/mussicom.com\/noticias\/wp-json\/wp\/v2\/categories?post=62392"},{"taxonomy":"post_tag","embeddable":true,"href":"https:\/\/mussicom.com\/noticias\/wp-json\/wp\/v2\/tags?post=62392"}],"curies":[{"name":"wp","href":"https:\/\/api.w.org\/{rel}","templated":true}]}}