{"id":62377,"date":"2026-02-11T01:56:19","date_gmt":"2026-02-11T04:56:19","guid":{"rendered":"https:\/\/mussicom.com\/caixa-lanca-microcredito-para-empreendedores-cadastrados-no-cadunico\/"},"modified":"2026-02-11T01:56:19","modified_gmt":"2026-02-11T04:56:19","slug":"caixa-lanca-microcredito-para-empreendedores-cadastrados-no-cadunico","status":"publish","type":"post","link":"https:\/\/mussicom.com\/noticias\/caixa-lanca-microcredito-para-empreendedores-cadastrados-no-cadunico\/","title":{"rendered":"CAIXA lan\u00e7a microcr\u00e9dito para empreendedores cadastrados no Cad\u00fanico"},"content":{"rendered":"<p> <br \/>\n<\/p>\n<div id=\"texto\">\n<p>A CAIXA lan\u00e7ou, nesta segunda-feira (9), projeto piloto de Microcr\u00e9dito no \u00e2mbito do programa Acredita no Primeiro Passo, do Governo Federal. A modalidade, chamada de Conquista + CAIXA, apoia fam\u00edlias cadastradas no Cad\u00danico por meio de cr\u00e9dito produtivo. Com a presen\u00e7a do Ministro do Desenvolvimento e Assist\u00eancia Social, Fam\u00edlia e Combate \u00e0 Fome (MDS), Wellington Dias, e do presidente da CAIXA, Carlos Vieira, foram assinados os primeiros contratos do Microcr\u00e9dito.<\/p>\n<p>\u00a0<\/p>\n<p>O projeto piloto ter\u00e1 dura\u00e7\u00e3o de 90 dias e ocorrer\u00e1 em tr\u00eas capitais: S\u00e3o Paulo (SP), Rio de Janeiro (RJ) e Belo Horizonte (MG).<\/p>\n<p>\u00a0<\/p>\n<p>Carlos Vieira afirmou que o programa mostra a capacidade que a CAIXA tem de transformar o pa\u00eds com o microcr\u00e9dito. &#8220;Esta parceria com o MDS permite alcan\u00e7ar fam\u00edlias que t\u00eam capacidade empreendedora e disponibilidade o cr\u00e9dito do Acredita no Primeiro Passo. Com o Governo Federal garantindo este financiamento, conseguimos trabalhar com taxas de juros menores e estender o benef\u00edcio a outras nacionalidades que foram absorvidas no Brasil, como forma de acolhimento a esses novos cidad\u00e3os&#8221;, disse Vieira.<\/p>\n<p>\u00a0<\/p>\n<p>Para o ministro Wellington Dias, iniciativas como o Acredita s\u00e3o fundamentais para refor\u00e7ar a promo\u00e7\u00e3o da cidadania e gera\u00e7\u00e3o de renda. &#8220;Vimos na CAIXA uma oportunidade por ser o maior banco social do Brasil e um dos maiores do mundo. O objetivo do Governo do Brasil \u00e9 tirar as pessoas da fome, mas tamb\u00e9m superar a pobreza e alcan\u00e7ar patamares mais altos. No Programa Acredita, a gente trabalha com a inclus\u00e3o socioecon\u00f4mica. Logo, logo, veremos essas pessoas que hoje recebem o financiamento assinando a carteira de outras pessoas e abrindo novas lojas&#8221;, afirmou.<\/p>\n<p>\u00a0<\/p>\n<p><strong>Projeto Piloto Microcr\u00e9dito Acredita<\/strong><\/p>\n<p>O programa Acredita no Primeiro Passo tem por objetivo combater a pobreza e a desigualdade por meio do trabalho, oferecendo cr\u00e9dito e qualifica\u00e7\u00e3o, com foco<\/p>\n<p>em territ\u00f3rios de alta vulnerabilidade socioecon\u00f4mica.<\/p>\n<p>\u00a0<\/p>\n<p>O programa vai atender empreendedores do Cad\u00danico, formais ou informais, com prioridade para grupos historicamente mais afetados pela desigualdade:<\/p>\n<p>\u00a0<\/p>\n<ul>&#13;<\/p>\n<li>Mulheres (meta m\u00ednima de 50% das opera\u00e7\u00f5es);<\/li>\n<p>&#13;<\/p>\n<li>Pessoas negras;<\/li>\n<p>&#13;<\/p>\n<li>Jovens;<\/li>\n<p>&#13;<\/p>\n<li>Pessoas com defici\u00eancia;<\/li>\n<p>&#13;<\/p>\n<li>Povos e comunidades tradicionais.<\/li>\n<p>&#13;\n<\/ul>\n<p>\u00a0<\/p>\n<p>Condi\u00e7\u00f5es do Microcr\u00e9dito:<\/p>\n<p>\u00a0<\/p>\n<ul>&#13;<\/p>\n<li>Cr\u00e9dito: R$ 500 a R$ 21 mil<\/li>\n<p>&#13;<\/p>\n<li>IOF: zero<\/li>\n<p>&#13;<\/p>\n<li>Taxa: SELIC + at\u00e9 2% a.a.<\/li>\n<p>&#13;<\/p>\n<li>Prazo: 4 a 12 meses<\/li>\n<p>&#13;<\/p>\n<li>Garantia: FGO<\/li>\n<p>&#13;\n<\/ul>\n<p>\u00a0<\/p>\n<p>O programa chega como um impulso para mudar a vida de empreendedoras como Mery Huallpa Chapi. Natural de La Paz, a boliviana \u00e9 uma entre tantos imigrantes que cruzaram a fronteira para trabalhar no ramo da ind\u00fastria t\u00eaxtil no centro de S\u00e3o Paulo.<\/p>\n<p>\u00a0<\/p>\n<p>Costureira experiente, Mery v\u00ea no apoio financeiro do Acredita a oportunidade de montar sua pr\u00f3pria oficina. &#8220;Este projeto me empurra para correr atr\u00e1s do meu sonho, para ajudar outras mulheres a cuidar de seus filhos e trabalharem com dignidade&#8221;, afirmou.<\/p>\n<p>\u00a0<\/p>\n<p>Ela conta que seu objetivo \u00e9 melhorar as condi\u00e7\u00f5es de trabalho em sua \u00e1rea de atua\u00e7\u00e3o, especialmente de outras m\u00e3es que n\u00e3o t\u00eam com quem deixar os filhos e s\u00e3o submetidas a jornadas de trabalho extenuantes.<\/p>\n<p>&#13;<br \/>\n\u00a0<\/p>\n<table align=\"center\" style=\"width:799px\">&#13;<\/p>\n<tbody>&#13;<\/p>\n<tr>&#13;<\/p>\n<td>&#13;<br \/>\n\t\t\t&#13;\n\t\t\t<\/td>\n<p>&#13;<br \/>\n\t\t<\/tr>\n<p>&#13;<br \/>\n\t<\/tbody>\n<p>&#13;<br \/>\n<\/table>\n<p><em>Mery Chapi vai investir em sua pr\u00f3pria confec\u00e7\u00e3o e espera transformar realidade de outras mulheres. Foto: Ca\u00edque Coufal\/CAIXA<\/em><\/p>\n<p>\u00a0<\/p>\n<p>Patr\u00edcia de Almeida, empreendedora da \u00e1rea da beleza, tamb\u00e9m voltou para casa com o contrato de microcr\u00e9dito assinado. Cabelereira, a paulistana conta que com o dinheiro vai investir na melhoria do seu sal\u00e3o, com possibilidade de expandir seu neg\u00f3cio e atrair novos clientes. &#8220;Contar com o apoio de um banco como a CAIXA d\u00e1 muita seguran\u00e7a, \u00e9 \u00f3timo para n\u00f3s&#8221;, afirmou.<\/p>\n<p>\u00a0<\/p>\n<table align=\"center\" style=\"width:799px\">&#13;<\/p>\n<tbody>&#13;<\/p>\n<tr>&#13;<\/p>\n<td><img decoding=\"async\" src=\"https:\/\/s2601.imxsnd92.com\/52QmO4EzM4YzN6InYu02bj5SOzJGQv12cpxWYuJ3bqpDNzcTOzgDM1QzM6cmbw5SO5gjN0AjN1ETM0YDOhJmMhhzNhBTOzATOwYjYygTYwYkMlgTYwYkMlQTMxUjMGJTJ1IzMxEzMwIDNz8VL1ETLf9VLwITLfpzM\" style=\"width:800px\"\/>&#13;<br \/>\n\t\t\t&#13;\n\t\t\t<\/td>\n<p>&#13;<br \/>\n\t\t<\/tr>\n<p>&#13;<br \/>\n\t<\/tbody>\n<p>&#13;<br \/>\n<\/table>\n<p><em>A paulistana Patr\u00edcia de Almeida destacou a seguran\u00e7a de contar com o apoio da CAIXA para investir em seu sal\u00e3o de beleza. Foto: Ca\u00edque Coufal\/CAIXA<\/em><\/p>\n<p>\u00a0<\/p>\n<p><strong>Conquista+ CAIXA<\/strong><\/p>\n<p>A CAIXA atua h\u00e1 mais de uma d\u00e9cada com programas de Microcr\u00e9dito Produtivo Orientado. Em dezembro 2024, o banco lan\u00e7ou novo modelo de neg\u00f3cios de Microcr\u00e9dito, o Conquista + CAIXA, que permite a operacionaliza\u00e7\u00e3o de linhas de Microcr\u00e9dito Urbano e Rural com variadas fontes de recursos.<\/p>\n<p>\u00a0<\/p>\n<p>O Conquista+ Caixa abrange os seguintes produtos:<\/p>\n<p>\u00a0<\/p>\n<p>\u2022 Microcr\u00e9dito Rural (Pronaf B): voltado a fam\u00edlias com renda bruta anual de at\u00e9 R$ 50 mil, financia atividades agropecu\u00e1rias e n\u00e3o agropecu\u00e1rias desenvolvidas em estabelecimentos rurais ou \u00e1reas comunit\u00e1rias pr\u00f3ximas;<\/p>\n<p>\u00a0<\/p>\n<p>\u2022 Microcr\u00e9dito Urbano PJ \u2013 Repasse: transfer\u00eancia de\u00a0<em>funding<\/em>\u00a0para opera\u00e7\u00f5es realizadas por interm\u00e9dio de entidades e oferecidas a microempreendedores de microrregi\u00f5es urbanas;<\/p>\n<p>\u00a0<\/p>\n<p>\u2022 Microcr\u00e9dito Urbano MEI \u2013 Procred 360: capital de giro destinada ao p\u00fablico Microempreendedor Individual (MEI) e Microempresas (ME) com faturamento bruto anual igual ou inferior a R$ 360 mil;<\/p>\n<p>\u00a0<\/p>\n<p>\u2022 Microcr\u00e9dito Urbano PF \u2013 Acredita no 1\u00ba Passo: cr\u00e9dito e qualifica\u00e7\u00e3o, com foco em territ\u00f3rios de alta vulnerabilidade socioecon\u00f4mica, com objetivo combater a pobreza e a desigualdade atrav\u00e9s do trabalho.<\/p>\n<p>\u00a0<\/p>\n<p>\u00a0<\/p>\n<p><strong>Programa Acredita no Primeiro Passo<\/strong><\/p>\n<p>O Programa Acredita no Primeiro Passo foi criado pelo Governo Federal para ajudar fam\u00edlias de baixa renda cadastradas no Cad\u00danico a melhorar de vida atrav\u00e9s do trabalho e do empreendedorismo. Ele oferece cursos profissionalizantes, apoio para quem busca emprego e oportunidades para quem quer abrir seu pr\u00f3prio neg\u00f3cio, incluindo acesso a microcr\u00e9dito com juros baixos e orienta\u00e7\u00e3o especializada.<\/p>\n<p>\u00a0<\/p>\n<\/p><\/div>\n<p><script async defer crossorigin=\"anonymous\" src=\"https:\/\/connect.facebook.net\/pt_BR\/sdk.js#xfbml=1&#038;version=v12.0&#038;appId=&#038;autoLogAppEvents=1\" nonce=\"ou0fI1lo\"><\/script><br \/>\n<br \/><br \/>\n<br \/>Fonte: <a href=\"https:\/\/www.bs9.com.br\/brasil\/caixa-lanca-microcredito-para-empreendedores-cadastrados-no-cadunico\/37603\/\">BS9<\/a><\/p>\n","protected":false},"excerpt":{"rendered":"<p>A CAIXA lan\u00e7ou, nesta segunda-feira (9), projeto piloto de Microcr\u00e9dito no \u00e2mbito do programa Acredita no Primeiro Passo, do Governo Federal. A modalidade, chamada de Conquista + CAIXA, apoia fam\u00edlias cadastradas no Cad\u00danico por meio de cr\u00e9dito produtivo. Com a presen\u00e7a do Ministro do Desenvolvimento e Assist\u00eancia Social, Fam\u00edlia e Combate \u00e0 Fome (MDS), Wellington [&hellip;]<\/p>\n","protected":false},"author":5,"featured_media":62378,"comment_status":"open","ping_status":"open","sticky":false,"template":"","format":"standard","meta":{"_seopress_robots_primary_cat":"","_seopress_titles_title":"","_seopress_titles_desc":"","_seopress_robots_index":"","footnotes":""},"categories":[52],"tags":[],"class_list":["post-62377","post","type-post","status-publish","format-standard","has-post-thumbnail","hentry","category-santoseregiao"],"_links":{"self":[{"href":"https:\/\/mussicom.com\/noticias\/wp-json\/wp\/v2\/posts\/62377","targetHints":{"allow":["GET"]}}],"collection":[{"href":"https:\/\/mussicom.com\/noticias\/wp-json\/wp\/v2\/posts"}],"about":[{"href":"https:\/\/mussicom.com\/noticias\/wp-json\/wp\/v2\/types\/post"}],"author":[{"embeddable":true,"href":"https:\/\/mussicom.com\/noticias\/wp-json\/wp\/v2\/users\/5"}],"replies":[{"embeddable":true,"href":"https:\/\/mussicom.com\/noticias\/wp-json\/wp\/v2\/comments?post=62377"}],"version-history":[{"count":0,"href":"https:\/\/mussicom.com\/noticias\/wp-json\/wp\/v2\/posts\/62377\/revisions"}],"wp:featuredmedia":[{"embeddable":true,"href":"https:\/\/mussicom.com\/noticias\/wp-json\/wp\/v2\/media\/62378"}],"wp:attachment":[{"href":"https:\/\/mussicom.com\/noticias\/wp-json\/wp\/v2\/media?parent=62377"}],"wp:term":[{"taxonomy":"category","embeddable":true,"href":"https:\/\/mussicom.com\/noticias\/wp-json\/wp\/v2\/categories?post=62377"},{"taxonomy":"post_tag","embeddable":true,"href":"https:\/\/mussicom.com\/noticias\/wp-json\/wp\/v2\/tags?post=62377"}],"curies":[{"name":"wp","href":"https:\/\/api.w.org\/{rel}","templated":true}]}}