{"id":62246,"date":"2026-02-10T13:36:27","date_gmt":"2026-02-10T16:36:27","guid":{"rendered":"https:\/\/mussicom.com\/filha-de-fachin-sai-em-defesa-de-processos-estruturais-do-stf\/"},"modified":"2026-02-10T13:36:27","modified_gmt":"2026-02-10T16:36:27","slug":"filha-de-fachin-sai-em-defesa-de-processos-estruturais-do-stf","status":"publish","type":"post","link":"https:\/\/mussicom.com\/noticias\/filha-de-fachin-sai-em-defesa-de-processos-estruturais-do-stf\/","title":{"rendered":"Filha de Fachin sai em defesa de processos estruturais do STF"},"content":{"rendered":"<p> <br \/>\n<\/p>\n<div id=\"tp-post-content\">\n<p class=\"postParagraph_post-paragraph__juWZN postParagraph_post-paragraph-innerHtml__Q5vwc\">A professora de Direito Constitucional Melina Fachin saiu em defesa dos chamados &#8220;processos estruturais&#8221; do Supremo Tribunal Federal (STF). O artigo &#8220;Processos constitucionalmente estruturais \u2013 quando e por qu\u00ea?&#8221; foi publicado no dia 2 de fevereiro, no portal do Ulysses Centro de Estudos Constitucionais. Melina \u00e9 filha do atual presidente da Corte, ministro Edson Fachin.<\/p>\n<p class=\"postParagraph_post-paragraph__juWZN postParagraph_post-paragraph-innerHtml__Q5vwc\">&#8220;Longe de representar uma expans\u00e3o arbitr\u00e1ria da atua\u00e7\u00e3o judicial, esses processos constituem uma resposta institucional necess\u00e1ria a problemas polic\u00eantricos e estruturalmente enraizados, cuja resolu\u00e7\u00e3o exige coordena\u00e7\u00e3o interinstitucional, participa\u00e7\u00e3o social cont\u00ednua e monitoramento permanente&#8221;, defendeu Melina.<\/p>\n<p class=\"postParagraph_post-paragraph__juWZN postParagraph_post-paragraph-innerHtml__Q5vwc\">Para o advogado Jeffrey Chiquini, que atua no Supremo em defesa do ex-assessor Filipe Martins, a defesa denota um desejo por poder: &#8220;No discurso, defendem mais Estado apenas para enganar a popula\u00e7\u00e3o com falsas narrativas de igualdade social, quando, em verdade, na pr\u00e1tica, querem controle, dom\u00ednio e poder.&#8221;<\/p>\n<p class=\"postParagraph_post-paragraph__juWZN postParagraph_post-paragraph-innerHtml__Q5vwc\">O STF possui ao menos 14 processos estruturais em andamento. O termo foi cunhado nos Estados Unidos, em 1979, pelo jurista Owen Fiss. Ele analisou um processo da Suprema Corte dos Estados Unidos que, ap\u00f3s declarar a inconstitucionalidade da segrega\u00e7\u00e3o racial nas escolas, decidiu seguir monitorando o tema. O conceito foi recuperado pelo STF no \u00e2mbito da a\u00e7\u00e3o que aplicou o plano Pena Justa, focado em reduzir a popula\u00e7\u00e3o carcer\u00e1ria no pa\u00eds. Desde ent\u00e3o, tem sido utilizado para tratar de processos controversos, que fazem com que a Corte seja acusada de violar a separa\u00e7\u00e3o de poderes e de criar processos intermin\u00e1veis.<\/p>\n<div class=\"postViewMore_post-view-more-container___5wai\" data-mrf-recirculation=\"Post - Veja tamb\u00e9m\">\n<p class=\"gp-styles-module-size-small-afeYRa gp-styles-module-font-family2-afeYRa gp-styles-module-color-secondary-afeYRa gp-styles-module-weight-bold-afeYRa\">VEJA TAMB\u00c9M:<\/p>\n<ul class=\"postViewMore_post-view-more-list__CU_CE\">\n<li class=\"postViewMore_post-view-more-item__2MzRb\"><span class=\"postViewMore_post-view-more-link-icon___stPC\"><svg xmlns=\"http:\/\/www.w3.org\/2000\/svg\" width=\"16\" height=\"16\" viewbox=\"0 0 16 16\"><rect width=\"16\" height=\"16\" fill=\"none\"\/><g transform=\"translate(3 3)\"><path d=\"M22.5,15l3.4,3.4-3.4,3.4\" transform=\"translate(-15.896 -11.793)\" fill=\"none\" stroke=\"#717171\" stroke-linecap=\"round\" stroke-width=\"1.4\"\/><path d=\"M6,6v4.2a2.452,2.452,0,0,0,2.5,2.4H16\" transform=\"translate(-6 -6)\" fill=\"none\" stroke=\"#717171\" stroke-linecap=\"round\" stroke-width=\"1.4\"\/><\/g><\/svg><\/span><span class=\"postViewMore_post-view-more-link-text__hO_kM\">Fachin se declara impedido de julgar banco cliente da filha advogada<\/span><\/li>\n<li class=\"postViewMore_post-view-more-item__2MzRb\"><span class=\"postViewMore_post-view-more-link-icon___stPC\"><svg xmlns=\"http:\/\/www.w3.org\/2000\/svg\" width=\"16\" height=\"16\" viewbox=\"0 0 16 16\"><rect width=\"16\" height=\"16\" fill=\"none\"\/><g transform=\"translate(3 3)\"><path d=\"M22.5,15l3.4,3.4-3.4,3.4\" transform=\"translate(-15.896 -11.793)\" fill=\"none\" stroke=\"#717171\" stroke-linecap=\"round\" stroke-width=\"1.4\"\/><path d=\"M6,6v4.2a2.452,2.452,0,0,0,2.5,2.4H16\" transform=\"translate(-6 -6)\" fill=\"none\" stroke=\"#717171\" stroke-linecap=\"round\" stroke-width=\"1.4\"\/><\/g><\/svg><\/span><span class=\"postViewMore_post-view-more-link-text__hO_kM\">\u00c0s v\u00e9speras de assumir o STF, Fachin condena \u201ceros\u00e3o democr\u00e1tica\u201d<\/span><\/li>\n<\/ul>\n<\/div>\n<h2 class=\"postParagraph_post-paragraph__juWZN postParagraph_post-paragraph-innerHtml__Q5vwc postParagraph_type-tag-h2__TtFkT\">Pacheco criou comiss\u00e3o e apresentou PL para definir regras ao Supremo<\/h2>\n<p class=\"postParagraph_post-paragraph__juWZN postParagraph_post-paragraph-innerHtml__Q5vwc\">O senador Rodrigo Pacheco (PSD-MG) apresentou um projeto de lei para disciplinar a pr\u00e1tica, definindo as regras para o andamento dos casos. O projeto \u00e9 fruto do trabalho de uma comiss\u00e3o que discutiu o tema, instaurada pelo pr\u00f3prio Pacheco, quando era presidente do Senado. Desde que foi protocolada, h\u00e1 um ano, a proposta permanece sem avan\u00e7o.<\/p>\n<p class=\"postParagraph_post-paragraph__juWZN postParagraph_post-paragraph-innerHtml__Q5vwc\">A principal cr\u00edtica da comunidade jur\u00eddica quanto a esse tipo de a\u00e7\u00e3o diz respeito ao chamado ativismo judicial, ou seja, \u00e0 tentativa dos ju\u00edzes de utilizar os processos como ferramenta de ativismo pol\u00edtico. H\u00e1, ainda, a acusa\u00e7\u00e3o de que a ferramenta acaba invadindo compet\u00eancias de outros poderes. Sobre isso, Melina evoca &#8220;as melhores pr\u00e1ticas globais e com a tradi\u00e7\u00e3o interamericana&#8221; para argumentar que, &#8220;quando o STF assume esse papel, ele n\u00e3o invade compet\u00eancias pol\u00edticas: ele cumpre o n\u00facleo da sua fun\u00e7\u00e3o constitucional, garantindo que nenhum poder \u2013 ou sua omiss\u00e3o \u2013 possa fragilizar a dignidade humana.&#8221;<\/p>\n<p class=\"postParagraph_post-paragraph__juWZN postParagraph_post-paragraph-innerHtml__Q5vwc\">Embora defenda o mecanismo, Melina faz uma ressalva: \u00a0&#8220;O STF s\u00f3 deve acionar o seu aparato estrutural quando presentes certos gatilhos normativos, e que a prote\u00e7\u00e3o dos direitos humanos, especialmente em chave transformadora, \u00e9 o crit\u00e9rio mais importante.&#8221; Na mesma linha, ela defende a articula\u00e7\u00e3o do Supremo com a Corte Interamericana de Direitos Humanos (CIDH). O \u00f3rg\u00e3o, citado oito vezes no artigo, \u00e9 tema recorrente na gest\u00e3o de Fachin, que assinou, logo que assumiu, um termo que prev\u00ea o estreitamento de la\u00e7os.<\/p>\n<p class=\"postParagraph_post-paragraph__juWZN postParagraph_post-paragraph-innerHtml__Q5vwc\">Melina tamb\u00e9m se alinha ao seu pai ao utilizar o termo &#8220;eros\u00e3o democr\u00e1tica&#8221; para defender que &#8220;estruturar a jurisdi\u00e7\u00e3o constitucional a partir da centralidade dos direitos humanos \u2013 e, sobretudo, dos compromissos interamericanos \u2013 \u00e9 vital.&#8221;<\/p>\n<p class=\"postParagraph_post-paragraph__juWZN postParagraph_post-paragraph-innerHtml__Q5vwc\">Ao final, a jurista admite que &#8220;processos constitucionalmente estruturais n\u00e3o s\u00e3o t\u00e9cnicas processuais neutras, mas instrumentos de defesa da Constitui\u00e7\u00e3o em contextos de viola\u00e7\u00e3o massiva de direitos&#8221; e que a exist\u00eancia dessas a\u00e7\u00f5es no Brasil surge, principalmente, em raz\u00e3o dos compromissos assumidos para com a CIDH.<\/p>\n<\/div>\n<p><br \/>\n<br \/>Fonte: <a href=\"https:\/\/www.gazetadopovo.com.br\/republica\/filha-de-fachin-sai-em-defesa-de-processos-estruturais-do-stf\/\">Revista Oeste<\/a><\/p>\n","protected":false},"excerpt":{"rendered":"<p>A professora de Direito Constitucional Melina Fachin saiu em defesa dos chamados &#8220;processos estruturais&#8221; do Supremo Tribunal Federal (STF). O artigo &#8220;Processos constitucionalmente estruturais \u2013 quando e por qu\u00ea?&#8221; foi publicado no dia 2 de fevereiro, no portal do Ulysses Centro de Estudos Constitucionais. Melina \u00e9 filha do atual presidente da Corte, ministro Edson Fachin. [&hellip;]<\/p>\n","protected":false},"author":5,"featured_media":62247,"comment_status":"open","ping_status":"open","sticky":false,"template":"","format":"standard","meta":{"_seopress_robots_primary_cat":"","_seopress_titles_title":"","_seopress_titles_desc":"","_seopress_robots_index":"","footnotes":""},"categories":[1],"tags":[],"class_list":["post-62246","post","type-post","status-publish","format-standard","has-post-thumbnail","hentry","category-ultimas-noticias"],"_links":{"self":[{"href":"https:\/\/mussicom.com\/noticias\/wp-json\/wp\/v2\/posts\/62246","targetHints":{"allow":["GET"]}}],"collection":[{"href":"https:\/\/mussicom.com\/noticias\/wp-json\/wp\/v2\/posts"}],"about":[{"href":"https:\/\/mussicom.com\/noticias\/wp-json\/wp\/v2\/types\/post"}],"author":[{"embeddable":true,"href":"https:\/\/mussicom.com\/noticias\/wp-json\/wp\/v2\/users\/5"}],"replies":[{"embeddable":true,"href":"https:\/\/mussicom.com\/noticias\/wp-json\/wp\/v2\/comments?post=62246"}],"version-history":[{"count":0,"href":"https:\/\/mussicom.com\/noticias\/wp-json\/wp\/v2\/posts\/62246\/revisions"}],"wp:featuredmedia":[{"embeddable":true,"href":"https:\/\/mussicom.com\/noticias\/wp-json\/wp\/v2\/media\/62247"}],"wp:attachment":[{"href":"https:\/\/mussicom.com\/noticias\/wp-json\/wp\/v2\/media?parent=62246"}],"wp:term":[{"taxonomy":"category","embeddable":true,"href":"https:\/\/mussicom.com\/noticias\/wp-json\/wp\/v2\/categories?post=62246"},{"taxonomy":"post_tag","embeddable":true,"href":"https:\/\/mussicom.com\/noticias\/wp-json\/wp\/v2\/tags?post=62246"}],"curies":[{"name":"wp","href":"https:\/\/api.w.org\/{rel}","templated":true}]}}