{"id":62177,"date":"2026-02-10T02:35:22","date_gmt":"2026-02-10T05:35:22","guid":{"rendered":"https:\/\/mussicom.com\/arroz-e-feijao-perdem-espaco-na-mesa-brasileira\/"},"modified":"2026-02-10T02:35:22","modified_gmt":"2026-02-10T05:35:22","slug":"arroz-e-feijao-perdem-espaco-na-mesa-brasileira","status":"publish","type":"post","link":"https:\/\/mussicom.com\/noticias\/arroz-e-feijao-perdem-espaco-na-mesa-brasileira\/","title":{"rendered":"Arroz e feij\u00e3o perdem espa\u00e7o na mesa brasileira"},"content":{"rendered":"<p> <br \/>\n<\/p>\n<div>\n<div class=\"row\">\n<div class=\"col-lg col-infos mt-0 mt-lg-0\">\n<div class=\"section-sub-title\">\n<p itemprop=\"description\">&#13;<br \/>\n                                Mais do que uma combina\u00e7\u00e3o frequente, arroz e feij\u00e3o representam base alimentar &#13;\n                            <\/p>\n<\/p><\/div>\n<div class=\"container\">\n<div class=\"row\">\n<div class=\"col-lg p-0\">\n<div>\n<div class=\"block-news-main-infos mt-3 text-start\">\n<p>                                            <strong class=\"fn\" itemprop=\"author\" style=\"color: rgb(112, 112, 112); \">&#13;<br \/>\n                                                Agrolink&#13;<br \/>\n&#13;<br \/>\n                                                    &#8211; Leonardo Gottems&#13;<br \/>\n&#13;<br \/>\n                                            <\/strong><br \/>\n                                        <\/p>\n<p>                                            <abbr><time datetime=\"2026 - 02 - 10T02:15\" itemprop=\"datePublished dateModified\"> Publicado em 10\/02\/2026 \u00e0s 02:15h.<\/time><\/abbr>\n                                    <\/div>\n<\/p><\/div>\n<\/p><\/div>\n<div class=\"col-lg p-0 text-lg-end\">\n<div>\n<div id=\"mdEnviarPagina\" class=\"modal fade\" role=\"dialog\">\n<div class=\"modal-dialog\">\n<div class=\"modal-content\">\n<div class=\"modal-body\">\n<p><strong>Estimado usu\u00e1rio.<\/strong><br \/>Preencha o formul\u00e1rio abaixo para remeter a p\u00e1gina.<\/p>\n<\/p><\/div>\n<\/p><\/div>\n<\/p><\/div>\n<\/div><\/div>\n<\/p><\/div>\n<\/p><\/div>\n<\/p><\/div>\n<\/p><\/div>\n<\/p><\/div>\n<div class=\"row justify-content-md-center mt-3\">\n<div class=\"col-lg-auto col-image block-news-main-image\">\n<p>                                <br \/>\n                                                <span class=\"d-block mt-1\">Mais do que uma combina\u00e7\u00e3o frequente, arroz e feij\u00e3o representam base alimentar  &#8211; Foto: Canva<\/span><\/p><\/div>\n<\/p><\/div>\n<div class=\"section-description section-description-noticias mt-3\">\n<p>A rela\u00e7\u00e3o do brasileiro com a comida do dia a dia ajuda a explicar mudan\u00e7as profundas no modo de vida e nos h\u00e1bitos alimentares do pa\u00eds. Segundo Sergio Cardoso, diretor de opera\u00e7\u00f5es na Itaobi Representa\u00e7\u00f5es, arroz e feij\u00e3o sempre foram mais do que alimentos b\u00e1sicos, funcionando como um s\u00edmbolo cultural presente na mesa e na identidade nacional.&#13;\n<\/p>\n<p>Na d\u00e9cada de 1980, quando uma can\u00e7\u00e3o popularizou a ideia de que duas pessoas podiam se completar como arroz e feij\u00e3o, o consumo anual de arroz no Brasil girava em torno de 45 quilos por habitante. Atualmente, esse volume caiu para cerca de 30 quilos per capita, evidenciando uma transforma\u00e7\u00e3o no padr\u00e3o alimentar da popula\u00e7\u00e3o. A mudan\u00e7a n\u00e3o est\u00e1 ligada ao produto em si, mas ao espa\u00e7o que ele passou a ocupar nas refei\u00e7\u00f5es.<\/p>\n<p>Com o passar do tempo, prepara\u00e7\u00f5es tradicionais foram sendo substitu\u00eddas por alimentos prontos e ultraprocessados, associados \u00e0 praticidade e \u00e0 rapidez. Esse movimento alterou a composi\u00e7\u00e3o da mesa brasileira e reduziu a presen\u00e7a de pratos simples, carregados de hist\u00f3ria e tradi\u00e7\u00e3o. O arroz com feij\u00e3o, antes elemento central das refei\u00e7\u00f5es, passou a dividir espa\u00e7o com op\u00e7\u00f5es industrializadas que oferecem conveni\u00eancia, mas pouca liga\u00e7\u00e3o cultural.&#13;\n<\/p>\n<p>Mais do que uma combina\u00e7\u00e3o frequente, arroz e feij\u00e3o representam base alimentar e equil\u00edbrio nutricional, al\u00e9m de carregarem um valor simb\u00f3lico constru\u00eddo ao longo de gera\u00e7\u00f5es. A redu\u00e7\u00e3o do consumo reflete n\u00e3o apenas uma mudan\u00e7a de gosto, mas tamb\u00e9m uma altera\u00e7\u00e3o no ritmo de vida e na rela\u00e7\u00e3o das fam\u00edlias com a comida.<\/p>\n<p>Esse cen\u00e1rio convida a uma reflex\u00e3o sobre o significado de progresso nos h\u00e1bitos alimentares. Ao olhar para o passado, como fez a m\u00fasica lan\u00e7ada nos anos 1980, surge a percep\u00e7\u00e3o de que nem toda mudan\u00e7a representa avan\u00e7o, especialmente quando implica o afastamento de refer\u00eancias que ajudaram a moldar a identidade alimentar brasileira.<br \/>&#13;<br \/>\n\u00a0&#13;\n<\/p>\n<\/p><\/div>\n<\/p><\/div>\n<p><script data-cfasync=\"false\">\n    !function (f, b, e, v, n, t, s) {\n        if (f.fbq) return; n = f.fbq = function () {\n            n.callMethod ?\n                n.callMethod.apply(n, arguments) : n.queue.push(arguments)\n        };\n        if (!f._fbq) f._fbq = n; n.push = n; n.loaded = !0; n.version = '2.0';\n        n.queue = []; t = b.createElement(e); t.async = !0;\n        t.src = v; s = b.getElementsByTagName(e)[0];\n        s.parentNode.insertBefore(t, s)\n    }(window, document, 'script',\n        'https:\/\/connect.facebook.net\/en_US\/fbevents.js');\n    fbq('init', '522546078623747');\n    fbq('track', 'PageView');\n<\/script><br \/>\n<br \/><br \/>\n<br \/>Fonte: <a href=\"https:\/\/www.agrolink.com.br\/noticias\/arroz-e-feijao-perdem-espaco-na-mesa-brasileira_510738.html\">AGROLINK<\/a><\/p>\n","protected":false},"excerpt":{"rendered":"<p>&#13; Mais do que uma combina\u00e7\u00e3o frequente, arroz e feij\u00e3o representam base alimentar &#13; &#13; Agrolink&#13; &#13; &#8211; Leonardo Gottems&#13; &#13; Publicado em 10\/02\/2026 \u00e0s 02:15h. Estimado usu\u00e1rio.Preencha o formul\u00e1rio abaixo para remeter a p\u00e1gina. Mais do que uma combina\u00e7\u00e3o frequente, arroz e feij\u00e3o representam base alimentar &#8211; Foto: Canva A rela\u00e7\u00e3o do brasileiro com [&hellip;]<\/p>\n","protected":false},"author":5,"featured_media":62178,"comment_status":"open","ping_status":"open","sticky":false,"template":"","format":"standard","meta":{"_seopress_robots_primary_cat":"","_seopress_titles_title":"","_seopress_titles_desc":"","_seopress_robots_index":"","footnotes":""},"categories":[53],"tags":[],"class_list":["post-62177","post","type-post","status-publish","format-standard","has-post-thumbnail","hentry","category-agronegocio"],"_links":{"self":[{"href":"https:\/\/mussicom.com\/noticias\/wp-json\/wp\/v2\/posts\/62177","targetHints":{"allow":["GET"]}}],"collection":[{"href":"https:\/\/mussicom.com\/noticias\/wp-json\/wp\/v2\/posts"}],"about":[{"href":"https:\/\/mussicom.com\/noticias\/wp-json\/wp\/v2\/types\/post"}],"author":[{"embeddable":true,"href":"https:\/\/mussicom.com\/noticias\/wp-json\/wp\/v2\/users\/5"}],"replies":[{"embeddable":true,"href":"https:\/\/mussicom.com\/noticias\/wp-json\/wp\/v2\/comments?post=62177"}],"version-history":[{"count":0,"href":"https:\/\/mussicom.com\/noticias\/wp-json\/wp\/v2\/posts\/62177\/revisions"}],"wp:featuredmedia":[{"embeddable":true,"href":"https:\/\/mussicom.com\/noticias\/wp-json\/wp\/v2\/media\/62178"}],"wp:attachment":[{"href":"https:\/\/mussicom.com\/noticias\/wp-json\/wp\/v2\/media?parent=62177"}],"wp:term":[{"taxonomy":"category","embeddable":true,"href":"https:\/\/mussicom.com\/noticias\/wp-json\/wp\/v2\/categories?post=62177"},{"taxonomy":"post_tag","embeddable":true,"href":"https:\/\/mussicom.com\/noticias\/wp-json\/wp\/v2\/tags?post=62177"}],"curies":[{"name":"wp","href":"https:\/\/api.w.org\/{rel}","templated":true}]}}