{"id":62164,"date":"2026-02-09T23:49:19","date_gmt":"2026-02-10T02:49:19","guid":{"rendered":"https:\/\/mussicom.com\/hugo-calderano-vira-numero-2-do-mundo-e-1o-sul-americano-na-posicao\/"},"modified":"2026-02-09T23:49:19","modified_gmt":"2026-02-10T02:49:19","slug":"hugo-calderano-vira-numero-2-do-mundo-e-1o-sul-americano-na-posicao","status":"publish","type":"post","link":"https:\/\/mussicom.com\/noticias\/hugo-calderano-vira-numero-2-do-mundo-e-1o-sul-americano-na-posicao\/","title":{"rendered":"Hugo Calderano vira n\u00famero 2 do mundo e 1\u00ba sul-americano na posi\u00e7\u00e3o"},"content":{"rendered":"<p> <br \/>\n<\/p>\n<div>\n<p>O mesatentista Hugo Carioca \u00e9 o novo <strong>vice-l\u00edder do ranking mundial<\/strong>, ap\u00f3s atualiza\u00e7\u00e3o da lista da Federa\u00e7\u00e3o Internacional de T\u00eanis de Mesa (ITTF, na sigla em ingl\u00eas) nesta segunda-feira (9). Al\u00e9m de alcan\u00e7ar a posi\u00e7\u00e3o in\u00e9dita na carreira, o brasileiro tornou-se o primeiro atleta das Am\u00e9ricas a ocupar a coloca\u00e7\u00e3o da modalidade, tradicionalmente dominada por asi\u00e1ticos e europeus. Calderano assumiu o segundo lugar ap\u00f3s ultrapassar o chin\u00eas Wang Chuqin. O topo no ranking segue com outro chin\u00eas: Wang Chuqin.<img decoding=\"async\" src=\"https:\/\/agenciabrasil.ebc.com.br\/ebc.gif?id=1677591&amp;o=node\" style=\"width:1px; height:1px; display:inline;\"\/><\/p>\n<p>&#8220;\u00c9 um grande orgulho para mim levar o Brasil a mais um lugar in\u00e9dito na hist\u00f3ria do t\u00eanis de mesa. Esse feito \u00e9 fruto de uma temporada incr\u00edvel, a melhor da minha carreira at\u00e9 aqui. O ano est\u00e1 s\u00f3 come\u00e7ando e espero alcan\u00e7ar outros grandes resultados&#8221;, disse Calderano em depoimento \u00e0 Confedera\u00e7\u00e3o Brasileira de T\u00eanis de Mesa (CBTM).<\/p>\n<blockquote class=\"instagram-media\" data-instgrm-captioned=\"\" data-instgrm-permalink=\"https:\/\/www.instagram.com\/p\/DUip8DoDUus\/?utm_source=ig_embed&amp;utm_campaign=loading\" data-instgrm-version=\"14\" style=\" background:#FFF; border:0; border-radius:3px; box-shadow:0 0 1px 0 rgba(0,0,0,0.5),0 1px 10px 0 rgba(0,0,0,0.15); margin: 1px; max-width:540px; min-width:326px; padding:0; width:99.375%; width:-webkit-calc(100% - 2px); width:calc(100% - 2px);\">\n<\/blockquote>\n<p>Calderano iniciou 2026 como medalha de<strong> bronze no WTT Star Contender de Doha <\/strong>(Catar)<strong>.<\/strong> Na temporada passada, o\u00a0mesatenista de 26 anos enfileirou \u00f3timos resultados: em abril ele subiu da quinta para a terceira posi\u00e7\u00e3o no ranking, ap\u00f3s conquistar a Copa do Mundo em Macau (China), pa\u00eds com mais estrelas na modalidade. Um m\u00eas depois, ele foi vice-campe\u00e3o mundial em Doha \u2013 at\u00e9 ent\u00e3o, somente asi\u00e1ticos e europeus haviam disputado a final.<\/p>\n<p>&gt;&gt; Siga o canal da <strong>Ag\u00eancia Brasil <\/strong>no WhatsApp<\/p>\n<p>A atual n\u00famero 2 do mundo,<strong> o brasileiro assinou contrato na \u00faltima sexta (6) com o FC Saarbr\u00fccken,<\/strong> clube alem\u00e3o que disputa a Bundesliga, a Copa da Alemanha e a Liga dos Campe\u00f5es. Ap\u00f3s quase 10 anos atuando no TTF Liebherr Ochsenhausen, Calderano anunciou nas redes sociais que defender\u00e1 o novo clube\u00a0temporada 2026\/27. \u00a0<\/p>\n<p>      <!-- Relacionada --><\/p>\n<p>            <!-- Relacionada -->\n    <\/div>\n<p><script async src=\"\/\/www.instagram.com\/embed.js\"><\/script><br \/>\n<br \/><br \/>\n<br \/>Fonte: <a href=\"https:\/\/agenciabrasil.ebc.com.br\/esportes\/noticia\/2026-02\/hugo-calderano-vira-numero-2-do-mundo-e-1o-sul-americano-na-posicao\">Ag\u00eancia Brasil<\/a><\/p>\n","protected":false},"excerpt":{"rendered":"<p>O mesatentista Hugo Carioca \u00e9 o novo vice-l\u00edder do ranking mundial, ap\u00f3s atualiza\u00e7\u00e3o da lista da Federa\u00e7\u00e3o Internacional de T\u00eanis de Mesa (ITTF, na sigla em ingl\u00eas) nesta segunda-feira (9). Al\u00e9m de alcan\u00e7ar a posi\u00e7\u00e3o in\u00e9dita na carreira, o brasileiro tornou-se o primeiro atleta das Am\u00e9ricas a ocupar a coloca\u00e7\u00e3o da modalidade, tradicionalmente dominada por [&hellip;]<\/p>\n","protected":false},"author":5,"featured_media":28385,"comment_status":"open","ping_status":"open","sticky":false,"template":"","format":"standard","meta":{"_seopress_robots_primary_cat":"","_seopress_titles_title":"","_seopress_titles_desc":"","_seopress_robots_index":"","footnotes":""},"categories":[40],"tags":[],"class_list":["post-62164","post","type-post","status-publish","format-standard","has-post-thumbnail","hentry","category-esportes"],"_links":{"self":[{"href":"https:\/\/mussicom.com\/noticias\/wp-json\/wp\/v2\/posts\/62164","targetHints":{"allow":["GET"]}}],"collection":[{"href":"https:\/\/mussicom.com\/noticias\/wp-json\/wp\/v2\/posts"}],"about":[{"href":"https:\/\/mussicom.com\/noticias\/wp-json\/wp\/v2\/types\/post"}],"author":[{"embeddable":true,"href":"https:\/\/mussicom.com\/noticias\/wp-json\/wp\/v2\/users\/5"}],"replies":[{"embeddable":true,"href":"https:\/\/mussicom.com\/noticias\/wp-json\/wp\/v2\/comments?post=62164"}],"version-history":[{"count":0,"href":"https:\/\/mussicom.com\/noticias\/wp-json\/wp\/v2\/posts\/62164\/revisions"}],"wp:featuredmedia":[{"embeddable":true,"href":"https:\/\/mussicom.com\/noticias\/wp-json\/wp\/v2\/media\/28385"}],"wp:attachment":[{"href":"https:\/\/mussicom.com\/noticias\/wp-json\/wp\/v2\/media?parent=62164"}],"wp:term":[{"taxonomy":"category","embeddable":true,"href":"https:\/\/mussicom.com\/noticias\/wp-json\/wp\/v2\/categories?post=62164"},{"taxonomy":"post_tag","embeddable":true,"href":"https:\/\/mussicom.com\/noticias\/wp-json\/wp\/v2\/tags?post=62164"}],"curies":[{"name":"wp","href":"https:\/\/api.w.org\/{rel}","templated":true}]}}