{"id":62158,"date":"2026-02-09T23:31:15","date_gmt":"2026-02-10T02:31:15","guid":{"rendered":"https:\/\/mussicom.com\/sebrae-sp-abre-inscricoes-para-curso-gratuito-de-marketing-em-registro\/"},"modified":"2026-02-09T23:31:15","modified_gmt":"2026-02-10T02:31:15","slug":"sebrae-sp-abre-inscricoes-para-curso-gratuito-de-marketing-em-registro","status":"publish","type":"post","link":"https:\/\/mussicom.com\/noticias\/sebrae-sp-abre-inscricoes-para-curso-gratuito-de-marketing-em-registro\/","title":{"rendered":"Sebrae-SP abre inscri\u00e7\u00f5es para curso gratuito de marketing em Registro\u00a0"},"content":{"rendered":"<p> <br \/>\n<\/p>\n<div id=\"texto\">\n<p>O Sebrae-SP est\u00e1 com inscri\u00e7\u00f5es abertas para mais um curso presencial na sede do Escrit\u00f3rio Regional do Vale do Ribeira em Registro. Com o tema &#8216;Comece a planejar o marketing da sua empresa&#8217;, o treinamento gratuito ser\u00e1 realizado no dia 11 de fevereiro, a partir das 18h30. As inscri\u00e7\u00f5es s\u00e3o gratuitas e devem ser feitas pelo site\u00a0<u>http:\/\/inscricao.sebraesp.com.br\/produto\/turma\/37617871<\/u>. As vagas s\u00e3o limitadas. \u00a0<\/p>\n<p>\u00a0<\/p>\n<p>O objetivo \u00e9 auxiliar micro e pequenos empreendedores a montar uma base estrat\u00e9gica de marketing para atrair e fidelizar clientes, alinhando a\u00e7\u00f5es \u00e0s metas do neg\u00f3cio e trabalhando com ferramentas simples e aplic\u00e1veis no cotidiano empresarial. \u00a0<\/p>\n<p>\u00a0<\/p>\n<p>&#8220;Investir em marketing se tornou estrat\u00e9gico para a sobreviv\u00eancia e o crescimento das empresas, especialmente micro e pequenos neg\u00f3cios. Em um mercado cada vez mais competitivo e digital, o marketing contribui para conectar a empresa ao cliente certo, no momento certo&#8221;, enfatiza a gerente regional do Sebrae-SP, Michelle dos Santos. \u00a0<\/p>\n<p>\u00a0<\/p>\n<p>O curso abordar\u00e1 os fundamentos do marketing, como definir o produto\/servi\u00e7o, identificar o p\u00fablico-alvo, explorar a segmenta\u00e7\u00e3o de mercado e compreender o processo de decis\u00e3o do consumidor e a influ\u00eancia dos grupos de refer\u00eancia. \u00a0<\/p>\n<p>\u00a0<\/p>\n<p>A programa\u00e7\u00e3o atualizada de cursos realizados pelo Sebrae-SP pode ser acessada no site\u00a0<u>https:\/\/agenda.sebraesp.com.br\/valedoribeira<\/u>. \u00a0<\/p>\n<p>\u00a0<\/p>\n<p><strong>SERVI\u00c7O\u00a0<\/strong>\u00a0<\/p>\n<p>Curso &#8216;Comece a planejar o marketing da sua empresa&#8217; \u00a0<\/p>\n<p>Data: 11 de fevereiro (quarta-feira) \u00a0<\/p>\n<p>Hor\u00e1rio: 18h30 \u00e0s 22h30 \u00a0<\/p>\n<p>Local: Escrit\u00f3rio Regional do Sebrae-SP em Registro \u00a0<\/p>\n<p>Endere\u00e7o: Rua Jos\u00e9 Antonio\u00a0de Campos, 297 \u2013 Centro Inscri\u00e7\u00f5es gratuitas pelo site\u00a0<u>http:\/\/inscricao.sebraesp.com.br\/produto\/turma\/37617871<\/u>\u00a0<\/p>\n<\/p><\/div>\n<p><script async defer crossorigin=\"anonymous\" src=\"https:\/\/connect.facebook.net\/pt_BR\/sdk.js#xfbml=1&#038;version=v12.0&#038;appId=&#038;autoLogAppEvents=1\" nonce=\"ou0fI1lo\"><\/script><br \/>\n<br \/><br \/>\n<br \/>Fonte: <a href=\"https:\/\/www.bs9.com.br\/litoral\/sebrae-sp-abre-inscricoes-para-curso-gratuito-de-marketing-em-registro\/37566\/\">BS9<\/a><\/p>\n","protected":false},"excerpt":{"rendered":"<p>O Sebrae-SP est\u00e1 com inscri\u00e7\u00f5es abertas para mais um curso presencial na sede do Escrit\u00f3rio Regional do Vale do Ribeira em Registro. Com o tema &#8216;Comece a planejar o marketing da sua empresa&#8217;, o treinamento gratuito ser\u00e1 realizado no dia 11 de fevereiro, a partir das 18h30. As inscri\u00e7\u00f5es s\u00e3o gratuitas e devem ser feitas [&hellip;]<\/p>\n","protected":false},"author":5,"featured_media":62159,"comment_status":"open","ping_status":"open","sticky":false,"template":"","format":"standard","meta":{"_seopress_robots_primary_cat":"","_seopress_titles_title":"","_seopress_titles_desc":"","_seopress_robots_index":"","footnotes":""},"categories":[52],"tags":[],"class_list":["post-62158","post","type-post","status-publish","format-standard","has-post-thumbnail","hentry","category-santoseregiao"],"_links":{"self":[{"href":"https:\/\/mussicom.com\/noticias\/wp-json\/wp\/v2\/posts\/62158","targetHints":{"allow":["GET"]}}],"collection":[{"href":"https:\/\/mussicom.com\/noticias\/wp-json\/wp\/v2\/posts"}],"about":[{"href":"https:\/\/mussicom.com\/noticias\/wp-json\/wp\/v2\/types\/post"}],"author":[{"embeddable":true,"href":"https:\/\/mussicom.com\/noticias\/wp-json\/wp\/v2\/users\/5"}],"replies":[{"embeddable":true,"href":"https:\/\/mussicom.com\/noticias\/wp-json\/wp\/v2\/comments?post=62158"}],"version-history":[{"count":0,"href":"https:\/\/mussicom.com\/noticias\/wp-json\/wp\/v2\/posts\/62158\/revisions"}],"wp:featuredmedia":[{"embeddable":true,"href":"https:\/\/mussicom.com\/noticias\/wp-json\/wp\/v2\/media\/62159"}],"wp:attachment":[{"href":"https:\/\/mussicom.com\/noticias\/wp-json\/wp\/v2\/media?parent=62158"}],"wp:term":[{"taxonomy":"category","embeddable":true,"href":"https:\/\/mussicom.com\/noticias\/wp-json\/wp\/v2\/categories?post=62158"},{"taxonomy":"post_tag","embeddable":true,"href":"https:\/\/mussicom.com\/noticias\/wp-json\/wp\/v2\/tags?post=62158"}],"curies":[{"name":"wp","href":"https:\/\/api.w.org\/{rel}","templated":true}]}}