{"id":62080,"date":"2026-02-09T16:24:19","date_gmt":"2026-02-09T19:24:19","guid":{"rendered":"https:\/\/mussicom.com\/mais-110-familias-de-praia-grande-sao-beneficiadas-pelo-programa-dono-do-lote\/"},"modified":"2026-02-09T16:24:19","modified_gmt":"2026-02-09T19:24:19","slug":"mais-110-familias-de-praia-grande-sao-beneficiadas-pelo-programa-dono-do-lote","status":"publish","type":"post","link":"https:\/\/mussicom.com\/noticias\/mais-110-familias-de-praia-grande-sao-beneficiadas-pelo-programa-dono-do-lote\/","title":{"rendered":"Mais 110 fam\u00edlias de Praia Grande s\u00e3o beneficiadas pelo programa Dono do Lote"},"content":{"rendered":"<p> <br \/>\n<\/p>\n<div id=\"texto\">\n<p>A alegria estampada nos rostos de Edite Santos e Carlos Silveira tinha \u00a0um motivo mais que especial. O amoroso e simp\u00e1tico casal realizou o \u00a0sonho de uma vida toda ao receber gratuitamente o t\u00edtulo de sua \u00a0propriedade j\u00e1 registrado no cart\u00f3rio de im\u00f3veis. A documenta\u00e7\u00e3o foi \u00a0entregue durante mais uma etapa do programa Dono do Lote, a\u00e7\u00e3o \u00a0desenvolvido pela Prefeitura de Praia Grande.<br \/>&#13;<br \/>\n\u00a0<\/p>\n<p>Milhares de fam\u00edlias praia-grandenses j\u00e1 foram beneficiadas com este \u00a0programa habitacional. No total, nessa nova etapa foram entregues 110 \u00a0t\u00edtulos de propriedades que ficam localizadas no N\u00facleo Campo do Galo, \u00a0no Bairro Nova Mirim. Em breve, outras 360 fam\u00edlias que residem na \u00a0mesma regi\u00e3o do Munic\u00edpio tamb\u00e9m ser\u00e3o contempladas.<br \/>&#13;<br \/>\n\u00a0<\/p>\n<p>\u201cEstou muito feliz. Esperamos muito por isso. \u00c9 o sonho de uma vida. \u00a0Agrade\u00e7o a Prefeitura por isso. Vivemos aqui no Bairro Nova Mirim tem \u00a0quase trinta anos. Acompanhamos todo o desenvolvimento de Praia \u00a0Grande. \u00c9 a Cidade que amamos. Agora, vamos para casa ligar e contar \u00a0essa novidade para o nosso filho, que est\u00e1 viajando\u201d, contou Edite ao \u00a0lado do esposo Calos, com quem \u00e9 casada h\u00e1 quase 40 anos.<br \/>&#13;<br \/>\n\u00a0<\/p>\n<p>O prefeito de Praia Grande, Alberto Mour\u00e3o, participou do evento de \u00a0entrega dos 110 t\u00edtulos. A solenidade ocorreu no \u00faltimo s\u00e1bado (31), \u00a0na Escola Municipal Governador M\u00e1rio Covas. Na oportunidade, o chefe \u00a0do Executivo praia-grandense destacou o trabalho da equipe da \u00a0Secretaria de Habita\u00e7\u00e3o (Sehab) da Cidade nas atividades ligadas a \u00a0regulariza\u00e7\u00e3o fundi\u00e1ria e confirmou que a meta \u00e9 beneficiar ainda mais \u00a0fam\u00edlias com este trabalho.<br \/>&#13;<br \/>\n\u00a0<\/p>\n<p>\u201cParabenizo essas fam\u00edlias que est\u00e3o recebendo a documenta\u00e7\u00e3o. Esse \u00a0t\u00edtulo traz seguran\u00e7a e significa o in\u00edcio de uma nova fase em suas \u00a0vidas. N\u00e3o vamos parar por a\u00ed. A Prefeitura de Praia Grande seguir\u00e1 \u00a0avan\u00e7ando com o programa Dono do Lote. Temos a previs\u00e3o de entregar \u00a0milhares de novos t\u00edtulos nos pr\u00f3ximos anos\u201d, adiantou Mour\u00e3o.<br \/>&#13;<br \/>\n\u00a0<\/p>\n<p>O secret\u00e1rio de Habita\u00e7\u00e3o de Praia Grande, Fabr\u00edcio Menezes de Paula, \u00a0destacou que existem diversas n\u00facleos na Cidade que j\u00e1 foram ou ainda \u00a0ser\u00e3o atendidos. O titular da Sehab tamb\u00e9m confirmou que a Prefeitura \u00a0atua para concretizar novas parcerias com os governos Estadual e \u00a0Federal para a realiza\u00e7\u00e3o de mais projetos na \u00e1rea habitacional.<br \/>&#13;<br \/>\n\u00a0<\/p>\n<p>\u201cNa pr\u00e1tica, o t\u00edtulo de propriedade oficializa de uma vez por todas a \u00a0posse de seus terrenos para essas fam\u00edlias. Teremos mais novidades. \u00a0Praia Grande tem trabalhado para trazer mais qualidade de vida para as \u00a0pessoas que moram no nosso Munic\u00edpio. Agrade\u00e7o a dedica\u00e7\u00e3o e o empenho \u00a0dos servidores da Sehab. Eles est\u00e3o fazendo a diferen\u00e7a\u201d, disse Menezes.<\/p>\n<\/p><\/div>\n<p><script async defer crossorigin=\"anonymous\" src=\"https:\/\/connect.facebook.net\/pt_BR\/sdk.js#xfbml=1&#038;version=v12.0&#038;appId=&#038;autoLogAppEvents=1\" nonce=\"ou0fI1lo\"><\/script><br \/>\n<br \/><br \/>\n<br \/>Fonte: <a href=\"https:\/\/www.bs9.com.br\/litoral\/mais-110-familias-de-praia-grande-sao-beneficiadas-pelo-programa-dono\/37581\/\">BS9<\/a><\/p>\n","protected":false},"excerpt":{"rendered":"<p>A alegria estampada nos rostos de Edite Santos e Carlos Silveira tinha \u00a0um motivo mais que especial. O amoroso e simp\u00e1tico casal realizou o \u00a0sonho de uma vida toda ao receber gratuitamente o t\u00edtulo de sua \u00a0propriedade j\u00e1 registrado no cart\u00f3rio de im\u00f3veis. A documenta\u00e7\u00e3o foi \u00a0entregue durante mais uma etapa do programa Dono do [&hellip;]<\/p>\n","protected":false},"author":5,"featured_media":62081,"comment_status":"open","ping_status":"open","sticky":false,"template":"","format":"standard","meta":{"_seopress_robots_primary_cat":"","_seopress_titles_title":"","_seopress_titles_desc":"","_seopress_robots_index":"","footnotes":""},"categories":[52],"tags":[],"class_list":["post-62080","post","type-post","status-publish","format-standard","has-post-thumbnail","hentry","category-santoseregiao"],"_links":{"self":[{"href":"https:\/\/mussicom.com\/noticias\/wp-json\/wp\/v2\/posts\/62080","targetHints":{"allow":["GET"]}}],"collection":[{"href":"https:\/\/mussicom.com\/noticias\/wp-json\/wp\/v2\/posts"}],"about":[{"href":"https:\/\/mussicom.com\/noticias\/wp-json\/wp\/v2\/types\/post"}],"author":[{"embeddable":true,"href":"https:\/\/mussicom.com\/noticias\/wp-json\/wp\/v2\/users\/5"}],"replies":[{"embeddable":true,"href":"https:\/\/mussicom.com\/noticias\/wp-json\/wp\/v2\/comments?post=62080"}],"version-history":[{"count":0,"href":"https:\/\/mussicom.com\/noticias\/wp-json\/wp\/v2\/posts\/62080\/revisions"}],"wp:featuredmedia":[{"embeddable":true,"href":"https:\/\/mussicom.com\/noticias\/wp-json\/wp\/v2\/media\/62081"}],"wp:attachment":[{"href":"https:\/\/mussicom.com\/noticias\/wp-json\/wp\/v2\/media?parent=62080"}],"wp:term":[{"taxonomy":"category","embeddable":true,"href":"https:\/\/mussicom.com\/noticias\/wp-json\/wp\/v2\/categories?post=62080"},{"taxonomy":"post_tag","embeddable":true,"href":"https:\/\/mussicom.com\/noticias\/wp-json\/wp\/v2\/tags?post=62080"}],"curies":[{"name":"wp","href":"https:\/\/api.w.org\/{rel}","templated":true}]}}