{"id":62075,"date":"2026-02-09T16:19:16","date_gmt":"2026-02-09T19:19:16","guid":{"rendered":"https:\/\/mussicom.com\/acordo-entre-mercosul-e-uniao-europeia-pode-ser-votado-na-camara-apos-o-carnaval\/"},"modified":"2026-02-09T16:19:16","modified_gmt":"2026-02-09T19:19:16","slug":"acordo-entre-mercosul-e-uniao-europeia-pode-ser-votado-na-camara-apos-o-carnaval","status":"publish","type":"post","link":"https:\/\/mussicom.com\/noticias\/acordo-entre-mercosul-e-uniao-europeia-pode-ser-votado-na-camara-apos-o-carnaval\/","title":{"rendered":"Acordo entre Mercosul e Uni\u00e3o Europeia pode ser votado na C\u00e2mara ap\u00f3s o carnaval"},"content":{"rendered":"<p> <br \/>\n<\/p>\n<div id=\"tp-post-content\">\n<p class=\"postParagraph_post-paragraph__juWZN postParagraph_post-paragraph-innerHtml__Q5vwc\">O acordo de livre com\u00e9rcio entre o Mercosul e a Uni\u00e3o Europeia pode come\u00e7ar a ser votado na C\u00e2mara dos Deputados logo ap\u00f3s o carnaval, ap\u00f3s o deputado federal Arlindo Chinaglia (PT-SP) apresentar parecer favor\u00e1vel \u00e0 aprova\u00e7\u00e3o do texto nesta segunda (9).<\/p>\n<p class=\"postParagraph_post-paragraph__juWZN postParagraph_post-paragraph-innerHtml__Q5vwc\">O parecer foi apresentado ao presidente da C\u00e2mara, Hugo Motta (Republicanos-PB), durante uma reuni\u00e3o de l\u00edderes na Resid\u00eancia Oficial antecipada em resposta \u00e0 mensagem enviada pelo Pal\u00e1cio do Planalto ao Legislativo na semana anterior. Para entrar em vigor internamente, o acordo precisa ser aprovado pelo Congresso.<\/p>\n<p class=\"postParagraph_post-paragraph__juWZN postParagraph_post-paragraph-innerHtml__Q5vwc\">Segundo Chinaglia, a tramita\u00e7\u00e3o deve come\u00e7ar pela Representa\u00e7\u00e3o Brasileira no Parlamento do Mercosul, com vota\u00e7\u00e3o prevista j\u00e1 para esta ter\u00e7a-feira (10).<\/p>\n<p class=\"postParagraph_post-paragraph__juWZN postParagraph_post-paragraph-innerHtml__Q5vwc\">\u201cUma vez aprovado, pr\u00f3xima semana ir para Plen\u00e1rio, mas existe a possibilidade que algu\u00e9m pode pedir vistas. Se isso acontecer, n\u00f3s vamos dar a vista e n\u00e3o vai alterar da gente, ent\u00e3o, votar na semana na comiss\u00e3o, e, votar, ap\u00f3s o Carnaval, em Plen\u00e1rio\u201d, afirmou o relator a jornalistas.<\/p>\n<div class=\"postViewMore_post-view-more-container___5wai\" data-mrf-recirculation=\"Post - Veja tamb\u00e9m\">\n<p class=\"gp-styles-module-size-small-afeYRa gp-styles-module-font-family2-afeYRa gp-styles-module-color-secondary-afeYRa gp-styles-module-weight-bold-afeYRa\">VEJA TAMB\u00c9M:<\/p>\n<ul class=\"postViewMore_post-view-more-list__CU_CE\">\n<li class=\"postViewMore_post-view-more-item__2MzRb\">\n<div class=\"postViewMore_post-view-more-image__5gUSe\"><picture class=\"imageDefault_image-container__XGd8_\"><\/picture><\/div>\n<p>Fundos previdenci\u00e1rios que aplicaram no Master s\u00e3o deficit\u00e1rios em 8 estados e munic\u00edpios<\/li>\n<\/ul>\n<\/div>\n<p class=\"postParagraph_post-paragraph__juWZN postParagraph_post-paragraph-innerHtml__Q5vwc\">Ap\u00f3s a an\u00e1lise na comiss\u00e3o mista, o texto seguir\u00e1 em regime de urg\u00eancia para vota\u00e7\u00e3o no plen\u00e1rio da C\u00e2mara dos Deputados. A expectativa \u00e9 que os deputados analisem o acordo na semana seguinte ao carnaval, antes do envio do projeto ao Senado.<\/p>\n<p class=\"postParagraph_post-paragraph__juWZN postParagraph_post-paragraph-innerHtml__Q5vwc\">&#8220;Em um mundo com institui\u00e7\u00f5es multilaterais sob constante ataque, esse acordo nos d\u00e1 melhores condi\u00e7\u00f5es de defender e desenvolver nossos setores produtivos&#8221;, completou.<\/p>\n<p class=\"postParagraph_post-paragraph__juWZN postParagraph_post-paragraph-innerHtml__Q5vwc\">No Senado, a movimenta\u00e7\u00e3o j\u00e1 come\u00e7ou, com a Comiss\u00e3o de Rela\u00e7\u00f5es Exteriores aprovando a cria\u00e7\u00e3o de um grupo de trabalho para acompanhar a tramita\u00e7\u00e3o e os efeitos do acordo. O presidente da comiss\u00e3o, senador Nelsinho Trad (PSD-MS), afirmou que o grupo funcionar\u00e1 como um \u201ccanal\u201d de di\u00e1logo com a sociedade e com os minist\u00e9rios envolvidos.<\/p>\n<p class=\"postParagraph_post-paragraph__juWZN postParagraph_post-paragraph-innerHtml__Q5vwc\">Trad tamb\u00e9m demonstrou otimismo quanto \u00e0 velocidade da an\u00e1lise no Senado, afirmando que o texto deve passar tanto pela Comiss\u00e3o de Rela\u00e7\u00f5es Exteriores quanto pelo plen\u00e1rio da Casa sem grandes entraves. A avalia\u00e7\u00e3o \u00e9 de que o acordo tenha uma tramita\u00e7\u00e3o mais c\u00e9lere diante de sua relev\u00e2ncia econ\u00f4mica e pol\u00edtica.<\/p>\n<p class=\"postParagraph_post-paragraph__juWZN postParagraph_post-paragraph-innerHtml__Q5vwc\">Assinado em 17 de janeiro, no Paraguai, o acordo entre Mercosul e Uni\u00e3o Europeia prev\u00ea a redu\u00e7\u00e3o ou elimina\u00e7\u00e3o gradual de tarifas de importa\u00e7\u00e3o e exporta\u00e7\u00e3o em mais de 90% do com\u00e9rcio entre os blocos. O tratado tamb\u00e9m estabelece regras comuns para bens industriais e agr\u00edcolas, investimentos e padr\u00f5es regulat\u00f3rios.<\/p>\n<p class=\"postParagraph_post-paragraph__juWZN postParagraph_post-paragraph-innerHtml__Q5vwc\">Na pr\u00e1tica, o acordo pode criar a maior zona de livre com\u00e9rcio do mundo, conectando economias da Am\u00e9rica do Sul e da Europa em um mercado ampliado. O impacto esperado inclui aumento do com\u00e9rcio, maior previsibilidade jur\u00eddica e integra\u00e7\u00e3o econ\u00f4mica entre os pa\u00edses signat\u00e1rios.<\/p>\n<\/div>\n<p><br \/>\n<br \/>Fonte: <a href=\"https:\/\/www.gazetadopovo.com.br\/economia\/acordo-mercosul-uniao-europeia-votado-camara-apos-carnaval\/\">Gazeta do Povo<\/a><\/p>\n","protected":false},"excerpt":{"rendered":"<p>O acordo de livre com\u00e9rcio entre o Mercosul e a Uni\u00e3o Europeia pode come\u00e7ar a ser votado na C\u00e2mara dos Deputados logo ap\u00f3s o carnaval, ap\u00f3s o deputado federal Arlindo Chinaglia (PT-SP) apresentar parecer favor\u00e1vel \u00e0 aprova\u00e7\u00e3o do texto nesta segunda (9). O parecer foi apresentado ao presidente da C\u00e2mara, Hugo Motta (Republicanos-PB), durante uma [&hellip;]<\/p>\n","protected":false},"author":5,"featured_media":62076,"comment_status":"open","ping_status":"open","sticky":false,"template":"","format":"standard","meta":{"_seopress_robots_primary_cat":"","_seopress_titles_title":"","_seopress_titles_desc":"","_seopress_robots_index":"","footnotes":""},"categories":[45],"tags":[],"class_list":["post-62075","post","type-post","status-publish","format-standard","has-post-thumbnail","hentry","category-economia"],"_links":{"self":[{"href":"https:\/\/mussicom.com\/noticias\/wp-json\/wp\/v2\/posts\/62075","targetHints":{"allow":["GET"]}}],"collection":[{"href":"https:\/\/mussicom.com\/noticias\/wp-json\/wp\/v2\/posts"}],"about":[{"href":"https:\/\/mussicom.com\/noticias\/wp-json\/wp\/v2\/types\/post"}],"author":[{"embeddable":true,"href":"https:\/\/mussicom.com\/noticias\/wp-json\/wp\/v2\/users\/5"}],"replies":[{"embeddable":true,"href":"https:\/\/mussicom.com\/noticias\/wp-json\/wp\/v2\/comments?post=62075"}],"version-history":[{"count":0,"href":"https:\/\/mussicom.com\/noticias\/wp-json\/wp\/v2\/posts\/62075\/revisions"}],"wp:featuredmedia":[{"embeddable":true,"href":"https:\/\/mussicom.com\/noticias\/wp-json\/wp\/v2\/media\/62076"}],"wp:attachment":[{"href":"https:\/\/mussicom.com\/noticias\/wp-json\/wp\/v2\/media?parent=62075"}],"wp:term":[{"taxonomy":"category","embeddable":true,"href":"https:\/\/mussicom.com\/noticias\/wp-json\/wp\/v2\/categories?post=62075"},{"taxonomy":"post_tag","embeddable":true,"href":"https:\/\/mussicom.com\/noticias\/wp-json\/wp\/v2\/tags?post=62075"}],"curies":[{"name":"wp","href":"https:\/\/api.w.org\/{rel}","templated":true}]}}