{"id":62061,"date":"2026-02-09T14:22:18","date_gmt":"2026-02-09T17:22:18","guid":{"rendered":"https:\/\/mussicom.com\/obras-de-contencao-em-morro-de-santos-atingem-75-de-conclusao\/"},"modified":"2026-02-09T14:22:18","modified_gmt":"2026-02-09T17:22:18","slug":"obras-de-contencao-em-morro-de-santos-atingem-75-de-conclusao","status":"publish","type":"post","link":"https:\/\/mussicom.com\/noticias\/obras-de-contencao-em-morro-de-santos-atingem-75-de-conclusao\/","title":{"rendered":"Obras de conten\u00e7\u00e3o em morro de Santos atingem 75% de conclus\u00e3o"},"content":{"rendered":"<p> <br \/>\n<\/p>\n<div id=\"texto\">\n<p>Chegaram a 75% de conclus\u00e3o as obras de conten\u00e7\u00e3o, indicadas pela Defesa Civil,\u00a0 na \u00e1rea da Avenida Nossa Senhora do Monte Serrat, no Morro do Fontana, em Santos.<\/p>\n<p>\u00a0<\/p>\n<p>Os trabalhos, a cargo da Secretaria de Infraestrutura e Servi\u00e7os P\u00fablicos (Seinfra), s\u00e3o realizados ap\u00f3s constata\u00e7\u00e3o de deslocamento de um trecho da encosta, ocasionando comprometimento estrutural da via. O objetivo \u00e9 garantir a estabilidade na \u00e1rea das interven\u00e7\u00f5es, assim como no trecho superior e nos im\u00f3veis das imedia\u00e7\u00f5es.<\/p>\n<p>\u00a0<\/p>\n<p>Atualmente, est\u00e3o em fase final os preparativos para a concretagem do muro de arrimo que garantir\u00e1 mais seguran\u00e7a para o tr\u00e2nsito de pedestres e ve\u00edculos. Estes trabalhos est\u00e3o marcados para a pr\u00f3xima semana, dependendo das condi\u00e7\u00f5es do tempo.<\/p>\n<p>\u00a0<\/p>\n<p>Terminada a concretagem, a obra entra na etapa final, com a constru\u00e7\u00e3o da sarjeta e os acabamentos. O objetivo \u00e9 assegurar a estabilidade global e local dos taludes e das estruturas de conten\u00e7\u00e3o.\u00a0\u00a0<\/p>\n<p>\u00a0<\/p>\n<p>As interven\u00e7\u00f5es est\u00e3o a cargo da empreiteira MM Costa com investimento de R$ 4.554.534,81, do or\u00e7amento municipal.\u00a0<\/p>\n<\/p><\/div>\n<p><script async defer crossorigin=\"anonymous\" src=\"https:\/\/connect.facebook.net\/pt_BR\/sdk.js#xfbml=1&#038;version=v12.0&#038;appId=&#038;autoLogAppEvents=1\" nonce=\"ou0fI1lo\"><\/script><br \/>\n<br \/><br \/>\n<br \/>Fonte: <a href=\"https:\/\/www.bs9.com.br\/litoral\/obras-de-contencao-em-morro-de-santos-atingem-75-de-conclusao\/37583\/\">BS9<\/a><\/p>\n","protected":false},"excerpt":{"rendered":"<p>Chegaram a 75% de conclus\u00e3o as obras de conten\u00e7\u00e3o, indicadas pela Defesa Civil,\u00a0 na \u00e1rea da Avenida Nossa Senhora do Monte Serrat, no Morro do Fontana, em Santos. \u00a0 Os trabalhos, a cargo da Secretaria de Infraestrutura e Servi\u00e7os P\u00fablicos (Seinfra), s\u00e3o realizados ap\u00f3s constata\u00e7\u00e3o de deslocamento de um trecho da encosta, ocasionando comprometimento estrutural [&hellip;]<\/p>\n","protected":false},"author":5,"featured_media":62062,"comment_status":"open","ping_status":"open","sticky":false,"template":"","format":"standard","meta":{"_seopress_robots_primary_cat":"","_seopress_titles_title":"","_seopress_titles_desc":"","_seopress_robots_index":"","footnotes":""},"categories":[52],"tags":[],"class_list":["post-62061","post","type-post","status-publish","format-standard","has-post-thumbnail","hentry","category-santoseregiao"],"_links":{"self":[{"href":"https:\/\/mussicom.com\/noticias\/wp-json\/wp\/v2\/posts\/62061","targetHints":{"allow":["GET"]}}],"collection":[{"href":"https:\/\/mussicom.com\/noticias\/wp-json\/wp\/v2\/posts"}],"about":[{"href":"https:\/\/mussicom.com\/noticias\/wp-json\/wp\/v2\/types\/post"}],"author":[{"embeddable":true,"href":"https:\/\/mussicom.com\/noticias\/wp-json\/wp\/v2\/users\/5"}],"replies":[{"embeddable":true,"href":"https:\/\/mussicom.com\/noticias\/wp-json\/wp\/v2\/comments?post=62061"}],"version-history":[{"count":0,"href":"https:\/\/mussicom.com\/noticias\/wp-json\/wp\/v2\/posts\/62061\/revisions"}],"wp:featuredmedia":[{"embeddable":true,"href":"https:\/\/mussicom.com\/noticias\/wp-json\/wp\/v2\/media\/62062"}],"wp:attachment":[{"href":"https:\/\/mussicom.com\/noticias\/wp-json\/wp\/v2\/media?parent=62061"}],"wp:term":[{"taxonomy":"category","embeddable":true,"href":"https:\/\/mussicom.com\/noticias\/wp-json\/wp\/v2\/categories?post=62061"},{"taxonomy":"post_tag","embeddable":true,"href":"https:\/\/mussicom.com\/noticias\/wp-json\/wp\/v2\/tags?post=62061"}],"curies":[{"name":"wp","href":"https:\/\/api.w.org\/{rel}","templated":true}]}}