{"id":62055,"date":"2026-02-09T14:11:18","date_gmt":"2026-02-09T17:11:18","guid":{"rendered":"https:\/\/mussicom.com\/equipes-do-sus-comecam-a-receber-vacina-do-butantan-contra-a-dengue\/"},"modified":"2026-02-09T14:11:18","modified_gmt":"2026-02-09T17:11:18","slug":"equipes-do-sus-comecam-a-receber-vacina-do-butantan-contra-a-dengue","status":"publish","type":"post","link":"https:\/\/mussicom.com\/noticias\/equipes-do-sus-comecam-a-receber-vacina-do-butantan-contra-a-dengue\/","title":{"rendered":"Equipes do SUS come\u00e7am a receber vacina do Butantan contra a dengue"},"content":{"rendered":"<p> <br \/>\n<\/p>\n<div>\n<p>A partir desta segunda-feira (8), profissionais de sa\u00fade da aten\u00e7\u00e3o prim\u00e1ria que atuam no Sistema \u00danico de Sa\u00fade (SUS) come\u00e7am a receber a vacina contra a dengue desenvolvida pelo Instituto Butantan.<img decoding=\"async\" src=\"https:\/\/agenciabrasil.ebc.com.br\/ebc.gif?id=1677559&amp;o=node\" style=\"width:1px; height:1px; display:inline;\"\/><\/p>\n<p>Aprovada pela Ag\u00eancia Nacional de Vigil\u00e2ncia Sanit\u00e1ria (Anvisa) no in\u00edcio de dezembro, a Butantan-DV \u00e9 o primeiro imunizante contra a dengue em dose \u00fanica no mundo. A vacina foi\u00a0testada\u00a0para ser aplicada\u00a0em pessoas com idade de 12 a 59 anos.<\/p>\n<p>Em cerim\u00f4nia na capital paulista, o ministro da Sa\u00fade, Alexandre Padilha, destacou que <strong>a imuniza\u00e7\u00e3o abrange todas as equipes multiprofissionais de unidades b\u00e1sicas de sa\u00fade, incluindo agentes comunit\u00e1rios, enfermeiros, m\u00e9dicos e demais profissionais cadastrados.<\/strong><\/p>\n<p>O ministro e o presidente da Rep\u00fablica, Luiz In\u00e1cio Lula da Silva, tamb\u00e9m visitaram nesta manh\u00e3 o\u00a0Centro de Produ\u00e7\u00e3o de Vacina contra a Dengue (PVD) do Instituto Butantan, em\u00a0S\u00e3o Paulo.<\/p>\n<p>\u201cUm dia hist\u00f3rico. N\u00e3o tenho d\u00favida nenhuma de que, hoje, n\u00f3s estamos presenciando um marco hist\u00f3rico que vai colocar o Butantan entre os maiores complexos de inova\u00e7\u00e3o\u00a0tecnol\u00f3gica e industrial do mundo\u201d, disse Padilha.<\/p>\n<p>&gt;&gt; Siga o canal da <strong>Ag\u00eancia Brasil <\/strong>no WhatsApp<\/p>\n<p>Para imunizar os profissionais em todo o pa\u00eds, o\u00a0minist\u00e9rio adquiriu, ao todo, 3,9 milh\u00f5es de doses.<\/p>\n<blockquote>\n<p>\u201cDiferentemente de outros grandes complexos econ\u00f4micos, tecnol\u00f3gicos e industriais, esse aqui [o\u00a0Instituto Butantan] \u00e9 100% SUS&#8221;.<\/p>\n<\/blockquote>\n<p>&#8220;Cada vacina, cada medicamento, cada tecnologia, cada inova\u00e7\u00e3o que vai vir com a terapia celular\u00a0vai tratar as pessoas no Brasil. E, cada vez mais, vai tratar no mundo, com um \u00fanico interesse: salvar vidas e n\u00e3o s\u00f3 obter lucro a partir daquilo que produz\u201d, completou.<\/p>\n<p>\u00a0<\/p>\n<div class=\"dnd-widget-wrapper context-cheio_8colunas type-image\">\n<div class=\"dnd-atom-rendered\"><!-- scald=452433:cheio_8colunas --><br \/>\n            <img decoding=\"async\" src=\"https:\/\/imagens.ebc.com.br\/95sAQfhO0faSRaI6wJWpD4FCPF4=\/754x0\/smart\/https:\/\/agenciabrasil.ebc.com.br\/sites\/default\/files\/thumbnails\/image\/2026\/02\/09\/55086871188_3ebea06761_o.jpg?itok=WP8dVqtT\" alt=\"09.02.2026 - Presidente da Rep\u00fablica, Luiz In\u00e1cio Lula da Silva, durante visita ao Centro de Produ\u00e7\u00e3o de Vacina contra a Dengue (PVD) do Instituto Butantan. S\u00e3o Paulo (SP) - Brasil&#13;&#10;&#13;&#10;Foto: Ricardo Stuckert \/ PR\" title=\"Ricardo Stuckert \/ PR\"\/><br \/>\n        <img decoding=\"async\" src=\"https:\/\/imagens.ebc.com.br\/95sAQfhO0faSRaI6wJWpD4FCPF4=\/754x0\/smart\/https:\/\/agenciabrasil.ebc.com.br\/sites\/default\/files\/thumbnails\/image\/2026\/02\/09\/55086871188_3ebea06761_o.jpg?itok=WP8dVqtT\" alt=\"09.02.2026 - Presidente da Rep\u00fablica, Luiz In\u00e1cio Lula da Silva, durante visita ao Centro de Produ\u00e7\u00e3o de Vacina contra a Dengue (PVD) do Instituto Butantan. S\u00e3o Paulo (SP) - Brasil&#13;&#10;&#13;&#10;Foto: Ricardo Stuckert \/ PR\" title=\"Ricardo Stuckert \/ PR\"\/><br \/>\n    <!-- END scald=452433 --><\/div>\n<p><h6 class=\"meta\"><!--copyright=452433-->Presidente da Rep\u00fablica, Luiz In\u00e1cio Lula da Silva, e ministro da Sa\u00fade, Alexandre Padilha (esq), durante visita ao Centro de Produ\u00e7\u00e3o de Vacina contra a Dengue (PVD) do Instituto Butantan.\u00a0Foto: Ricardo Stuckert \/ PR<!--END copyright=452433--><\/h6>\n<\/p>\n<\/div>\n<h2>Vacina eficaz<\/h2>\n<p>A vacina\u00a0utiliza a tecnologia de v\u00edrus vivo atenuado, presente em outros imunizantes em uso no Brasil e no mundo, como a vacina tr\u00edplice viral, a vacina contra a febre amarela, a vacina oral contra a poliomielite e algumas vacinas contra a gripe.\u00a0<\/p>\n<p>De acordo com a avalia\u00e7\u00e3o t\u00e9cnica da Anvisa, a Butantan-DV apresentou efic\u00e1cia global de 74,7% contra dengue sintom\u00e1tica na popula\u00e7\u00e3o de 12 a 59 anos. <strong>Isso significa que, em 74% dos casos, a doen\u00e7a foi evitada por conta da vacina.<\/strong><\/p>\n<p><strong>A dose tamb\u00e9m demonstrou 89% de prote\u00e7\u00e3o contra formas graves da doen\u00e7a e contra formas de dengue com sinais de alarme<\/strong>, conforme publica\u00e7\u00e3o na The Lancet Infectious Diseases.<\/p>\n<p>Em janeiro, o Instituto Butantan publicou ainda uma pesquisa na revista cient\u00edfica\u00a0<em>The Lancet Regional Health &#8211; Americas\u00a0<\/em>que demonstrava que a\u00a0vacina poder\u00e1 ajudar a reduzir a carga viral \u2500\u00a0 a quantidade de v\u00edrus \u2500 em pessoas infectadas pelo pat\u00f3geno, o que previne o agravemento da doen\u00e7a.<\/p>\n<p>Segundo a pesquisa, <strong>apesar de algumas pessoas terem sido infectadas ap\u00f3s a vacina\u00e7\u00e3o, a carga viral nos vacinados foi consideravelmente menor do que em participantes n\u00e3o imunizados.<\/strong><\/p>\n<p>Isso, conforme avaliaram os pesquisadores, demonstrou a efic\u00e1cia da vacina em induzir resposta imune e diminuir a replica\u00e7\u00e3o do v\u00edrus nas c\u00e9lulas.<\/p>\n<p>      <!-- Relacionada --><\/p>\n<p>            <!-- Relacionada -->\n    <\/div>\n<p><br \/>\n<br \/>Fonte: <a href=\"https:\/\/agenciabrasil.ebc.com.br\/saude\/noticia\/2026-02\/equipes-do-sus-comecam-receber-vacina-do-butantan-contra-dengue\">Ag\u00eancia Brasil<\/a><\/p>\n","protected":false},"excerpt":{"rendered":"<p>A partir desta segunda-feira (8), profissionais de sa\u00fade da aten\u00e7\u00e3o prim\u00e1ria que atuam no Sistema \u00danico de Sa\u00fade (SUS) come\u00e7am a receber a vacina contra a dengue desenvolvida pelo Instituto Butantan. Aprovada pela Ag\u00eancia Nacional de Vigil\u00e2ncia Sanit\u00e1ria (Anvisa) no in\u00edcio de dezembro, a Butantan-DV \u00e9 o primeiro imunizante contra a dengue em dose \u00fanica [&hellip;]<\/p>\n","protected":false},"author":5,"featured_media":62056,"comment_status":"open","ping_status":"open","sticky":false,"template":"","format":"standard","meta":{"_seopress_robots_primary_cat":"","_seopress_titles_title":"","_seopress_titles_desc":"","_seopress_robots_index":"","footnotes":""},"categories":[46],"tags":[],"class_list":["post-62055","post","type-post","status-publish","format-standard","has-post-thumbnail","hentry","category-saude"],"_links":{"self":[{"href":"https:\/\/mussicom.com\/noticias\/wp-json\/wp\/v2\/posts\/62055","targetHints":{"allow":["GET"]}}],"collection":[{"href":"https:\/\/mussicom.com\/noticias\/wp-json\/wp\/v2\/posts"}],"about":[{"href":"https:\/\/mussicom.com\/noticias\/wp-json\/wp\/v2\/types\/post"}],"author":[{"embeddable":true,"href":"https:\/\/mussicom.com\/noticias\/wp-json\/wp\/v2\/users\/5"}],"replies":[{"embeddable":true,"href":"https:\/\/mussicom.com\/noticias\/wp-json\/wp\/v2\/comments?post=62055"}],"version-history":[{"count":0,"href":"https:\/\/mussicom.com\/noticias\/wp-json\/wp\/v2\/posts\/62055\/revisions"}],"wp:featuredmedia":[{"embeddable":true,"href":"https:\/\/mussicom.com\/noticias\/wp-json\/wp\/v2\/media\/62056"}],"wp:attachment":[{"href":"https:\/\/mussicom.com\/noticias\/wp-json\/wp\/v2\/media?parent=62055"}],"wp:term":[{"taxonomy":"category","embeddable":true,"href":"https:\/\/mussicom.com\/noticias\/wp-json\/wp\/v2\/categories?post=62055"},{"taxonomy":"post_tag","embeddable":true,"href":"https:\/\/mussicom.com\/noticias\/wp-json\/wp\/v2\/tags?post=62055"}],"curies":[{"name":"wp","href":"https:\/\/api.w.org\/{rel}","templated":true}]}}