{"id":62011,"date":"2026-02-09T07:16:32","date_gmt":"2026-02-09T10:16:32","guid":{"rendered":"https:\/\/mussicom.com\/safra-recorde-limita-reacao-dos-precos-da-soja-no-brasil\/"},"modified":"2026-02-09T07:16:32","modified_gmt":"2026-02-09T10:16:32","slug":"safra-recorde-limita-reacao-dos-precos-da-soja-no-brasil","status":"publish","type":"post","link":"https:\/\/mussicom.com\/noticias\/safra-recorde-limita-reacao-dos-precos-da-soja-no-brasil\/","title":{"rendered":"Safra recorde limita rea\u00e7\u00e3o dos pre\u00e7os da soja no Brasil"},"content":{"rendered":"<p> <br \/>\n<\/p>\n<div>\n<div class=\"row\">\n<div class=\"col-lg col-infos mt-0 mt-lg-0\">\n<div class=\"section-sub-title\">\n<p itemprop=\"description\">&#13;<br \/>\n                                Os fundamentos f\u00edsicos seguem apontando ampla disponibilidade&#13;\n                            <\/p>\n<\/p><\/div>\n<div class=\"container\">\n<div class=\"row\">\n<div class=\"col-lg p-0\">\n<div>\n<div class=\"block-news-main-infos mt-3 text-start\">\n<p>                                            <strong class=\"fn\" itemprop=\"author\" style=\"color: rgb(112, 112, 112); \">&#13;<br \/>\n                                                Agrolink&#13;<br \/>\n&#13;<br \/>\n                                                    &#8211; Leonardo Gottems&#13;<br \/>\n&#13;<br \/>\n                                            <\/strong><br \/>\n                                        <\/p>\n<p>                                            <abbr><time datetime=\"2026 - 02 - 09T06:44\" itemprop=\"datePublished dateModified\"> Publicado em 09\/02\/2026 \u00e0s 06:44h.<\/time><\/abbr>\n                                    <\/div>\n<\/p><\/div>\n<\/p><\/div>\n<div class=\"col-lg p-0 text-lg-end\">\n<div>\n<div id=\"mdEnviarPagina\" class=\"modal fade\" role=\"dialog\">\n<div class=\"modal-dialog\">\n<div class=\"modal-content\">\n<div class=\"modal-body\">\n<p><strong>Estimado usu\u00e1rio.<\/strong><br \/>Preencha o formul\u00e1rio abaixo para remeter a p\u00e1gina.<\/p>\n<\/p><\/div>\n<\/p><\/div>\n<\/p><\/div>\n<\/div><\/div>\n<\/p><\/div>\n<\/p><\/div>\n<\/p><\/div>\n<\/p><\/div>\n<\/p><\/div>\n<div class=\"row justify-content-md-center mt-3\">\n<div class=\"col-lg-auto col-image block-news-main-image\">\n<p>                                <br \/>\n                                                <span class=\"d-block mt-1\">Os fundamentos f\u00edsicos seguem apontando ampla disponibilidade &#8211; Foto: Agrolink<\/span><\/p><\/div>\n<\/p><\/div>\n<div class=\"section-description section-description-noticias mt-3\">\n<p>A recente valoriza\u00e7\u00e3o da soja no mercado internacional tem chamado a aten\u00e7\u00e3o, mas n\u00e3o reflete, at\u00e9 o momento, um aperto efetivo de oferta no mercado f\u00edsico global. Segundo an\u00e1lise da TF Agroecon\u00f4mica, o movimento de alta em Chicago est\u00e1 sustentado principalmente por expectativas de maior demanda chinesa pela soja dos Estados Unidos, com forte componente especulativo.&#13;\n<\/p>\n<p>Os fundamentos f\u00edsicos seguem apontando ampla disponibilidade. O Brasil avan\u00e7a para uma safra recorde superior a 180 milh\u00f5es de toneladas, com colheita acelerada e exporta\u00e7\u00f5es j\u00e1 intensas desde fevereiro. Na Argentina, apesar dos problemas clim\u00e1ticos, ainda n\u00e3o h\u00e1 confirma\u00e7\u00e3o de uma quebra relevante. Ao mesmo tempo, o pr\u00f3prio mercado come\u00e7a a realizar lucros no complexo da soja, com recuo do \u00f3leo e estabilidade do farelo, sinalizando que a alta ocorre mais por narrativa do que por restri\u00e7\u00e3o real de oferta.<\/p>\n<p>No Brasil, a grande oferta f\u00edsica e o ritmo da colheita mant\u00eam os pre\u00e7os FOB pressionados ou laterais, especialmente para embarques de curto prazo. A valoriza\u00e7\u00e3o da CBOT n\u00e3o se traduz integralmente nos pr\u00eamios, que seguem limitados pelo volume absoluto da safra, apesar de alguma sustenta\u00e7\u00e3o vinda da comercializa\u00e7\u00e3o mais lenta dos produtores. Na Argentina, o d\u00e9ficit h\u00eddrico oferece suporte marginal aos pr\u00eamios, mas o pa\u00eds segue tomador de pre\u00e7os diante da atua\u00e7\u00e3o agressiva do Brasil no mercado exportador.&#13;\n<\/p>\n<p>A paridade de exporta\u00e7\u00e3o brasileira melhora em reais com a alta em Chicago, mas de forma menos intensa, j\u00e1 que pr\u00eamios fracos e c\u00e2mbio relativamente est\u00e1vel ret\u00eam parte do ganho na tela. No mercado interno, a ind\u00fastria de esmagamento n\u00e3o encontra est\u00edmulo para pagar mais pela soja, enquanto o produtor v\u00ea oportunidade mais clara de fixa\u00e7\u00e3o via CBOT do que de esperar rea\u00e7\u00e3o no f\u00edsico. Assim, Chicago sobe, mas a soja continua sobrando no Brasil.<br \/>&#13;<br \/>\n\u00a0<\/p>\n<\/p><\/div>\n<\/p><\/div>\n<p><script data-cfasync=\"false\">\n    !function (f, b, e, v, n, t, s) {\n        if (f.fbq) return; n = f.fbq = function () {\n            n.callMethod ?\n                n.callMethod.apply(n, arguments) : n.queue.push(arguments)\n        };\n        if (!f._fbq) f._fbq = n; n.push = n; n.loaded = !0; n.version = '2.0';\n        n.queue = []; t = b.createElement(e); t.async = !0;\n        t.src = v; s = b.getElementsByTagName(e)[0];\n        s.parentNode.insertBefore(t, s)\n    }(window, document, 'script',\n        'https:\/\/connect.facebook.net\/en_US\/fbevents.js');\n    fbq('init', '522546078623747');\n    fbq('track', 'PageView');\n<\/script><br \/>\n<br \/><br \/>\n<br \/>Fonte: <a href=\"https:\/\/www.agrolink.com.br\/noticias\/safra-recorde-limita-reacao-dos-precos-da-soja-no-brasil_510688.html\">AGROLINK<\/a><\/p>\n","protected":false},"excerpt":{"rendered":"<p>&#13; Os fundamentos f\u00edsicos seguem apontando ampla disponibilidade&#13; &#13; Agrolink&#13; &#13; &#8211; Leonardo Gottems&#13; &#13; Publicado em 09\/02\/2026 \u00e0s 06:44h. Estimado usu\u00e1rio.Preencha o formul\u00e1rio abaixo para remeter a p\u00e1gina. Os fundamentos f\u00edsicos seguem apontando ampla disponibilidade &#8211; Foto: Agrolink A recente valoriza\u00e7\u00e3o da soja no mercado internacional tem chamado a aten\u00e7\u00e3o, mas n\u00e3o reflete, at\u00e9 [&hellip;]<\/p>\n","protected":false},"author":5,"featured_media":36146,"comment_status":"open","ping_status":"open","sticky":false,"template":"","format":"standard","meta":{"_seopress_robots_primary_cat":"","_seopress_titles_title":"","_seopress_titles_desc":"","_seopress_robots_index":"","footnotes":""},"categories":[53],"tags":[],"class_list":["post-62011","post","type-post","status-publish","format-standard","has-post-thumbnail","hentry","category-agronegocio"],"_links":{"self":[{"href":"https:\/\/mussicom.com\/noticias\/wp-json\/wp\/v2\/posts\/62011","targetHints":{"allow":["GET"]}}],"collection":[{"href":"https:\/\/mussicom.com\/noticias\/wp-json\/wp\/v2\/posts"}],"about":[{"href":"https:\/\/mussicom.com\/noticias\/wp-json\/wp\/v2\/types\/post"}],"author":[{"embeddable":true,"href":"https:\/\/mussicom.com\/noticias\/wp-json\/wp\/v2\/users\/5"}],"replies":[{"embeddable":true,"href":"https:\/\/mussicom.com\/noticias\/wp-json\/wp\/v2\/comments?post=62011"}],"version-history":[{"count":0,"href":"https:\/\/mussicom.com\/noticias\/wp-json\/wp\/v2\/posts\/62011\/revisions"}],"wp:featuredmedia":[{"embeddable":true,"href":"https:\/\/mussicom.com\/noticias\/wp-json\/wp\/v2\/media\/36146"}],"wp:attachment":[{"href":"https:\/\/mussicom.com\/noticias\/wp-json\/wp\/v2\/media?parent=62011"}],"wp:term":[{"taxonomy":"category","embeddable":true,"href":"https:\/\/mussicom.com\/noticias\/wp-json\/wp\/v2\/categories?post=62011"},{"taxonomy":"post_tag","embeddable":true,"href":"https:\/\/mussicom.com\/noticias\/wp-json\/wp\/v2\/tags?post=62011"}],"curies":[{"name":"wp","href":"https:\/\/api.w.org\/{rel}","templated":true}]}}