{"id":61979,"date":"2026-02-08T18:44:21","date_gmt":"2026-02-08T21:44:21","guid":{"rendered":"https:\/\/mussicom.com\/santos-esta-escalado-para-enfrentar-o-noroeste-pelo-paulistao-2026\/"},"modified":"2026-02-08T18:44:21","modified_gmt":"2026-02-08T21:44:21","slug":"santos-esta-escalado-para-enfrentar-o-noroeste-pelo-paulistao-2026","status":"publish","type":"post","link":"https:\/\/mussicom.com\/noticias\/santos-esta-escalado-para-enfrentar-o-noroeste-pelo-paulistao-2026\/","title":{"rendered":"Santos est\u00e1 escalado para enfrentar o Noroeste pelo Paulist\u00e3o 2026"},"content":{"rendered":"<p> <br \/>\n<\/p>\n<div>\n<div id=\"attachment_178804\" style=\"width: 999px\" class=\"wp-caption aligncenter\"><img alt=\"\" fetchpriority=\"high\" fetchpriority=\"high\" decoding=\"async\" aria-describedby=\"caption-attachment-178804\" class=\"wp-image-178804\" src=\"https:\/\/www.diariodopeixe.com.br\/wp-content\/uploads\/2026\/02\/Escalacao-Santos-x-Noroeste-300x188.jpg\" alt=\"\" width=\"989\" height=\"620\" srcset=\"https:\/\/www.diariodopeixe.com.br\/wp-content\/uploads\/2026\/02\/Escalacao-Santos-x-Noroeste-200x125.jpg 200w, https:\/\/www.diariodopeixe.com.br\/wp-content\/uploads\/2026\/02\/Escalacao-Santos-x-Noroeste-300x188.jpg 300w, https:\/\/www.diariodopeixe.com.br\/wp-content\/uploads\/2026\/02\/Escalacao-Santos-x-Noroeste-320x202.jpg 320w, https:\/\/www.diariodopeixe.com.br\/wp-content\/uploads\/2026\/02\/Escalacao-Santos-x-Noroeste-400x250.jpg 400w, https:\/\/www.diariodopeixe.com.br\/wp-content\/uploads\/2026\/02\/Escalacao-Santos-x-Noroeste-600x375.jpg 600w, https:\/\/www.diariodopeixe.com.br\/wp-content\/uploads\/2026\/02\/Escalacao-Santos-x-Noroeste-768x480.jpg 768w\" sizes=\"(max-width: 989px) 100vw, 989px\"\/><\/p>\n<p id=\"caption-attachment-178804\" class=\"wp-caption-text\">Santos est\u00e1 escalado para enfrentar o Noroeste pelo Paulist\u00e3o 2026 (Cr\u00e9dito: Divulga\u00e7\u00e3o)<\/p>\n<\/div>\n<p>O <strong>Santos<\/strong> est\u00e1 escalado para enfrentar o Noroeste na tarde deste domingo, \u00e0s 16h, no est\u00e1dio Alfredo de Castilho, em Bauru, pela s\u00e9tima rodada do <strong>Campeonato Paulista<\/strong>. Pressionado pelo momento na temporada, o t\u00e9cnico Juan Pablo Vojvoda definiu a equipe com mudan\u00e7as pontuais em rela\u00e7\u00e3o aos \u00faltimos compromissos.<\/p>\n<p>Gabriel Braz\u00e3o est\u00e1 confirmado no gol. No setor defensivo, Igor Vinicius retorna \u00e0 lateral direita, enquanto Luan Peres segue como refer\u00eancia na zaga. Z\u00e9 Ivaldo ganha uma vaga entre os titulares mais uma vez e forma a dupla defensiva, com Escobar mantido na lateral esquerda.<\/p>\n<p><strong>Aposte no Santos na Novibet. Abriu dois gols? T\u00e1 pago<\/strong><\/p>\n<p>No meio-campo, Jo\u00e3o Schmidt permanece como primeiro volante, e a principal novidade \u00e9 Gabriel Bontempo, que entra na dupla de volantes. Barreal completa o setor, atuando com mais liberdade na constru\u00e7\u00e3o das jogadas.<\/p>\n<p>O ataque ter\u00e1 Miguelito de volta entre os titulares. O boliviano forma o trio ofensivo ao lado de Gabriel Barbosa e Rony, mantidos na equipe para o confronto no interior.<\/p>\n<p>Na tabela do Campeonato Paulista, o Santos soma seis pontos e ocupa a 14\u00aa coloca\u00e7\u00e3o, sendo o primeiro time fora da zona de rebaixamento. O duelo contra o Noroeste \u00e9 direto na parte de baixo da classifica\u00e7\u00e3o e pode ser determinante para o Peixe ganhar f\u00f4lego na luta contra o rebaixamento e seguir com chances de avan\u00e7ar \u00e0 pr\u00f3xima fase do estadual.<\/p>\n<p>O Santos est\u00e1 escalado com Gabriel Braz\u00e3o, Igor Vin\u00edcius, Z\u00e9 Ivaldo, Luan Peres e Escobar; Ji\u00e7ao Schmidt, Gabriel Bontempo e Barreal; Miguelito, Gabriel Barbosa e Rony.<\/p>\n<\/p><\/div>\n<p><br \/>\n<br \/>Fonte: <a href=\"https:\/\/www.diariodopeixe.com.br\/noticias\/santos-esta-escalado-para-enfrentar-o-noroeste-pelo-paulistao-2026\/\">Di\u00e1rio do Peixe<\/a><\/p>\n","protected":false},"excerpt":{"rendered":"<p>Santos est\u00e1 escalado para enfrentar o Noroeste pelo Paulist\u00e3o 2026 (Cr\u00e9dito: Divulga\u00e7\u00e3o) O Santos est\u00e1 escalado para enfrentar o Noroeste na tarde deste domingo, \u00e0s 16h, no est\u00e1dio Alfredo de Castilho, em Bauru, pela s\u00e9tima rodada do Campeonato Paulista. Pressionado pelo momento na temporada, o t\u00e9cnico Juan Pablo Vojvoda definiu a equipe com mudan\u00e7as pontuais [&hellip;]<\/p>\n","protected":false},"author":5,"featured_media":61980,"comment_status":"open","ping_status":"open","sticky":false,"template":"","format":"standard","meta":{"_seopress_robots_primary_cat":"","_seopress_titles_title":"","_seopress_titles_desc":"","_seopress_robots_index":"","footnotes":""},"categories":[55],"tags":[],"class_list":["post-61979","post","type-post","status-publish","format-standard","has-post-thumbnail","hentry","category-santos-fc"],"_links":{"self":[{"href":"https:\/\/mussicom.com\/noticias\/wp-json\/wp\/v2\/posts\/61979","targetHints":{"allow":["GET"]}}],"collection":[{"href":"https:\/\/mussicom.com\/noticias\/wp-json\/wp\/v2\/posts"}],"about":[{"href":"https:\/\/mussicom.com\/noticias\/wp-json\/wp\/v2\/types\/post"}],"author":[{"embeddable":true,"href":"https:\/\/mussicom.com\/noticias\/wp-json\/wp\/v2\/users\/5"}],"replies":[{"embeddable":true,"href":"https:\/\/mussicom.com\/noticias\/wp-json\/wp\/v2\/comments?post=61979"}],"version-history":[{"count":0,"href":"https:\/\/mussicom.com\/noticias\/wp-json\/wp\/v2\/posts\/61979\/revisions"}],"wp:featuredmedia":[{"embeddable":true,"href":"https:\/\/mussicom.com\/noticias\/wp-json\/wp\/v2\/media\/61980"}],"wp:attachment":[{"href":"https:\/\/mussicom.com\/noticias\/wp-json\/wp\/v2\/media?parent=61979"}],"wp:term":[{"taxonomy":"category","embeddable":true,"href":"https:\/\/mussicom.com\/noticias\/wp-json\/wp\/v2\/categories?post=61979"},{"taxonomy":"post_tag","embeddable":true,"href":"https:\/\/mussicom.com\/noticias\/wp-json\/wp\/v2\/tags?post=61979"}],"curies":[{"name":"wp","href":"https:\/\/api.w.org\/{rel}","templated":true}]}}