{"id":61967,"date":"2026-02-08T15:41:13","date_gmt":"2026-02-08T18:41:13","guid":{"rendered":"https:\/\/mussicom.com\/bad-bunny-vencedor-do-grammy-e-critico-de-trump-canta-no-super-bowl\/"},"modified":"2026-02-08T15:41:13","modified_gmt":"2026-02-08T18:41:13","slug":"bad-bunny-vencedor-do-grammy-e-critico-de-trump-canta-no-super-bowl","status":"publish","type":"post","link":"https:\/\/mussicom.com\/noticias\/bad-bunny-vencedor-do-grammy-e-critico-de-trump-canta-no-super-bowl\/","title":{"rendered":"Bad Bunny, vencedor do Grammy e cr\u00edtico de Trump, canta no Super Bowl"},"content":{"rendered":"<p> <br \/>\n<\/p>\n<div>\n<p>Neste domingo (8) de cl\u00e1ssicos pelo futebol brasileiro, como Corinthians x Palmeiras ou Vasco x Botafogo, a partida entre New England Patriots e Seattle Seahawks, pela final da\u00a0NFL (liga estadunidense de futebol americano), \u00e0s 20h30, tamb\u00e9m deve chamar aten\u00e7\u00e3o.\u00a0<img decoding=\"async\" src=\"https:\/\/agenciabrasil.ebc.com.br\/ebc.gif?id=1677479&amp;o=node\" style=\"width:1px; height:1px; display:inline;\"\/><\/p>\n<p>No caso, n\u00e3o somente pelo duelo esportivo no Levi&#8217;s Stadium, que fica em Santa Clara, na Calif\u00f3rnia, mas tamb\u00e9m pelo show especial no intervalo.<\/p>\n<p><strong>A estrela ser\u00e1 o cantor porto-riquenho Bad Bunny, de 31 anos. <\/strong>Bad Bunny \u00e9 o nome art\u00edstico de Benito Antonio Martinez Ocasio, nascido na cidade de Vega Baja.\u00a0<\/p>\n<p>O <strong>artista foi o vencedor do pr\u00eamio de Melhor \u00c1lbum Urbano, no Grammy Awards<\/strong> (prestigiado reconhecimento \u00e0 ind\u00fastria fonogr\u00e1fica), pelo disco\u00a0<em>Deb\u00ed Tirar M\u00e1s Fotos<\/em>, no \u00faltimo dia 1\u00ba. O \u00e1lbum tem m\u00fasicas apenas em espanhol.<\/p>\n<p>Bunny j\u00e1 ganhou tr\u00eas Grammy Awards e onze Latin Grammy Awards<\/p>\n<p>Ao receber o pr\u00eamio, o cantor fez um discurso de agradecimento com cr\u00edticas aos agentes do Servi\u00e7o de Imigra\u00e7\u00e3o e Alf\u00e2ndega (ICE).\u00a0<\/p>\n<blockquote>\n<p>\u201cFora, Ice\u201d, disse o artista. \u201cN\u00f3s n\u00e3o somos selvagens, n\u00e3o somos animais. Somos seres humanos e somos americanos\u201d, afirmou.<\/p>\n<\/blockquote>\n<p>No entanto, Bad Bunny tamb\u00e9m destacou a necessidade de, neste momento de tens\u00f5es, evitar sentimentos negativos e propagar o amor.\u00a0\u00a0<\/p>\n<p>\u201cQuero dizer, para as pessoas que est\u00e3o assistindo, para n\u00e3o propagar o \u00f3dio. Estava pensando que \u00e0s vezes a gente fica contaminado, e o \u00f3dio acaba se tornando mais poderoso quando voc\u00ea se agrega ao \u00f3dio. E a \u00fanica coisa mais potente que o \u00f3dio \u00e9 o amor\u201d, afirmou.<\/p>\n<h2>Trump n\u00e3o vai<\/h2>\n<p>Em vista das posi\u00e7\u00f5es do artista, o presidente Donald Trump garantiu, durante a semana, para o jornal <em>The New York Times<\/em>, que n\u00e3o iria comparecer \u00e0 final do Super Bowl.<\/p>\n<p>\u201cAcho que \u00e9 uma p\u00e9ssima escolha. Tudo o que isso faz \u00e9 semear \u00f3dio. Terr\u00edvel\u201d, disse ao jornal.\u00a0<\/p>\n<p>O hor\u00e1rio do intervalo, com o show do artista, depende do desenvolvimento do jogo. Em geral, dura cerca 1h30. <strong>Por essa conta, Bunny deve se apresentar a partir das 22h, no hor\u00e1rio de Bras\u00edlia.\u00a0<\/strong><\/p>\n<p>A atra\u00e7\u00e3o vai ser transmitida no Brasil nos seguintes canais: Sportv, Getv, ESPN, Disney+ e NFL Game Pass (DAZN).<\/p>\n<p>      <!-- Relacionada --><\/p>\n<p>            <!-- Relacionada -->\n    <\/div>\n<p><br \/>\n<br \/>Fonte: <a href=\"https:\/\/agenciabrasil.ebc.com.br\/esportes\/noticia\/2026-02\/bad-bunny-vencedor-do-grammy-e-critico-de-trump-canta-no-super-bowl\">Ag\u00eancia Brasil<\/a><\/p>\n","protected":false},"excerpt":{"rendered":"<p>Neste domingo (8) de cl\u00e1ssicos pelo futebol brasileiro, como Corinthians x Palmeiras ou Vasco x Botafogo, a partida entre New England Patriots e Seattle Seahawks, pela final da\u00a0NFL (liga estadunidense de futebol americano), \u00e0s 20h30, tamb\u00e9m deve chamar aten\u00e7\u00e3o.\u00a0 No caso, n\u00e3o somente pelo duelo esportivo no Levi&#8217;s Stadium, que fica em Santa Clara, na [&hellip;]<\/p>\n","protected":false},"author":5,"featured_media":61968,"comment_status":"open","ping_status":"open","sticky":false,"template":"","format":"standard","meta":{"_seopress_robots_primary_cat":"","_seopress_titles_title":"","_seopress_titles_desc":"","_seopress_robots_index":"","footnotes":""},"categories":[40],"tags":[],"class_list":["post-61967","post","type-post","status-publish","format-standard","has-post-thumbnail","hentry","category-esportes"],"_links":{"self":[{"href":"https:\/\/mussicom.com\/noticias\/wp-json\/wp\/v2\/posts\/61967","targetHints":{"allow":["GET"]}}],"collection":[{"href":"https:\/\/mussicom.com\/noticias\/wp-json\/wp\/v2\/posts"}],"about":[{"href":"https:\/\/mussicom.com\/noticias\/wp-json\/wp\/v2\/types\/post"}],"author":[{"embeddable":true,"href":"https:\/\/mussicom.com\/noticias\/wp-json\/wp\/v2\/users\/5"}],"replies":[{"embeddable":true,"href":"https:\/\/mussicom.com\/noticias\/wp-json\/wp\/v2\/comments?post=61967"}],"version-history":[{"count":0,"href":"https:\/\/mussicom.com\/noticias\/wp-json\/wp\/v2\/posts\/61967\/revisions"}],"wp:featuredmedia":[{"embeddable":true,"href":"https:\/\/mussicom.com\/noticias\/wp-json\/wp\/v2\/media\/61968"}],"wp:attachment":[{"href":"https:\/\/mussicom.com\/noticias\/wp-json\/wp\/v2\/media?parent=61967"}],"wp:term":[{"taxonomy":"category","embeddable":true,"href":"https:\/\/mussicom.com\/noticias\/wp-json\/wp\/v2\/categories?post=61967"},{"taxonomy":"post_tag","embeddable":true,"href":"https:\/\/mussicom.com\/noticias\/wp-json\/wp\/v2\/tags?post=61967"}],"curies":[{"name":"wp","href":"https:\/\/api.w.org\/{rel}","templated":true}]}}