{"id":61945,"date":"2026-02-08T10:42:28","date_gmt":"2026-02-08T13:42:28","guid":{"rendered":"https:\/\/mussicom.com\/noroeste-x-santos-provaveis-escalacoes-para-o-duelo-deste-domingo-8\/"},"modified":"2026-02-08T10:42:28","modified_gmt":"2026-02-08T13:42:28","slug":"noroeste-x-santos-provaveis-escalacoes-para-o-duelo-deste-domingo-8","status":"publish","type":"post","link":"https:\/\/mussicom.com\/noticias\/noroeste-x-santos-provaveis-escalacoes-para-o-duelo-deste-domingo-8\/","title":{"rendered":"Noroeste x Santos: Prov\u00e1veis escala\u00e7\u00f5es para o duelo deste domingo (8)"},"content":{"rendered":"<p> <br \/>\n<\/p>\n<div>\n<div id=\"attachment_178799\" style=\"width: 1001px\" class=\"wp-caption aligncenter\"><img alt=\"\" fetchpriority=\"high\" fetchpriority=\"high\" decoding=\"async\" aria-describedby=\"caption-attachment-178799\" class=\" wp-image-178799\" src=\"https:\/\/www.diariodopeixe.com.br\/wp-content\/uploads\/2026\/02\/IMG_1183-300x169.jpeg\" alt=\"\" width=\"991\" height=\"558\" srcset=\"https:\/\/www.diariodopeixe.com.br\/wp-content\/uploads\/2026\/02\/IMG_1183-200x113.jpeg 200w, https:\/\/www.diariodopeixe.com.br\/wp-content\/uploads\/2026\/02\/IMG_1183-300x169.jpeg 300w, https:\/\/www.diariodopeixe.com.br\/wp-content\/uploads\/2026\/02\/IMG_1183-400x225.jpeg 400w, https:\/\/www.diariodopeixe.com.br\/wp-content\/uploads\/2026\/02\/IMG_1183-600x338.jpeg 600w, https:\/\/www.diariodopeixe.com.br\/wp-content\/uploads\/2026\/02\/IMG_1183-768x432.jpeg 768w, https:\/\/www.diariodopeixe.com.br\/wp-content\/uploads\/2026\/02\/IMG_1183-800x450.jpeg 800w, https:\/\/www.diariodopeixe.com.br\/wp-content\/uploads\/2026\/02\/IMG_1183-1024x576.jpeg 1024w, https:\/\/www.diariodopeixe.com.br\/wp-content\/uploads\/2026\/02\/IMG_1183-1200x675.jpeg 1200w, https:\/\/www.diariodopeixe.com.br\/wp-content\/uploads\/2026\/02\/IMG_1183-1536x864.jpeg 1536w\" sizes=\"(max-width: 991px) 100vw, 991px\"\/><\/p>\n<p id=\"caption-attachment-178799\" class=\"wp-caption-text\">Vojvoda tem muitos desfalques para enfrentar o Noroeste (Foto: Raul Baretta \/ Santos FC)<\/p>\n<\/div>\n<p>Noroeste e Santos se enfrentam neste domingo, \u00e0s 16h, no est\u00e1dio Alfredo de Castilho, em Bauru, pela s\u00e9tima rodada do Campeonato Paulista. O confronto ganha peso para o Peixe, que tenta interromper a sequ\u00eancia negativa no in\u00edcio da temporada. A equipe santista soma sete partidas sem vit\u00f3ria em 2026 e chega pressionada para o duelo no interior.<\/p>\n<p>No Estadual, o Santos aparece com seis pontos, na 14\u00aa coloca\u00e7\u00e3o, sendo o primeiro clube fora da zona de rebaixamento. Diante de um advers\u00e1rio direto, o resultado pode significar al\u00edvio na tabela e a chance de seguir vivo na disputa por uma vaga na pr\u00f3xima fase, reservada aos oito melhores colocados.<\/p>\n<p>O t\u00e9cnico Juan Pablo Vojvoda ainda n\u00e3o poder\u00e1 contar com Neymar, que segue fora dos relacionados e pode estrear apenas na \u00faltima rodada da fase inicial do Paulist\u00e3o. Al\u00e9m do camisa 10, o treinador tem outros desfalques importantes. O zagueiro Adonis Fr\u00edas est\u00e1 lesionado, Gabriel Menino cumpre suspens\u00e3o, Z\u00e9 Rafael trata uma tendinite no joelho, enquanto Willian Ar\u00e3o e Gustavo Henrique seguem em recupera\u00e7\u00e3o. A principal novidade \u00e9 o retorno de Thaciano, liberado ap\u00f3s se recuperar de um edema no m\u00fasculo posterior da coxa direita.<\/p>\n<p>Do outro lado, o Noroeste deve manter a base utilizada nas \u00faltimas partidas. O t\u00e9cnico Guilherme Alves costuma fazer poucas altera\u00e7\u00f5es, e Ronaldo Alves, que entrou no lugar de Maycon e marcou gol, tende a permanecer entre os titulares. No meio-campo, Tau\u00e3 e Cristiano seguem como op\u00e7\u00f5es enquanto L\u00e9o Sena continua fora por les\u00e3o. No setor ofensivo, a \u00fanica mudan\u00e7a \u00e9 obrigat\u00f3ria, j\u00e1 que Pedro Felipe est\u00e1 suspenso, e Marylson deve completar o trio de ataque ao lado de Diego Mathias e Carl\u00e3o.<\/p>\n<h3 class=\"p1\"><span class=\"s1\">FICHA T\u00c9CNICA<br \/>NOROESTE X SANTOS <\/span><\/h3>\n<p class=\"p1\"><span class=\"s1\"><strong>Competi\u00e7\u00e3o:<\/strong> Campeonato Paulista (7\u00aa rodada)<br \/><\/span><span class=\"s1\"><strong>Data e hora:<\/strong> 8 de fevereiro de 2026, \u00e0s 20h (hor\u00e1rio de Bras\u00edlia)<br \/><\/span><span class=\"s1\"><strong>Local:<\/strong> Est\u00e1dio Dr. Alfredo de Castilho, Bauru (SP)<br \/><\/span><strong>\u00c1rbitro:<\/strong> Fl\u00e1vio Rodrigues de Souza<br \/><strong>Assistentes:<\/strong> Daniel Paulo Ziolli e Henrique Perinelli Oliveira<br \/><strong>Quarta \u00e1rbitra:<\/strong> Marianna Nanni Batalha<br \/><strong>VAR:<\/strong> Rodrigo Guarizo Ferreira do Amaral<\/p>\n<p class=\"p1\"><strong><span class=\"s1\">PROV\u00c1VEIS ESCALA\u00c7\u00d5ES <\/span><\/strong><\/p>\n<p class=\"p1\"><span class=\"s1\"><strong>NOROESTE:<\/strong> <\/span><span class=\"s3\">Luiz Daniel, Pedro Carrete, Ronaldo Alves e Carlinhos; Jhonny, Cristiano, Tau\u00e3 e S\u00e1nchez; Marylson, Carl\u00e3o e Diego Mathias. <strong>T\u00e9cnico:<\/strong> Guilherme Alves<\/span><\/p>\n<p class=\"p1\"><strong><span class=\"s1\">SANTOS:<\/span><\/strong><span class=\"s3\"> Gabriel Braz\u00e3o; Igor Vin\u00edcius, Jo\u00e3o Basso (Z\u00e9 Ivaldo), Luan Peres e Escobar; Jo\u00e3o Schmidt, Gabriel Bontempo (Tom\u00e1s Rinc\u00f3n) e Barreal e Miguelito (Thaciano; Rony e Gabriel Barbosa. <strong>T\u00e9cnico:<\/strong> Juan Pablo Vojvoda<\/span><\/p>\n<\/p><\/div>\n<p><br \/>\n<br \/>Fonte: <a href=\"https:\/\/www.diariodopeixe.com.br\/noticias\/noroeste-x-santos-provaveis-escalacoes-para-o-duelo-deste-domingo-8\/\">Di\u00e1rio do Peixe<\/a><\/p>\n","protected":false},"excerpt":{"rendered":"<p>Vojvoda tem muitos desfalques para enfrentar o Noroeste (Foto: Raul Baretta \/ Santos FC) Noroeste e Santos se enfrentam neste domingo, \u00e0s 16h, no est\u00e1dio Alfredo de Castilho, em Bauru, pela s\u00e9tima rodada do Campeonato Paulista. O confronto ganha peso para o Peixe, que tenta interromper a sequ\u00eancia negativa no in\u00edcio da temporada. A equipe [&hellip;]<\/p>\n","protected":false},"author":5,"featured_media":61946,"comment_status":"open","ping_status":"open","sticky":false,"template":"","format":"standard","meta":{"_seopress_robots_primary_cat":"","_seopress_titles_title":"","_seopress_titles_desc":"","_seopress_robots_index":"","footnotes":""},"categories":[55],"tags":[],"class_list":["post-61945","post","type-post","status-publish","format-standard","has-post-thumbnail","hentry","category-santos-fc"],"_links":{"self":[{"href":"https:\/\/mussicom.com\/noticias\/wp-json\/wp\/v2\/posts\/61945","targetHints":{"allow":["GET"]}}],"collection":[{"href":"https:\/\/mussicom.com\/noticias\/wp-json\/wp\/v2\/posts"}],"about":[{"href":"https:\/\/mussicom.com\/noticias\/wp-json\/wp\/v2\/types\/post"}],"author":[{"embeddable":true,"href":"https:\/\/mussicom.com\/noticias\/wp-json\/wp\/v2\/users\/5"}],"replies":[{"embeddable":true,"href":"https:\/\/mussicom.com\/noticias\/wp-json\/wp\/v2\/comments?post=61945"}],"version-history":[{"count":0,"href":"https:\/\/mussicom.com\/noticias\/wp-json\/wp\/v2\/posts\/61945\/revisions"}],"wp:featuredmedia":[{"embeddable":true,"href":"https:\/\/mussicom.com\/noticias\/wp-json\/wp\/v2\/media\/61946"}],"wp:attachment":[{"href":"https:\/\/mussicom.com\/noticias\/wp-json\/wp\/v2\/media?parent=61945"}],"wp:term":[{"taxonomy":"category","embeddable":true,"href":"https:\/\/mussicom.com\/noticias\/wp-json\/wp\/v2\/categories?post=61945"},{"taxonomy":"post_tag","embeddable":true,"href":"https:\/\/mussicom.com\/noticias\/wp-json\/wp\/v2\/tags?post=61945"}],"curies":[{"name":"wp","href":"https:\/\/api.w.org\/{rel}","templated":true}]}}