{"id":61897,"date":"2026-02-07T20:40:42","date_gmt":"2026-02-07T23:40:42","guid":{"rendered":"https:\/\/mussicom.com\/producao-de-soja-no-paraguai-pode-alcancar-novo-recorde\/"},"modified":"2026-02-07T20:40:42","modified_gmt":"2026-02-07T23:40:42","slug":"producao-de-soja-no-paraguai-pode-alcancar-novo-recorde","status":"publish","type":"post","link":"https:\/\/mussicom.com\/noticias\/producao-de-soja-no-paraguai-pode-alcancar-novo-recorde\/","title":{"rendered":"Produ\u00e7\u00e3o de soja no Paraguai pode alcan\u00e7ar novo recorde"},"content":{"rendered":"<p> <br \/>\n<\/p>\n<div>\n<p>A produ\u00e7\u00e3o de soja no Paraguai caminha para um dos melhores resultados de sua hist\u00f3ria, com possibilidade de novo recorde no ciclo atual. Segundo a StoneX, a estimativa da safra principal foi revisada de 9,65 milh\u00f5es para 10,14 milh\u00f5es de toneladas, e, com uma safrinha pr\u00f3xima de 1,39 milh\u00e3o de toneladas, o volume total pode alcan\u00e7ar 11,53 milh\u00f5es de toneladas.&#13;\n<\/p>\n<p>O cen\u00e1rio positivo come\u00e7ou a se confirmar com o avan\u00e7o da colheita em janeiro, sustentado pelos bons n\u00edveis de chuvas registrados em dezembro. Os primeiros resultados de campo indicam produtividades acima da m\u00e9dia hist\u00f3rica na maior parte das regi\u00f5es produtoras, o que refor\u00e7ou as revis\u00f5es para cima nos rendimentos m\u00e9dios.<\/p>\n<p>Os ajustes mais relevantes ocorreram em importantes polos agr\u00edcolas. No noroeste da Regi\u00e3o Oriental, Alto Paran\u00e1 passou a registrar rendimento m\u00e9dio de 3,6 toneladas por hectare, enquanto Canindey\u00fa alcan\u00e7ou 3,5 t\/ha. Na faixa centro-sul, Caaguaz\u00fa e Itap\u00faa tiveram suas produtividades elevadas para 3,4 t\/ha, al\u00e9m de revis\u00f5es positivas em Guair\u00e1, Caazap\u00e1, San Pedro e Paraguar\u00ed.&#13;\n<\/p>\n<p>O ritmo da colheita tamb\u00e9m chama aten\u00e7\u00e3o. No fim de janeiro, entre 20% e 30% da \u00e1rea nacional havia sido colhida, com maior avan\u00e7o no norte da Regi\u00e3o Oriental, movimento considerado at\u00edpico. A expectativa \u00e9 de que o pico dos trabalhos ocorra nas primeiras semanas de fevereiro, com conclus\u00e3o at\u00e9 o final do m\u00eas.<\/p>\n<p>\u201cCom os ajustes observados no Paraguai e em outros pa\u00edses da Am\u00e9rica do Sul, o mercado caminha para um cen\u00e1rio de ampla oferta nos pr\u00f3ximos meses, o que deve seguir influenciando as din\u00e2micas de pre\u00e7os\u201d, conclui a analista de Intelig\u00eancia de Mercado, Larissa Barboza Alvarez.&#13;\n<\/p>\n<p>&#13;<br \/>\n\u00a0<\/p>\n<\/p><\/div>\n<p><script data-cfasync=\"false\">\n    !function (f, b, e, v, n, t, s) {\n        if (f.fbq) return; n = f.fbq = function () {\n            n.callMethod ?\n                n.callMethod.apply(n, arguments) : n.queue.push(arguments)\n        };\n        if (!f._fbq) f._fbq = n; n.push = n; n.loaded = !0; n.version = '2.0';\n        n.queue = []; t = b.createElement(e); t.async = !0;\n        t.src = v; s = b.getElementsByTagName(e)[0];\n        s.parentNode.insertBefore(t, s)\n    }(window, document, 'script',\n        'https:\/\/connect.facebook.net\/en_US\/fbevents.js');\n    fbq('init', '522546078623747');\n    fbq('track', 'PageView');\n<\/script><br \/>\n<br \/><br \/>\n<br \/>Fonte: <a href=\"https:\/\/www.agrolink.com.br\/noticias\/producao-de-soja-no-paraguai-pode-alcancar-novo-recorde_510681.html\">AGROLINK<\/a><\/p>\n","protected":false},"excerpt":{"rendered":"<p>A produ\u00e7\u00e3o de soja no Paraguai caminha para um dos melhores resultados de sua hist\u00f3ria, com possibilidade de novo recorde no ciclo atual. Segundo a StoneX, a estimativa da safra principal foi revisada de 9,65 milh\u00f5es para 10,14 milh\u00f5es de toneladas, e, com uma safrinha pr\u00f3xima de 1,39 milh\u00e3o de toneladas, o volume total pode [&hellip;]<\/p>\n","protected":false},"author":5,"featured_media":33903,"comment_status":"open","ping_status":"open","sticky":false,"template":"","format":"standard","meta":{"_seopress_robots_primary_cat":"","_seopress_titles_title":"","_seopress_titles_desc":"","_seopress_robots_index":"","footnotes":""},"categories":[53],"tags":[],"class_list":["post-61897","post","type-post","status-publish","format-standard","has-post-thumbnail","hentry","category-agronegocio"],"_links":{"self":[{"href":"https:\/\/mussicom.com\/noticias\/wp-json\/wp\/v2\/posts\/61897","targetHints":{"allow":["GET"]}}],"collection":[{"href":"https:\/\/mussicom.com\/noticias\/wp-json\/wp\/v2\/posts"}],"about":[{"href":"https:\/\/mussicom.com\/noticias\/wp-json\/wp\/v2\/types\/post"}],"author":[{"embeddable":true,"href":"https:\/\/mussicom.com\/noticias\/wp-json\/wp\/v2\/users\/5"}],"replies":[{"embeddable":true,"href":"https:\/\/mussicom.com\/noticias\/wp-json\/wp\/v2\/comments?post=61897"}],"version-history":[{"count":0,"href":"https:\/\/mussicom.com\/noticias\/wp-json\/wp\/v2\/posts\/61897\/revisions"}],"wp:featuredmedia":[{"embeddable":true,"href":"https:\/\/mussicom.com\/noticias\/wp-json\/wp\/v2\/media\/33903"}],"wp:attachment":[{"href":"https:\/\/mussicom.com\/noticias\/wp-json\/wp\/v2\/media?parent=61897"}],"wp:term":[{"taxonomy":"category","embeddable":true,"href":"https:\/\/mussicom.com\/noticias\/wp-json\/wp\/v2\/categories?post=61897"},{"taxonomy":"post_tag","embeddable":true,"href":"https:\/\/mussicom.com\/noticias\/wp-json\/wp\/v2\/tags?post=61897"}],"curies":[{"name":"wp","href":"https:\/\/api.w.org\/{rel}","templated":true}]}}