{"id":61809,"date":"2026-02-07T07:27:31","date_gmt":"2026-02-07T10:27:31","guid":{"rendered":"https:\/\/mussicom.com\/deficit-hidrico-reduz-milho-e-pressiona-soja-na-argentina\/"},"modified":"2026-02-07T07:27:31","modified_gmt":"2026-02-07T10:27:31","slug":"deficit-hidrico-reduz-milho-e-pressiona-soja-na-argentina","status":"publish","type":"post","link":"https:\/\/mussicom.com\/noticias\/deficit-hidrico-reduz-milho-e-pressiona-soja-na-argentina\/","title":{"rendered":"D\u00e9ficit h\u00eddrico reduz milho e pressiona soja na Argentina"},"content":{"rendered":"<p> <br \/>\n<\/p>\n<div>\n<div class=\"row\">\n<div class=\"col-lg col-infos mt-0 mt-lg-0\">\n<div class=\"section-sub-title\">\n<p itemprop=\"description\">&#13;<br \/>\n                                A semeadura da soja foi conclu\u00edda em n\u00edvel nacional&#13;\n                            <\/p>\n<\/p><\/div>\n<div class=\"container\">\n<div class=\"row\">\n<div class=\"col-lg p-0\">\n<div>\n<div class=\"block-news-main-infos mt-3 text-start\">\n<p>                                            <strong class=\"fn\" itemprop=\"author\" style=\"color: rgb(112, 112, 112); \">&#13;<br \/>\n                                                Agrolink&#13;<br \/>\n&#13;<br \/>\n                                                    &#8211; Leonardo Gottems&#13;<br \/>\n&#13;<br \/>\n                                            <\/strong><br \/>\n                                        <\/p>\n<p>                                            <abbr><time datetime=\"2026 - 02 - 06T15:33\" itemprop=\"datePublished dateModified\"> Publicado em 06\/02\/2026 \u00e0s 15:33h.<\/time><\/abbr>\n                                    <\/div>\n<\/p><\/div>\n<\/p><\/div>\n<div class=\"col-lg p-0 text-lg-end\">\n<div>\n<div id=\"mdEnviarPagina\" class=\"modal fade\" role=\"dialog\">\n<div class=\"modal-dialog\">\n<div class=\"modal-content\">\n<div class=\"modal-body\">\n<p><strong>Estimado usu\u00e1rio.<\/strong><br \/>Preencha o formul\u00e1rio abaixo para remeter a p\u00e1gina.<\/p>\n<\/p><\/div>\n<\/p><\/div>\n<\/p><\/div>\n<\/div><\/div>\n<\/p><\/div>\n<\/p><\/div>\n<\/p><\/div>\n<\/p><\/div>\n<\/p><\/div>\n<div class=\"row justify-content-md-center mt-3\">\n<div class=\"col-lg-auto col-image block-news-main-image\">\n<p>                                <br \/>\n                                                <span class=\"d-block mt-1\">A semeadura da soja foi conclu\u00edda em n\u00edvel nacional &#8211; Foto: Divulga\u00e7\u00e3o<\/span><\/p><\/div>\n<\/p><\/div>\n<div class=\"section-description section-description-noticias mt-3\">\n<p>A evolu\u00e7\u00e3o das principais culturas agr\u00edcolas mostra um quadro de contrastes entre perdas associadas ao clima e ganhos de produtividade em regi\u00f5es espec\u00edficas. Segundo dados da Bolsa de Cereais de Buenos Aires (BCBA), as condi\u00e7\u00f5es h\u00eddricas seguem como fator determinante para os ajustes nas estimativas de soja, milho e girassol ao longo do ciclo 2025\/26.&#13;\n<\/p>\n<p>A semeadura da soja foi conclu\u00edda em n\u00edvel nacional, mas houve deteriora\u00e7\u00e3o nas condi\u00e7\u00f5es gerais da cultura. A propor\u00e7\u00e3o de lavouras em condi\u00e7\u00e3o Normal a Boa apresentou recuo, assim como a condi\u00e7\u00e3o h\u00eddrica Adequada a \u00d3tima. Mais de 40% da soja de primeira atravessa a fase de defini\u00e7\u00e3o de rendimento sob limita\u00e7\u00f5es de umidade, com maior impacto no Centro-Este de Entre R\u00edos e no Sul de C\u00f3rdoba. Em contrapartida, \u00e1reas do Norte de La Pampa e do Oeste de Buenos Aires mant\u00eam melhor disponibilidade de \u00e1gua no solo. J\u00e1 a soja de segunda iniciou o per\u00edodo reprodutivo em parte das \u00e1reas sob d\u00e9ficit h\u00eddrico, com registros de abortos florais e perdas pontuais de plantas. A expectativa \u00e9 de que as chuvas recentes contribuam para recompor a umidade dos perfis.&#13;\n<\/p>\n<p>No milho, a semeadura destinada ao gr\u00e3o comercial atingiu 99% da \u00e1rea projetada, restando apenas pequenas \u00e1reas no NEA e NOA. A colheita do milho cedo come\u00e7ou em Entre R\u00edos e no norte de Santa Fe, com rendimentos iniciais entre 60 e 70 sacas por hectare. Apesar de a maior parte das lavouras manter condi\u00e7\u00e3o satisfat\u00f3ria, perdas registradas no Sul de C\u00f3rdoba levaram \u00e0 redu\u00e7\u00e3o da proje\u00e7\u00e3o nacional de produ\u00e7\u00e3o de 58 para 57 milh\u00f5es de toneladas.&#13;\n<\/p>\n<p>Por outro lado, a estimativa de produ\u00e7\u00e3o de girassol foi elevada para 6,2 milh\u00f5es de toneladas, impulsionada por rendimentos elevados em diversas regi\u00f5es, embora ainda haja incertezas para \u00e1reas com restri\u00e7\u00e3o de umidade.<br \/>&#13;<br \/>\n\u00a0<\/p>\n<\/p><\/div>\n<\/p><\/div>\n<p><script data-cfasync=\"false\">\n    !function (f, b, e, v, n, t, s) {\n        if (f.fbq) return; n = f.fbq = function () {\n            n.callMethod ?\n                n.callMethod.apply(n, arguments) : n.queue.push(arguments)\n        };\n        if (!f._fbq) f._fbq = n; n.push = n; n.loaded = !0; n.version = '2.0';\n        n.queue = []; t = b.createElement(e); t.async = !0;\n        t.src = v; s = b.getElementsByTagName(e)[0];\n        s.parentNode.insertBefore(t, s)\n    }(window, document, 'script',\n        'https:\/\/connect.facebook.net\/en_US\/fbevents.js');\n    fbq('init', '522546078623747');\n    fbq('track', 'PageView');\n<\/script><br \/>\n<br \/><br \/>\n<br \/>Fonte: <a href=\"https:\/\/www.agrolink.com.br\/noticias\/deficit-hidrico-reduz-milho-e-pressiona-soja-na-argentina_510649.html\">AGROLINK<\/a><\/p>\n","protected":false},"excerpt":{"rendered":"<p>&#13; A semeadura da soja foi conclu\u00edda em n\u00edvel nacional&#13; &#13; Agrolink&#13; &#13; &#8211; Leonardo Gottems&#13; &#13; Publicado em 06\/02\/2026 \u00e0s 15:33h. Estimado usu\u00e1rio.Preencha o formul\u00e1rio abaixo para remeter a p\u00e1gina. A semeadura da soja foi conclu\u00edda em n\u00edvel nacional &#8211; Foto: Divulga\u00e7\u00e3o A evolu\u00e7\u00e3o das principais culturas agr\u00edcolas mostra um quadro de contrastes entre [&hellip;]<\/p>\n","protected":false},"author":5,"featured_media":61810,"comment_status":"open","ping_status":"open","sticky":false,"template":"","format":"standard","meta":{"_seopress_robots_primary_cat":"","_seopress_titles_title":"","_seopress_titles_desc":"","_seopress_robots_index":"","footnotes":""},"categories":[53],"tags":[],"class_list":["post-61809","post","type-post","status-publish","format-standard","has-post-thumbnail","hentry","category-agronegocio"],"_links":{"self":[{"href":"https:\/\/mussicom.com\/noticias\/wp-json\/wp\/v2\/posts\/61809","targetHints":{"allow":["GET"]}}],"collection":[{"href":"https:\/\/mussicom.com\/noticias\/wp-json\/wp\/v2\/posts"}],"about":[{"href":"https:\/\/mussicom.com\/noticias\/wp-json\/wp\/v2\/types\/post"}],"author":[{"embeddable":true,"href":"https:\/\/mussicom.com\/noticias\/wp-json\/wp\/v2\/users\/5"}],"replies":[{"embeddable":true,"href":"https:\/\/mussicom.com\/noticias\/wp-json\/wp\/v2\/comments?post=61809"}],"version-history":[{"count":0,"href":"https:\/\/mussicom.com\/noticias\/wp-json\/wp\/v2\/posts\/61809\/revisions"}],"wp:featuredmedia":[{"embeddable":true,"href":"https:\/\/mussicom.com\/noticias\/wp-json\/wp\/v2\/media\/61810"}],"wp:attachment":[{"href":"https:\/\/mussicom.com\/noticias\/wp-json\/wp\/v2\/media?parent=61809"}],"wp:term":[{"taxonomy":"category","embeddable":true,"href":"https:\/\/mussicom.com\/noticias\/wp-json\/wp\/v2\/categories?post=61809"},{"taxonomy":"post_tag","embeddable":true,"href":"https:\/\/mussicom.com\/noticias\/wp-json\/wp\/v2\/tags?post=61809"}],"curies":[{"name":"wp","href":"https:\/\/api.w.org\/{rel}","templated":true}]}}