{"id":6180,"date":"2025-03-16T17:58:33","date_gmt":"2025-03-16T20:58:33","guid":{"rendered":"https:\/\/www.mussicom.com\/presentes-recebidos-por-presidentes-nao-sao-patrimonio-publico-decide-tcu\/"},"modified":"2025-03-16T17:58:33","modified_gmt":"2025-03-16T20:58:33","slug":"presentes-recebidos-por-presidentes-nao-sao-patrimonio-publico-decide-tcu","status":"publish","type":"post","link":"https:\/\/mussicom.com\/noticias\/presentes-recebidos-por-presidentes-nao-sao-patrimonio-publico-decide-tcu\/","title":{"rendered":"Presentes recebidos por presidentes n\u00e3o s\u00e3o patrim\u00f4nio p\u00fablico, decide TCU"},"content":{"rendered":"<p> <br \/>\n<\/p>\n<div id=\"hd80s9wa1h892edh8192\">\n<p>O Tribunal de Contas da Uni\u00e3o (TCU) determinou que presentes recebidos por presidentes e vice-presidentes n\u00e3o fazem parte do patrim\u00f4nio p\u00fablico. A decis\u00e3o, <strong>divulgada em 19 de fevereiro<\/strong>, se baseia na aus\u00eancia de uma legisla\u00e7\u00e3o que exija a incorpora\u00e7\u00e3o desses itens ao Tesouro Nacional.<\/p>\n<p><strong>+ Leia mais not\u00edcias de Pol\u00edtica em Oeste<\/strong><\/p>\n<p>Consequentemente, ex-presidentes poder\u00e3o manter os presentes recebidos durante seus mandatos. A decis\u00e3o abrange itens como as joias que Jair Bolsonaro (PL) recebeu durante uma viagem oficial \u00e0 Ar\u00e1bia Saudita.\u00a0<\/p>\n<h2 class=\"wp-block-heading\">A decis\u00e3o do TCU e a aus\u00eancia de legisla\u00e7\u00e3o espec\u00edfica<\/h2>\n<p>O TCU declarou que, at\u00e9 que uma lei espec\u00edfica regule o tema, n\u00e3o h\u00e1 fundamenta\u00e7\u00e3o jur\u00eddica para classificar tais presentes como bens p\u00fablicos.\u00a0<\/p>\n<p>\u201cReconhecer que, at\u00e9 que uma lei espec\u00edfica discipline a mat\u00e9ria, n\u00e3o h\u00e1 fundamenta\u00e7\u00e3o jur\u00eddica para caracteriza\u00e7\u00e3o de presentes recebidos por presidentes da Rep\u00fablica no exerc\u00edcio do mandato como bens p\u00fablicos\u201d, afirma o documento do TCU. \u201cIsso inviabiliza a possibilidade de expedi\u00e7\u00e3o de determina\u00e7\u00e3o, por esta Corte, para sua incorpora\u00e7\u00e3o ao patrim\u00f4nio p\u00fablico.\u201d<\/p>\n<figure class=\"wp-block-embed is-type-video is-provider-youtube wp-block-embed-youtube wp-embed-aspect-16-9 wp-has-aspect-ratio\">\n<div class=\"wp-block-embed__wrapper\">\n<div class=\"perfmatters-lazy-youtube\" data-src=\"https:\/\/www.youtube.com\/embed\/HVgQYs1IkkA\" data-id=\"HVgQYs1IkkA\" data-query=\"feature=oembed\" onclick=\"perfmattersLazyLoadYouTube(this);\">\n<div><img fetchpriority=\"high\" decoding=\"async\" src=\"https:\/\/i.ytimg.com\/vi\/HVgQYs1IkkA\/hqdefault.jpg\" alt=\"YouTube video\" width=\"480\" height=\"360\" data-pin-nopin=\"true\" nopin=\"nopin\"\/><\/div>\n<\/div>\n<p><noscript><iframe title=\"Tema das joias virou ideia fixa da imprensa que milita contra Bolsonaro | #eo\" width=\"800\" height=\"450\" src=\"https:\/\/www.youtube.com\/embed\/HVgQYs1IkkA?feature=oembed\" frameborder=\"0\" allow=\"accelerometer; autoplay; clipboard-write; encrypted-media; gyroscope; picture-in-picture; web-share\" referrerpolicy=\"strict-origin-when-cross-origin\" allowfullscreen><\/iframe><\/noscript>\n<\/div>\n<\/figure>\n<p>Al\u00e9m disso, o tribunal recomendou aprimoramentos na gest\u00e3o dos bens. A sugest\u00e3o \u00e9 que todos os presentes recebidos pelo presidente da Rep\u00fablica sejam catalogados em at\u00e9 30 dias depois do recebimento. Tamb\u00e9m deve haver uma avalia\u00e7\u00e3o detalhada feita por uma unidade competente dentro da Presid\u00eancia.\u00a0<\/p>\n<p>Devem ser registradas informa\u00e7\u00f5es como marca, modelo, caracter\u00edsticas, origem e destina\u00e7\u00e3o do presente. O recebimento dos itens devem ser anunciados em uma se\u00e7\u00e3o espec\u00edfica no Portal de Transpar\u00eancia do governo federal.<\/p>\n<h2 class=\"wp-block-heading\">A rea\u00e7\u00e3o de Bolsonaro<\/h2>\n<p>Bolsonaro reagiu \u00e0 decis\u00e3o. Por meio do X, o ex-presidente destacou que o documento do TCU refor\u00e7a que \u201cos presentes personal\u00edssimos, recebidos durante o mandato, pertencem aos respectivos ex-presidentes\u201d.<\/p>\n<figure class=\"wp-block-image aligncenter size-full\"><picture><source data-srcset=\"https:\/\/medias.revistaoeste.com\/wp-content\/uploads\/2025\/02\/Bolsonaro-3-scaled.jpg.webp 2560w, https:\/\/medias.revistaoeste.com\/wp-content\/uploads\/2025\/02\/Bolsonaro-3-300x200.jpg.webp 300w, https:\/\/medias.revistaoeste.com\/wp-content\/uploads\/2025\/02\/Bolsonaro-3-150x100.jpg.webp 150w\" data-sizes=\"(max-width: 2560px) 100vw, 2560px\" type=\"image\/webp\"><img decoding=\"async\" width=\"2560\" height=\"1707\" alt=\"Segundo a PGR, Bolsonaro teria participado de uma organiza\u00e7\u00e3o que visava a impedir a posse de Luiz In\u00e1cio Lula da Silva como presidente | Foto: T\u00e2nia R\u00eago\/Ag\u00eancia Brasil\" class=\"wp-image-1889810 perfmatters-lazy\" data-eio=\"p\" src=\"https:\/\/medias.revistaoeste.com\/wp-content\/uploads\/2025\/02\/Bolsonaro-3-scaled.jpg\" srcset=\"https:\/\/medias.revistaoeste.com\/wp-content\/uploads\/2025\/02\/Bolsonaro-3-scaled.jpg 2560w, https:\/\/medias.revistaoeste.com\/wp-content\/uploads\/2025\/02\/Bolsonaro-3-300x200.jpg 300w, https:\/\/medias.revistaoeste.com\/wp-content\/uploads\/2025\/02\/Bolsonaro-3-150x100.jpg 150w\" data-sizes=\"(max-width: 2560px) 100vw, 2560px\"\/><img decoding=\"async\" width=\"2560\" height=\"1707\" src=\"https:\/\/medias.revistaoeste.com\/wp-content\/uploads\/2025\/02\/Bolsonaro-3-scaled.jpg\" alt=\"Segundo a PGR, Bolsonaro teria participado de uma organiza\u00e7\u00e3o que visava a impedir a posse de Luiz In\u00e1cio Lula da Silva como presidente | Foto: T\u00e2nia R\u00eago\/Ag\u00eancia Brasil\" class=\"wp-image-1889810\" srcset=\"https:\/\/medias.revistaoeste.com\/wp-content\/uploads\/2025\/02\/Bolsonaro-3-scaled.jpg 2560w, https:\/\/medias.revistaoeste.com\/wp-content\/uploads\/2025\/02\/Bolsonaro-3-300x200.jpg 300w, https:\/\/medias.revistaoeste.com\/wp-content\/uploads\/2025\/02\/Bolsonaro-3-150x100.jpg 150w\" sizes=\"(max-width: 2560px) 100vw, 2560px\" data-eio=\"p\"\/><\/source><\/picture><figcaption class=\"wp-element-caption\">A decis\u00e3o abrange itens como as joias que Jair Bolsonaro (PL) recebeu durante uma viagem oficial \u00e0 Ar\u00e1bia Saudita | Foto: T\u00e2nia R\u00eago\/Ag\u00eancia Brasil<\/figcaption><\/figure>\n<p>Ele ainda enfatizou que, segundo o TCU, esses presentes, independentemente de seu valor, n\u00e3o precisam ser incorporados ao patrim\u00f4nio p\u00fablico da Uni\u00e3o.<\/p>\n<p><related-posts class=\"border-y border-gray-300 py-5\"><\/p>\n<h2 class=\"!text-2xl text-black font-primary font-semibold leading-none mb-3\">\n    Leia tamb\u00e9m:<br \/>\n  <\/h2>\n<p><\/related-posts><\/p><\/div>\n<p><br \/>\n<br \/>Fonte: <a href=\"https:\/\/revistaoeste.com\/politica\/presentes-recebidos-por-presidentes-nao-sao-patrimonio-publico-decide-tcu\/\">Ag\u00eancia Brasil<\/a><\/p>\n","protected":false},"excerpt":{"rendered":"<p>O Tribunal de Contas da Uni\u00e3o (TCU) determinou que presentes recebidos por presidentes e vice-presidentes n\u00e3o fazem parte do patrim\u00f4nio p\u00fablico. A decis\u00e3o, divulgada em 19 de fevereiro, se baseia na aus\u00eancia de uma legisla\u00e7\u00e3o que exija a incorpora\u00e7\u00e3o desses itens ao Tesouro Nacional. + Leia mais not\u00edcias de Pol\u00edtica em Oeste Consequentemente, ex-presidentes poder\u00e3o [&hellip;]<\/p>\n","protected":false},"author":5,"featured_media":6182,"comment_status":"open","ping_status":"open","sticky":false,"template":"","format":"standard","meta":{"_seopress_robots_primary_cat":"","_seopress_titles_title":"","_seopress_titles_desc":"","_seopress_robots_index":"","footnotes":""},"categories":[47,1],"tags":[],"class_list":["post-6180","post","type-post","status-publish","format-standard","has-post-thumbnail","hentry","category-politica","category-ultimas-noticias"],"_links":{"self":[{"href":"https:\/\/mussicom.com\/noticias\/wp-json\/wp\/v2\/posts\/6180","targetHints":{"allow":["GET"]}}],"collection":[{"href":"https:\/\/mussicom.com\/noticias\/wp-json\/wp\/v2\/posts"}],"about":[{"href":"https:\/\/mussicom.com\/noticias\/wp-json\/wp\/v2\/types\/post"}],"author":[{"embeddable":true,"href":"https:\/\/mussicom.com\/noticias\/wp-json\/wp\/v2\/users\/5"}],"replies":[{"embeddable":true,"href":"https:\/\/mussicom.com\/noticias\/wp-json\/wp\/v2\/comments?post=6180"}],"version-history":[{"count":0,"href":"https:\/\/mussicom.com\/noticias\/wp-json\/wp\/v2\/posts\/6180\/revisions"}],"wp:featuredmedia":[{"embeddable":true,"href":"https:\/\/mussicom.com\/noticias\/wp-json\/wp\/v2\/media\/6182"}],"wp:attachment":[{"href":"https:\/\/mussicom.com\/noticias\/wp-json\/wp\/v2\/media?parent=6180"}],"wp:term":[{"taxonomy":"category","embeddable":true,"href":"https:\/\/mussicom.com\/noticias\/wp-json\/wp\/v2\/categories?post=6180"},{"taxonomy":"post_tag","embeddable":true,"href":"https:\/\/mussicom.com\/noticias\/wp-json\/wp\/v2\/tags?post=6180"}],"curies":[{"name":"wp","href":"https:\/\/api.w.org\/{rel}","templated":true}]}}