{"id":61760,"date":"2026-02-06T22:10:15","date_gmt":"2026-02-07T01:10:15","guid":{"rendered":"https:\/\/mussicom.com\/ramagem-e-interrogado-pelo-stf-por-videoconferencia\/"},"modified":"2026-02-06T22:10:15","modified_gmt":"2026-02-07T01:10:15","slug":"ramagem-e-interrogado-pelo-stf-por-videoconferencia","status":"publish","type":"post","link":"https:\/\/mussicom.com\/noticias\/ramagem-e-interrogado-pelo-stf-por-videoconferencia\/","title":{"rendered":"Ramagem \u00e9 interrogado pelo STF por videoconfer\u00eancia"},"content":{"rendered":"<p> <br \/>\n<\/p>\n<div id=\"tp-post-content\">\n<p class=\"postParagraph_post-paragraph__juWZN postParagraph_post-paragraph-innerHtml__Q5vwc\">O ex-deputado Alexandre Ramagem (PL-RJ) foi interrogado nesta quinta-feira (5) pelo Supremo Tribunal Federal (STF) por videoconfer\u00eancia na a\u00e7\u00e3o penal que trata dos crimes de danos vinculados aos atos de 8 de janeiro de 2023. Ele est\u00e1 nos Estados Unidos desde setembro e \u00e9 considerado foragido pela Justi\u00e7a.<\/p>\n<p class=\"postParagraph_post-paragraph__juWZN postParagraph_post-paragraph-innerHtml__Q5vwc\">Segundo o termo de audi\u00eancia, a oitiva durou cerca de 50 minutos e foi conduzida por uma ju\u00edza auxiliar do gabinete do ministro Alexandre de Moraes. Ramagem respondeu a algumas das perguntas da magistrada e do representante da Procuradoria-Geral da Rep\u00fablica (PGR). Durante a audi\u00eancia, ele foi representado pelo advogado Paulo Cintra.<\/p>\n<p class=\"postParagraph_post-paragraph__juWZN postParagraph_post-paragraph-innerHtml__Q5vwc\">Em maio de 2025, a C\u00e2mara dos Deputados conseguiu suspender parte do processo da alegada trama golpista contra Ramagem. Com isso, o ex-deputado n\u00e3o seria julgado pelos crimes de dano qualificado e deteriora\u00e7\u00e3o do patrim\u00f4nio tombado enquanto estivesse no exerc\u00edcio do mandato.<\/p>\n<div class=\"postViewMore_post-view-more-container___5wai\" data-mrf-recirculation=\"Post - Veja tamb\u00e9m\">\n<p class=\"gp-styles-module-size-small-afeYRa gp-styles-module-font-family2-afeYRa gp-styles-module-color-secondary-afeYRa gp-styles-module-weight-bold-afeYRa\">VEJA TAMB\u00c9M:<\/p>\n<ul class=\"postViewMore_post-view-more-list__CU_CE\">\n<li class=\"postViewMore_post-view-more-item__2MzRb\"><span class=\"postViewMore_post-view-more-link-icon___stPC\"><svg xmlns=\"http:\/\/www.w3.org\/2000\/svg\" width=\"16\" height=\"16\" viewbox=\"0 0 16 16\"><rect width=\"16\" height=\"16\" fill=\"none\"\/><g transform=\"translate(3 3)\"><path d=\"M22.5,15l3.4,3.4-3.4,3.4\" transform=\"translate(-15.896 -11.793)\" fill=\"none\" stroke=\"#717171\" stroke-linecap=\"round\" stroke-width=\"1.4\"\/><path d=\"M6,6v4.2a2.452,2.452,0,0,0,2.5,2.4H16\" transform=\"translate(-6 -6)\" fill=\"none\" stroke=\"#717171\" stroke-linecap=\"round\" stroke-width=\"1.4\"\/><\/g><\/svg><\/span><span class=\"postViewMore_post-view-more-link-text__hO_kM\">Lula compara Bolsonaro a \u201ccachorro louco\u201d e diz que libert\u00e1-lo seria \u201cdesmoralizar\u201d o STF<\/span><\/li>\n<\/ul>\n<\/div>\n<p class=\"postParagraph_post-paragraph__juWZN postParagraph_post-paragraph-innerHtml__Q5vwc\">Os dois delitos est\u00e3o ligados ao 8 de janeiro, que ocorreu depois de sua diploma\u00e7\u00e3o como parlamentar. No entanto, a Mesa Diretora da C\u00e2mara cumpriu uma ordem do STF e declarou a cassa\u00e7\u00e3o de Ramagem em 18 de dezembro do ano passado.<\/p>\n<p class=\"postParagraph_post-paragraph__juWZN postParagraph_post-paragraph-innerHtml__Q5vwc\">Dias depois, Moraes retomou a a\u00e7\u00e3o penal pelos crimes de dano. O processo est\u00e1 na fase de instru\u00e7\u00e3o.<\/p>\n<p class=\"postParagraph_post-paragraph__juWZN postParagraph_post-paragraph-innerHtml__Q5vwc\">O ex-diretor da Ag\u00eancia Brasileira de Intelig\u00eancia (Abin) j\u00e1 foi condenado a 16 anos de pris\u00e3o pelos crimes de aboli\u00e7\u00e3o violenta do Estado Democr\u00e1tico de Direito, golpe de Estado e organiza\u00e7\u00e3o criminosa.<\/p>\n<p class=\"postParagraph_post-paragraph__juWZN postParagraph_post-paragraph-innerHtml__Q5vwc\">Ele deixou o Brasil em setembro, antes do fim do julgamento. No dia 25 de novembro de 2025, Moraes encerrou o processo e determinou que os r\u00e9us do \u201cn\u00facleo 1\u201d cumprissem as penas. Em seguida, Ramagem foi declarado foragido.<\/p>\n<p class=\"postParagraph_post-paragraph__juWZN postParagraph_post-paragraph-innerHtml__Q5vwc\">O governo brasileiro encaminhou ao governo de Donald Trump o pedido de extradi\u00e7\u00e3o do ex-deputado. O Minist\u00e9rio da Justi\u00e7a informou ao STF que a solicita\u00e7\u00e3o foi entregue pela Embaixada do Brasil em Washington ao Departamento de Estado americano no dia 30 de dezembro.<\/p>\n<\/div>\n<p><br \/>\n<br \/>Fonte: <a href=\"https:\/\/www.gazetadopovo.com.br\/republica\/ramagem-e-interrogado-pelo-stf-por-videoconferencia\/\">Revista Oeste<\/a><\/p>\n","protected":false},"excerpt":{"rendered":"<p>O ex-deputado Alexandre Ramagem (PL-RJ) foi interrogado nesta quinta-feira (5) pelo Supremo Tribunal Federal (STF) por videoconfer\u00eancia na a\u00e7\u00e3o penal que trata dos crimes de danos vinculados aos atos de 8 de janeiro de 2023. Ele est\u00e1 nos Estados Unidos desde setembro e \u00e9 considerado foragido pela Justi\u00e7a. Segundo o termo de audi\u00eancia, a oitiva [&hellip;]<\/p>\n","protected":false},"author":5,"featured_media":61761,"comment_status":"open","ping_status":"open","sticky":false,"template":"","format":"standard","meta":{"_seopress_robots_primary_cat":"","_seopress_titles_title":"","_seopress_titles_desc":"","_seopress_robots_index":"","footnotes":""},"categories":[1],"tags":[],"class_list":["post-61760","post","type-post","status-publish","format-standard","has-post-thumbnail","hentry","category-ultimas-noticias"],"_links":{"self":[{"href":"https:\/\/mussicom.com\/noticias\/wp-json\/wp\/v2\/posts\/61760","targetHints":{"allow":["GET"]}}],"collection":[{"href":"https:\/\/mussicom.com\/noticias\/wp-json\/wp\/v2\/posts"}],"about":[{"href":"https:\/\/mussicom.com\/noticias\/wp-json\/wp\/v2\/types\/post"}],"author":[{"embeddable":true,"href":"https:\/\/mussicom.com\/noticias\/wp-json\/wp\/v2\/users\/5"}],"replies":[{"embeddable":true,"href":"https:\/\/mussicom.com\/noticias\/wp-json\/wp\/v2\/comments?post=61760"}],"version-history":[{"count":0,"href":"https:\/\/mussicom.com\/noticias\/wp-json\/wp\/v2\/posts\/61760\/revisions"}],"wp:featuredmedia":[{"embeddable":true,"href":"https:\/\/mussicom.com\/noticias\/wp-json\/wp\/v2\/media\/61761"}],"wp:attachment":[{"href":"https:\/\/mussicom.com\/noticias\/wp-json\/wp\/v2\/media?parent=61760"}],"wp:term":[{"taxonomy":"category","embeddable":true,"href":"https:\/\/mussicom.com\/noticias\/wp-json\/wp\/v2\/categories?post=61760"},{"taxonomy":"post_tag","embeddable":true,"href":"https:\/\/mussicom.com\/noticias\/wp-json\/wp\/v2\/tags?post=61760"}],"curies":[{"name":"wp","href":"https:\/\/api.w.org\/{rel}","templated":true}]}}