{"id":61751,"date":"2026-02-06T21:11:20","date_gmt":"2026-02-07T00:11:20","guid":{"rendered":"https:\/\/mussicom.com\/franca-prende-cidadaos-da-china-por-espionagem-em-area-militar\/"},"modified":"2026-02-06T21:11:20","modified_gmt":"2026-02-07T00:11:20","slug":"franca-prende-cidadaos-da-china-por-espionagem-em-area-militar","status":"publish","type":"post","link":"https:\/\/mussicom.com\/noticias\/franca-prende-cidadaos-da-china-por-espionagem-em-area-militar\/","title":{"rendered":"Fran\u00e7a prende cidad\u00e3os da China por espionagem em \u00e1rea militar"},"content":{"rendered":"<p> <br \/>\n<\/p>\n<div id=\"tp-post-content\">\n<p class=\"postParagraph_post-paragraph__juWZN postParagraph_post-paragraph-innerHtml__Q5vwc\">Autoridades da Fran\u00e7a prenderam cidad\u00e3os da China suspeitos de envolvimento em atividades de espionagem no sudoeste do pa\u00eds. A pris\u00e3o ocorreu ap\u00f3s moradores da comuna francesa Camblanes-et-Meynac, na regi\u00e3o de Gironde, denunciarem a instala\u00e7\u00e3o de uma grande antena parab\u00f3lica em uma casa alugada por meio do Airbnb pelos suspeitos, epis\u00f3dio que coincidiu com falhas no servi\u00e7o local de internet, segundo informou a promotoria de Paris. A regi\u00e3o \u00e9 considerada estrat\u00e9gica por concentrar instala\u00e7\u00f5es militares, aeroespaciais e de defesa<\/p>\n<p class=\"postParagraph_post-paragraph__juWZN postParagraph_post-paragraph-innerHtml__Q5vwc\">De acordo com as autoridades francesas, dois cidad\u00e3os chineses, de 27 e 29 anos, foram detidos na opera\u00e7\u00e3o, conduzida pela Dire\u00e7\u00e3o-Geral de Seguran\u00e7a Interna (DGSI), que apreendeu com os chineses computadores e equipamentos eletr\u00f4nicos conectados a antenas de comunica\u00e7\u00e3o via sat\u00e9lite.<\/p>\n<p class=\"postParagraph_post-paragraph__juWZN postParagraph_post-paragraph-innerHtml__Q5vwc\">Segundo a promotoria, os suspeitos ser\u00e3o acusados pela \u201centrega de informa\u00e7\u00f5es a uma pot\u00eancia estrangeira suscet\u00edveis de prejudicar os interesses fundamentais da Fran\u00e7a\u201d, crime que pode resultar em at\u00e9 15 anos de pris\u00e3o. Outros dois homens de origem chinesa, residentes no pa\u00eds, tamb\u00e9m foram indiciados por prestar apoio log\u00edstico \u00e0 opera\u00e7\u00e3o.<\/p>\n<p class=\"postParagraph_post-paragraph__juWZN postParagraph_post-paragraph-innerHtml__Q5vwc\">As investiga\u00e7\u00f5es indicam que o grupo tentou captar dados de comunica\u00e7\u00f5es via sat\u00e9lite, incluindo informa\u00e7\u00f5es associadas \u00e0 rede Starlink, al\u00e9m de sinais ligados a entidades consideradas estrat\u00e9gicas, entre elas instala\u00e7\u00f5es militares, com o objetivo de retransmiti-los \u00e0 China.<\/p>\n<p class=\"postParagraph_post-paragraph__juWZN postParagraph_post-paragraph-innerHtml__Q5vwc\">Segundo a promotoria, os dois suspeitos entraram recentemente na Fran\u00e7a com vistos de trabalho e se apresentaram como engenheiros de uma empresa especializada em comunica\u00e7\u00f5es sem fio.<\/p>\n<\/div>\n<p><br \/>\n<br \/>Fonte: <a href=\"https:\/\/www.gazetadopovo.com.br\/mundo\/franca-prende-cidadaos-da-china-suspeitos-de-espionagem-em-area-militar\/\">Revista Oeste<\/a><\/p>\n","protected":false},"excerpt":{"rendered":"<p>Autoridades da Fran\u00e7a prenderam cidad\u00e3os da China suspeitos de envolvimento em atividades de espionagem no sudoeste do pa\u00eds. A pris\u00e3o ocorreu ap\u00f3s moradores da comuna francesa Camblanes-et-Meynac, na regi\u00e3o de Gironde, denunciarem a instala\u00e7\u00e3o de uma grande antena parab\u00f3lica em uma casa alugada por meio do Airbnb pelos suspeitos, epis\u00f3dio que coincidiu com falhas no [&hellip;]<\/p>\n","protected":false},"author":5,"featured_media":61752,"comment_status":"open","ping_status":"open","sticky":false,"template":"","format":"standard","meta":{"_seopress_robots_primary_cat":"","_seopress_titles_title":"","_seopress_titles_desc":"","_seopress_robots_index":"","footnotes":""},"categories":[48],"tags":[],"class_list":["post-61751","post","type-post","status-publish","format-standard","has-post-thumbnail","hentry","category-internacional"],"_links":{"self":[{"href":"https:\/\/mussicom.com\/noticias\/wp-json\/wp\/v2\/posts\/61751","targetHints":{"allow":["GET"]}}],"collection":[{"href":"https:\/\/mussicom.com\/noticias\/wp-json\/wp\/v2\/posts"}],"about":[{"href":"https:\/\/mussicom.com\/noticias\/wp-json\/wp\/v2\/types\/post"}],"author":[{"embeddable":true,"href":"https:\/\/mussicom.com\/noticias\/wp-json\/wp\/v2\/users\/5"}],"replies":[{"embeddable":true,"href":"https:\/\/mussicom.com\/noticias\/wp-json\/wp\/v2\/comments?post=61751"}],"version-history":[{"count":0,"href":"https:\/\/mussicom.com\/noticias\/wp-json\/wp\/v2\/posts\/61751\/revisions"}],"wp:featuredmedia":[{"embeddable":true,"href":"https:\/\/mussicom.com\/noticias\/wp-json\/wp\/v2\/media\/61752"}],"wp:attachment":[{"href":"https:\/\/mussicom.com\/noticias\/wp-json\/wp\/v2\/media?parent=61751"}],"wp:term":[{"taxonomy":"category","embeddable":true,"href":"https:\/\/mussicom.com\/noticias\/wp-json\/wp\/v2\/categories?post=61751"},{"taxonomy":"post_tag","embeddable":true,"href":"https:\/\/mussicom.com\/noticias\/wp-json\/wp\/v2\/tags?post=61751"}],"curies":[{"name":"wp","href":"https:\/\/api.w.org\/{rel}","templated":true}]}}