{"id":61726,"date":"2026-02-06T18:14:59","date_gmt":"2026-02-06T21:14:59","guid":{"rendered":"https:\/\/mussicom.com\/defesa-de-bolsonaro-minimiza-laudo-da-pf\/"},"modified":"2026-02-06T18:14:59","modified_gmt":"2026-02-06T21:14:59","slug":"defesa-de-bolsonaro-minimiza-laudo-da-pf","status":"publish","type":"post","link":"https:\/\/mussicom.com\/noticias\/defesa-de-bolsonaro-minimiza-laudo-da-pf\/","title":{"rendered":"Defesa de Bolsonaro minimiza laudo da PF"},"content":{"rendered":"<p> <br \/>\n<\/p>\n<div id=\"tp-post-content\">\n<p class=\"postParagraph_post-paragraph__juWZN postParagraph_post-paragraph-innerHtml__Q5vwc\">A defesa de Jair Bolsonaro (PL) afirmou nesta sexta-feira (6) que o laudo m\u00e9dico elaborado por peritos da Pol\u00edcia Federal \u201cn\u00e3o conclui, de forma expressa\u201d, pela manuten\u00e7\u00e3o do ex-presidente na Papudinha. Os advogados aguardam o parecer do cirurgi\u00e3o Cl\u00e1udio Birolini, que foi autorizado a participar da per\u00edcia como assistente t\u00e9cnico.<\/p>\n<p class=\"postParagraph_post-paragraph__juWZN postParagraph_post-paragraph-innerHtml__Q5vwc\">A PF considerou que a sa\u00fade de Bolsonaro demanda cuidados, mas que ele pode continuar cumprindo a pena no 19\u00ba Batalh\u00e3o da Pol\u00edcia Militar, conhecido como Papudinha, em Bras\u00edlia.<\/p>\n<p class=\"postParagraph_post-paragraph__juWZN postParagraph_post-paragraph-innerHtml__Q5vwc\">O ministro Alexandre de Moraes, do Supremo Tribunal Federal (STF), deu prazo de 5 dias para que a defesa e a Procuradoria-Geral da Rep\u00fablica (PGR) se manifestem nos autos sobre o relat\u00f3rio.<\/p>\n<div class=\"postViewMore_post-view-more-container___5wai\" data-mrf-recirculation=\"Post - Veja tamb\u00e9m\">\n<p class=\"gp-styles-module-size-small-afeYRa gp-styles-module-font-family2-afeYRa gp-styles-module-color-secondary-afeYRa gp-styles-module-weight-bold-afeYRa\">VEJA TAMB\u00c9M:<\/p>\n<ul class=\"postViewMore_post-view-more-list__CU_CE\">\n<li class=\"postViewMore_post-view-more-item__2MzRb\"><span class=\"postViewMore_post-view-more-link-icon___stPC\"><svg xmlns=\"http:\/\/www.w3.org\/2000\/svg\" width=\"16\" height=\"16\" viewbox=\"0 0 16 16\"><rect width=\"16\" height=\"16\" fill=\"none\"\/><g transform=\"translate(3 3)\"><path d=\"M22.5,15l3.4,3.4-3.4,3.4\" transform=\"translate(-15.896 -11.793)\" fill=\"none\" stroke=\"#717171\" stroke-linecap=\"round\" stroke-width=\"1.4\"\/><path d=\"M6,6v4.2a2.452,2.452,0,0,0,2.5,2.4H16\" transform=\"translate(-6 -6)\" fill=\"none\" stroke=\"#717171\" stroke-linecap=\"round\" stroke-width=\"1.4\"\/><\/g><\/svg><\/span><span class=\"postViewMore_post-view-more-link-text__hO_kM\">PF diz que sa\u00fade de Bolsonaro demanda cuidados, mas pode permanecer na Papudinha<\/span><\/li>\n<\/ul>\n<\/div>\n<p class=\"postParagraph_post-paragraph__juWZN postParagraph_post-paragraph-innerHtml__Q5vwc\">Em nota, os advogados afirmaram que o laudo \u201cse limita a registrar a inexist\u00eancia de indica\u00e7\u00e3o de interna\u00e7\u00e3o hospitalar imediata\u201d, mas aponta que a falta de assist\u00eancia m\u00e9dica constante pode levar a uma \u201cdescompensa\u00e7\u00e3o cl\u00ednica s\u00fabita\u201d, com risco de morte.<\/p>\n<p class=\"postParagraph_post-paragraph__juWZN postParagraph_post-paragraph-innerHtml__Q5vwc\">\u201cO pr\u00f3prio documento reconhece que a eventual aus\u00eancia dessas medidas pode resultar em descompensa\u00e7\u00e3o cl\u00ednica s\u00fabita, com risco concreto de morte, bem como aponta risco de novas quedas, em raz\u00e3o das condi\u00e7\u00f5es funcionais avaliadas\u201d, diz o comunicado.<\/p>\n<p class=\"postParagraph_post-paragraph__juWZN postParagraph_post-paragraph-innerHtml__Q5vwc\">Nesta quarta (4), a defesa informou a Moraes que o quadro de sa\u00fade do ex-presidente havia piorado nos \u00faltimos dias e cobraram a apresenta\u00e7\u00e3o do laudo da PF &#8220;com a m\u00e1xima urg\u00eancia&#8221;.<\/p>\n<p class=\"postParagraph_post-paragraph__juWZN postParagraph_post-paragraph-innerHtml__Q5vwc\">Os advogados destacam que a juntada do laudo pericial aos autos era necess\u00e1ria para \u201cviabilizar a apresenta\u00e7\u00e3o de parecer pelo assistente t\u00e9cnico da defesa e, por consequ\u00eancia, a an\u00e1lise da necessidade de concess\u00e3o da pris\u00e3o domiciliar humanit\u00e1ria\u201d.<\/p>\n<p class=\"postParagraph_post-paragraph__juWZN postParagraph_post-paragraph-innerHtml__Q5vwc\">Os peritos sustentam que Bolsonaro apresenta sinais e sintomas neurol\u00f3gicos que &#8220;aumentam o risco potencial de novos epis\u00f3dios de queda&#8221;, necessitando de uma &#8220;investiga\u00e7\u00e3o diagn\u00f3stica&#8221;. O laudo da PF cita as comorbidades do ex-presidente:<\/p>\n<ul class=\"postList_post-list-container__W0E4y postList_visual-type-unordered-list__M8U7t\">\n<li class=\"postList_post-list-item__34Ck1\">Hipertens\u00e3o arterial sist\u00eamica;<\/li>\n<li class=\"postList_post-list-item__34Ck1\">S\u00edndrome da Apneia Obstrutiva do Sono (SAOS) grave;<\/li>\n<li class=\"postList_post-list-item__34Ck1\">Obesidade cl\u00ednica;<\/li>\n<li class=\"postList_post-list-item__34Ck1\">Aterosclerose sist\u00eamica;<\/li>\n<li class=\"postList_post-list-item__34Ck1\">Doen\u00e7a do refluxo gastroesof\u00e1gico;<\/li>\n<li class=\"postList_post-list-item__34Ck1\">Queratose act\u00ednica;<\/li>\n<li class=\"postList_post-list-item__34Ck1\">Ader\u00eancias (bridas) intra-abdominais.<\/li>\n<\/ul>\n<\/div>\n<p><br \/>\n<br \/>Fonte: <a href=\"https:\/\/www.gazetadopovo.com.br\/republica\/defesa-de-bolsonaro-minimiza-laudo-da-pf-e-aguarda-parecer-de-medico-assistente\/\">Revista Oeste<\/a><\/p>\n","protected":false},"excerpt":{"rendered":"<p>A defesa de Jair Bolsonaro (PL) afirmou nesta sexta-feira (6) que o laudo m\u00e9dico elaborado por peritos da Pol\u00edcia Federal \u201cn\u00e3o conclui, de forma expressa\u201d, pela manuten\u00e7\u00e3o do ex-presidente na Papudinha. Os advogados aguardam o parecer do cirurgi\u00e3o Cl\u00e1udio Birolini, que foi autorizado a participar da per\u00edcia como assistente t\u00e9cnico. A PF considerou que a [&hellip;]<\/p>\n","protected":false},"author":5,"featured_media":61727,"comment_status":"open","ping_status":"open","sticky":false,"template":"","format":"standard","meta":{"_seopress_robots_primary_cat":"","_seopress_titles_title":"","_seopress_titles_desc":"","_seopress_robots_index":"","footnotes":""},"categories":[1],"tags":[],"class_list":["post-61726","post","type-post","status-publish","format-standard","has-post-thumbnail","hentry","category-ultimas-noticias"],"_links":{"self":[{"href":"https:\/\/mussicom.com\/noticias\/wp-json\/wp\/v2\/posts\/61726","targetHints":{"allow":["GET"]}}],"collection":[{"href":"https:\/\/mussicom.com\/noticias\/wp-json\/wp\/v2\/posts"}],"about":[{"href":"https:\/\/mussicom.com\/noticias\/wp-json\/wp\/v2\/types\/post"}],"author":[{"embeddable":true,"href":"https:\/\/mussicom.com\/noticias\/wp-json\/wp\/v2\/users\/5"}],"replies":[{"embeddable":true,"href":"https:\/\/mussicom.com\/noticias\/wp-json\/wp\/v2\/comments?post=61726"}],"version-history":[{"count":0,"href":"https:\/\/mussicom.com\/noticias\/wp-json\/wp\/v2\/posts\/61726\/revisions"}],"wp:featuredmedia":[{"embeddable":true,"href":"https:\/\/mussicom.com\/noticias\/wp-json\/wp\/v2\/media\/61727"}],"wp:attachment":[{"href":"https:\/\/mussicom.com\/noticias\/wp-json\/wp\/v2\/media?parent=61726"}],"wp:term":[{"taxonomy":"category","embeddable":true,"href":"https:\/\/mussicom.com\/noticias\/wp-json\/wp\/v2\/categories?post=61726"},{"taxonomy":"post_tag","embeddable":true,"href":"https:\/\/mussicom.com\/noticias\/wp-json\/wp\/v2\/tags?post=61726"}],"curies":[{"name":"wp","href":"https:\/\/api.w.org\/{rel}","templated":true}]}}