{"id":6163,"date":"2025-03-16T16:49:15","date_gmt":"2025-03-16T19:49:15","guid":{"rendered":"https:\/\/www.mussicom.com\/will-smith-anuncia-based-on-a-true-story-primeiro-album-em-20-anos\/"},"modified":"2025-03-16T16:49:15","modified_gmt":"2025-03-16T19:49:15","slug":"will-smith-anuncia-based-on-a-true-story-primeiro-album-em-20-anos","status":"publish","type":"post","link":"https:\/\/mussicom.com\/noticias\/will-smith-anuncia-based-on-a-true-story-primeiro-album-em-20-anos\/","title":{"rendered":"Will Smith anuncia Based on a True Story, primeiro \u00e1lbum em 20 anos"},"content":{"rendered":"<p> <br \/>\n<\/p>\n<div>\n<p data-end=\"454\" data-start=\"224\"><strong data-end=\"238\" data-start=\"224\">Will Smith<\/strong> anunciou na \u00faltima sexta-feira, 14 de mar\u00e7o, o lan\u00e7amento de seu novo \u00e1lbum, <em data-end=\"339\" data-start=\"316\">Based on a True Story<\/em>. O disco, primeiro trabalho musical do artista em 20 anos, chega \u00e0s plataformas digitais no dia <strong data-end=\"451\" data-start=\"436\">28 de mar\u00e7o<\/strong>.<\/p>\n<p data-end=\"630\" data-start=\"456\">O \u00faltimo \u00e1lbum do cantor e ator foi <em data-end=\"508\" data-start=\"492\">Lost and Found<\/em>, lan\u00e7ado em 2005.<\/p>\n<p data-end=\"630\" data-start=\"456\"><iframe allowfullscreen=\"allowfullscreen\" frameborder=\"0\" height=\"352\" loading=\"lazy\" src=\"https:\/\/open.spotify.com\/embed\/album\/1SUoWF5y1MQfsusCHkSiOh?utm_source=generator\" style=\"border-radius: 12px;\" width=\"100%\"><\/iframe><\/p>\n<p data-end=\"630\" data-start=\"456\">No <em>Instagram<\/em>, <strong>Smith<\/strong> compartilhou a capa oficial do novo projeto e revelou detalhes sobre a tracklist.<\/p>\n<blockquote class=\"citacao\"><p>&#8220;\u00c9 OFICIAL!! Meu novo \u00e1lbum <em data-end=\"53\" data-start=\"30\">Based On A True Story<\/em> ser\u00e1 lan\u00e7ado em 28 de mar\u00e7o. DUAS SEMANAS!! Fa\u00e7a o pr\u00e9-save agora. Tenho trabalhado nesse projeto h\u00e1 um tempo e estou ansioso para finalmente compartilhar com voc\u00eas \ud83e\udef6\ud83c\udffe&#8221;, diz na legenda.<\/p><\/blockquote>\n<p data-end=\"906\" data-start=\"632\">O disco re\u00fane algumas m\u00fasicas lan\u00e7adas pelo artista no \u00faltimo ano, incluindo <strong data-end=\"722\" data-start=\"709\">&#8220;Tantrum&#8221;<\/strong>, <strong data-end=\"741\" data-start=\"724\">&#8220;Work of Art&#8221;<\/strong>, <strong data-end=\"759\" data-start=\"743\">&#8220;First Love&#8221;<\/strong> e <strong data-end=\"783\" data-start=\"762\">&#8220;You Can Make It&#8221;<\/strong>, al\u00e9m da in\u00e9dita <strong data-end=\"822\" data-start=\"801\">&#8220;Beautiful Scars&#8221;<\/strong>. O \u00e1lbum tamb\u00e9m contar\u00e1 com colabora\u00e7\u00f5es de <strong data-end=\"903\" data-start=\"867\">DJ Jazzy Jeff, Simone e Jac Ross<\/strong>.<\/p>\n<p data-end=\"906\" data-start=\"632\"><\/p>\n<p data-end=\"1125\" data-start=\"908\">Smith indicou que <em data-end=\"949\" data-start=\"926\">Based on a True Story<\/em> pode ser o primeiro de uma trilogia. O t\u00edtulo do \u00e1lbum inclui o subt\u00edtulo <strong data-end=\"1048\" data-start=\"1024\">&#8220;Season 1: R.I.T.W.&#8221;.<\/strong><\/p>\n<\/div>\n<p><br \/>\n<br \/>Fonte: <a href=\"https:\/\/rollingstone.com.br\/musica\/will-smith-anuncia-novo-album-o-primeiro-em-20-anos\/\">rollingstone.com.br<\/a><\/p>\n","protected":false},"excerpt":{"rendered":"<p>Will Smith anunciou na \u00faltima sexta-feira, 14 de mar\u00e7o, o lan\u00e7amento de seu novo \u00e1lbum, Based on a True Story. O disco, primeiro trabalho musical do artista em 20 anos, chega \u00e0s plataformas digitais no dia 28 de mar\u00e7o. O \u00faltimo \u00e1lbum do cantor e ator foi Lost and Found, lan\u00e7ado em 2005. No Instagram, [&hellip;]<\/p>\n","protected":false},"author":5,"featured_media":6165,"comment_status":"open","ping_status":"open","sticky":false,"template":"","format":"standard","meta":{"_seopress_robots_primary_cat":"","_seopress_titles_title":"","_seopress_titles_desc":"","_seopress_robots_index":"","footnotes":""},"categories":[51],"tags":[],"class_list":["post-6163","post","type-post","status-publish","format-standard","has-post-thumbnail","hentry","category-musica"],"_links":{"self":[{"href":"https:\/\/mussicom.com\/noticias\/wp-json\/wp\/v2\/posts\/6163","targetHints":{"allow":["GET"]}}],"collection":[{"href":"https:\/\/mussicom.com\/noticias\/wp-json\/wp\/v2\/posts"}],"about":[{"href":"https:\/\/mussicom.com\/noticias\/wp-json\/wp\/v2\/types\/post"}],"author":[{"embeddable":true,"href":"https:\/\/mussicom.com\/noticias\/wp-json\/wp\/v2\/users\/5"}],"replies":[{"embeddable":true,"href":"https:\/\/mussicom.com\/noticias\/wp-json\/wp\/v2\/comments?post=6163"}],"version-history":[{"count":0,"href":"https:\/\/mussicom.com\/noticias\/wp-json\/wp\/v2\/posts\/6163\/revisions"}],"wp:featuredmedia":[{"embeddable":true,"href":"https:\/\/mussicom.com\/noticias\/wp-json\/wp\/v2\/media\/6165"}],"wp:attachment":[{"href":"https:\/\/mussicom.com\/noticias\/wp-json\/wp\/v2\/media?parent=6163"}],"wp:term":[{"taxonomy":"category","embeddable":true,"href":"https:\/\/mussicom.com\/noticias\/wp-json\/wp\/v2\/categories?post=6163"},{"taxonomy":"post_tag","embeddable":true,"href":"https:\/\/mussicom.com\/noticias\/wp-json\/wp\/v2\/tags?post=6163"}],"curies":[{"name":"wp","href":"https:\/\/api.w.org\/{rel}","templated":true}]}}