{"id":61618,"date":"2026-02-06T05:57:35","date_gmt":"2026-02-06T08:57:35","guid":{"rendered":"https:\/\/mussicom.com\/relatorio-aponta-reducao-de-impactos-ambientais-na-industria\/"},"modified":"2026-02-06T05:57:35","modified_gmt":"2026-02-06T08:57:35","slug":"relatorio-aponta-reducao-de-impactos-ambientais-na-industria","status":"publish","type":"post","link":"https:\/\/mussicom.com\/noticias\/relatorio-aponta-reducao-de-impactos-ambientais-na-industria\/","title":{"rendered":"Relat\u00f3rio aponta redu\u00e7\u00e3o de impactos ambientais na ind\u00fastria"},"content":{"rendered":"<p> <br \/>\n<\/p>\n<div>\n<div class=\"row\">\n<div class=\"col-lg col-infos mt-0 mt-lg-0\">\n<div class=\"section-sub-title\">\n<p itemprop=\"description\">&#13;<br \/>\n                                Reciclagem foi um ponto importante&#13;\n                            <\/p>\n<\/p><\/div>\n<div class=\"container\">\n<div class=\"row\">\n<div class=\"col-lg p-0\">\n<div>\n<div class=\"block-news-main-infos mt-3 text-start\">\n<p>                                            <strong class=\"fn\" itemprop=\"author\" style=\"color: rgb(112, 112, 112); \">&#13;<br \/>\n                                                Agrolink&#13;<br \/>\n&#13;<br \/>\n                                                    &#8211; Leonardo Gottems&#13;<br \/>\n&#13;<br \/>\n                                            <\/strong><br \/>\n                                        <\/p>\n<p>                                            <abbr><time datetime=\"2026 - 02 - 06T02:00\" itemprop=\"datePublished dateModified\"> Publicado em 06\/02\/2026 \u00e0s 02:00h.<\/time><\/abbr>\n                                    <\/div>\n<\/p><\/div>\n<\/p><\/div>\n<div class=\"col-lg p-0 text-lg-end\">\n<div>\n<div id=\"mdEnviarPagina\" class=\"modal fade\" role=\"dialog\">\n<div class=\"modal-dialog\">\n<div class=\"modal-content\">\n<div class=\"modal-body\">\n<p><strong>Estimado usu\u00e1rio.<\/strong><br \/>Preencha o formul\u00e1rio abaixo para remeter a p\u00e1gina.<\/p>\n<\/p><\/div>\n<\/p><\/div>\n<\/p><\/div>\n<\/div><\/div>\n<\/p><\/div>\n<\/p><\/div>\n<\/p><\/div>\n<\/p><\/div>\n<\/p><\/div>\n<div class=\"row justify-content-md-center mt-3\">\n<div class=\"col-lg-auto col-image block-news-main-image\">\n<p>                                <br \/>\n                                                <span class=\"d-block mt-1\">Reciclagem foi um ponto importante &#8211; Foto: Pixabay<\/span><\/p><\/div>\n<\/p><\/div>\n<div class=\"section-description section-description-noticias mt-3\">\n<p>A Sipcam Nichino Brasil divulgou recentemente seu Relat\u00f3rio de Sustentabilidade \u2013 ESG, iniciativa volunt\u00e1ria que re\u00fane dados e pr\u00e1ticas adotadas nas \u00e1reas ambiental, social e de governan\u00e7a. A companhia fabrica cerca de 85% dos insumos que comercializa no pa\u00eds em sua unidade industrial localizada em Uberaba, em Minas Gerais.&#13;\n<\/p>\n<p>Na \u00e1rea ambiental, o relat\u00f3rio aponta redu\u00e7\u00e3o de quase 10% no consumo total de \u00e1gua em um ano, reciclagem de mais de 950 toneladas de pl\u00e1sticos utilizados em embalagens de agroqu\u00edmicos e elimina\u00e7\u00e3o de aproximadamente 400 toneladas de res\u00edduos perigosos no mesmo per\u00edodo. Atualmente, 99% da energia el\u00e9trica consumida pela planta produtiva \u00e9 proveniente de fontes renov\u00e1veis. A unidade opera em conformidade com padr\u00f5es internacionais de qualidade, seguran\u00e7a e gest\u00e3o ambiental, com certifica\u00e7\u00f5es ISO 9001, ISO 14001 e ISO 45001.<\/p>\n<p>Durante a elabora\u00e7\u00e3o do documento, foram identificados impactos potenciais e reais nas esferas social, ambiental e de governan\u00e7a, resultando na consolida\u00e7\u00e3o de temas considerados priorit\u00e1rios para a estrat\u00e9gia da empresa. O relat\u00f3rio tamb\u00e9m aborda o modelo de neg\u00f3cio, o portf\u00f3lio com cerca de 45 produtos distribu\u00eddos no pa\u00eds e a\u00e7\u00f5es voltadas \u00e0 gest\u00e3o de pessoas. No per\u00edodo analisado, foram realizadas 310 atividades de treinamento, com foco no desenvolvimento de lideran\u00e7as, integra\u00e7\u00e3o entre \u00e1reas e fortalecimento da cultura organizacional.&#13;\n<\/p>\n<p>\u201cA \u00e1rea de gest\u00e3o de pessoas se manteve como um pilar estrat\u00e9gico na promo\u00e7\u00e3o de uma cultura voltada para resultados sustent\u00e1veis e engajamento. Apuramos tamb\u00e9m fortalecimento de lideran\u00e7as, maior integra\u00e7\u00e3o entre departamentos e desenvolvimento dos colaboradores\u201d, enfatiza Ana M\u00e1rcia R. Uhlemann, gerente de sustentabilidade da Sipcam Nichino.<br \/>&#13;<br \/>\n\u00a0<\/p>\n<\/p><\/div>\n<\/p><\/div>\n<p><script data-cfasync=\"false\">\n    !function (f, b, e, v, n, t, s) {\n        if (f.fbq) return; n = f.fbq = function () {\n            n.callMethod ?\n                n.callMethod.apply(n, arguments) : n.queue.push(arguments)\n        };\n        if (!f._fbq) f._fbq = n; n.push = n; n.loaded = !0; n.version = '2.0';\n        n.queue = []; t = b.createElement(e); t.async = !0;\n        t.src = v; s = b.getElementsByTagName(e)[0];\n        s.parentNode.insertBefore(t, s)\n    }(window, document, 'script',\n        'https:\/\/connect.facebook.net\/en_US\/fbevents.js');\n    fbq('init', '522546078623747');\n    fbq('track', 'PageView');\n<\/script><br \/>\n<br \/><br \/>\n<br \/>Fonte: <a href=\"https:\/\/www.agrolink.com.br\/noticias\/relatorio-aponta-reducao-de-impactos-ambientais-na-industria_510615.html\">AGROLINK<\/a><\/p>\n","protected":false},"excerpt":{"rendered":"<p>&#13; Reciclagem foi um ponto importante&#13; &#13; Agrolink&#13; &#13; &#8211; Leonardo Gottems&#13; &#13; Publicado em 06\/02\/2026 \u00e0s 02:00h. Estimado usu\u00e1rio.Preencha o formul\u00e1rio abaixo para remeter a p\u00e1gina. Reciclagem foi um ponto importante &#8211; Foto: Pixabay A Sipcam Nichino Brasil divulgou recentemente seu Relat\u00f3rio de Sustentabilidade \u2013 ESG, iniciativa volunt\u00e1ria que re\u00fane dados e pr\u00e1ticas adotadas [&hellip;]<\/p>\n","protected":false},"author":5,"featured_media":46395,"comment_status":"open","ping_status":"open","sticky":false,"template":"","format":"standard","meta":{"_seopress_robots_primary_cat":"","_seopress_titles_title":"","_seopress_titles_desc":"","_seopress_robots_index":"","footnotes":""},"categories":[53],"tags":[],"class_list":["post-61618","post","type-post","status-publish","format-standard","has-post-thumbnail","hentry","category-agronegocio"],"_links":{"self":[{"href":"https:\/\/mussicom.com\/noticias\/wp-json\/wp\/v2\/posts\/61618","targetHints":{"allow":["GET"]}}],"collection":[{"href":"https:\/\/mussicom.com\/noticias\/wp-json\/wp\/v2\/posts"}],"about":[{"href":"https:\/\/mussicom.com\/noticias\/wp-json\/wp\/v2\/types\/post"}],"author":[{"embeddable":true,"href":"https:\/\/mussicom.com\/noticias\/wp-json\/wp\/v2\/users\/5"}],"replies":[{"embeddable":true,"href":"https:\/\/mussicom.com\/noticias\/wp-json\/wp\/v2\/comments?post=61618"}],"version-history":[{"count":0,"href":"https:\/\/mussicom.com\/noticias\/wp-json\/wp\/v2\/posts\/61618\/revisions"}],"wp:featuredmedia":[{"embeddable":true,"href":"https:\/\/mussicom.com\/noticias\/wp-json\/wp\/v2\/media\/46395"}],"wp:attachment":[{"href":"https:\/\/mussicom.com\/noticias\/wp-json\/wp\/v2\/media?parent=61618"}],"wp:term":[{"taxonomy":"category","embeddable":true,"href":"https:\/\/mussicom.com\/noticias\/wp-json\/wp\/v2\/categories?post=61618"},{"taxonomy":"post_tag","embeddable":true,"href":"https:\/\/mussicom.com\/noticias\/wp-json\/wp\/v2\/tags?post=61618"}],"curies":[{"name":"wp","href":"https:\/\/api.w.org\/{rel}","templated":true}]}}