{"id":61597,"date":"2026-02-06T00:55:29","date_gmt":"2026-02-06T03:55:29","guid":{"rendered":"https:\/\/mussicom.com\/renan-assume-caso-master-no-senado-a-investigacao-vai-andar\/"},"modified":"2026-02-06T00:55:29","modified_gmt":"2026-02-06T03:55:29","slug":"renan-assume-caso-master-no-senado-a-investigacao-vai-andar","status":"publish","type":"post","link":"https:\/\/mussicom.com\/noticias\/renan-assume-caso-master-no-senado-a-investigacao-vai-andar\/","title":{"rendered":"Renan assume caso Master no Senado: a investiga\u00e7\u00e3o vai andar?"},"content":{"rendered":"<p> <br \/>\n<\/p>\n<div id=\"tp-post-content\">\n<p class=\"postParagraph_post-paragraph__juWZN postParagraph_post-paragraph-innerHtml__Q5vwc\">Foi instalada ontem na Comiss\u00e3o de Assuntos Econ\u00f4micos do Senado, que \u00e9 presidida pelo senador Renan Calheiros (que j\u00e1 foi presidente do Senado e j\u00e1 foi ministro da Justi\u00e7a), uma subcomiss\u00e3o para acompanhar as investiga\u00e7\u00f5es do Master. Mas essa subcomiss\u00e3o, segundo o Renan Calheiros, tem poderes de convocar pessoas, testemunhas ou investigados, de pedir quebra de sigilos banc\u00e1rio, fiscal, telef\u00f4nico e de fazer dilig\u00eancias. Ent\u00e3o, \u00e9 quase uma CPI. Ou ele est\u00e1 tentando com isso criar uma alternativa para uma CPI que n\u00e3o fuja do controle dele. N\u00e3o sei, eu estou s\u00f3 dando alternativas. E a\u00ed ele disse que \u201co caso deve ser encarado de frente\u201d. Eita cartilha de Paulo Freire, n\u00e9? Quero ver encarar de costas. \u00c9 imposs\u00edvel, n\u00e9? Encarar de frente.<\/p>\n<p class=\"postParagraph_post-paragraph__juWZN postParagraph_post-paragraph-innerHtml__Q5vwc\">A\u00ed ele diz mais: \u201cN\u00e3o haver\u00e1 retalia\u00e7\u00e3o contra ningu\u00e9m, mas se for encontrado algum senador ou deputado com culpa, n\u00e3o haver\u00e1 omiss\u00e3o\u201d. Gente, ele est\u00e1 avisando: \u201cOlha, n\u00f3s vamos investigar a fundo. Quem tiver culpa que v\u00e1 limpando a\u00ed os celulares, os computadores, os ind\u00edcios e as provas\u201d. N\u00e3o precisava avisar, quando a surpresa \u00e9 que funciona. E a\u00ed perguntaram: \u201cE at\u00e9 Lula?\u201d, porque Lula recebeu o Vorcaro. A\u00ed eles disseram: \u201cN\u00e3o, n\u00f3s vamos mandar uma carta para o presidente se explicar\u201d. \u00c9 Lula. E h\u00e1 ainda o caso do banco BRB, que est\u00e1 com reclama\u00e7\u00f5es dizendo que est\u00e3o cobrando de gente que j\u00e1 pagou, porque o Master n\u00e3o deu baixa. Ele estava vendendo como se fosse cr\u00e9dito para o BRB. Ibaneis est\u00e1 cada vez mais cercado, e h\u00e1 investiga\u00e7\u00f5es da Pol\u00edcia Federal no BRB, que \u00e9 o banco estatal de Bras\u00edlia.<\/p>\n<h2 class=\"postParagraph_post-paragraph__juWZN postParagraph_post-paragraph-innerHtml__Q5vwc postParagraph_type-tag-h2__TtFkT\">CPI mista, TCU e Banco Central em jogo<\/h2>\n<p class=\"postParagraph_post-paragraph__juWZN postParagraph_post-paragraph-innerHtml__Q5vwc\">Quanto ao TCU, porque tem um ministro l\u00e1 do TCU que resolveu defender Vorcaro e acusar o Banco Central. Tem o diretor de fiscaliza\u00e7\u00e3o do Banco Central que teria dado informa\u00e7\u00f5es tendentes a fazer o Banco de Bras\u00edlia ficar com boa vantagem em rela\u00e7\u00e3o ao Master, \u00e9 o que se disse a\u00ed nessas fofocalhadas todas. E a\u00ed tem um requerimento: j\u00e1 foi protocolado um requerimento de CPI mista, que tem 42 assinaturas de senadores e 238 assinaturas de deputados.<\/p>\n<h2 class=\"postParagraph_post-paragraph__juWZN postParagraph_post-paragraph-innerHtml__Q5vwc postParagraph_type-tag-h2__TtFkT\">Caso Master e o dinheiro da Previd\u00eancia<\/h2>\n<p class=\"postParagraph_post-paragraph__juWZN postParagraph_post-paragraph-innerHtml__Q5vwc\">Bom, ainda falando desse assunto, Vorcaro, nesta quinta-feira, teria que ser ouvido na CPI da Previd\u00eancia. Ele est\u00e1 envolvido at\u00e9 no desvio do dinheiro dos idosos da Previd\u00eancia, dos aposentados e pensionistas. At\u00e9 nisso o Master estava envolvido. Mas tinha a convoca\u00e7\u00e3o, mas decidiram: \u201cn\u00e3o, vamos deixar para depois do carnaval\u201d. Que vergonha! Ser\u00e1 que o carnaval ainda \u00e9 um marco para o pa\u00eds? Eu n\u00e3o conhe\u00e7o ningu\u00e9m que esteja perturbado em participar de carnaval ou acompanhar carnaval. A pessoa quer trabalhar, quer produzir, quer produzir renda, riqueza. Mas, enfim, fica tudo para depois do carnaval. Pobre pa\u00eds, est\u00e1 sobrando tudo nesse pa\u00eds.<\/p>\n<h2 class=\"postParagraph_post-paragraph__juWZN postParagraph_post-paragraph-innerHtml__Q5vwc postParagraph_type-tag-h2__TtFkT\">Frio recorde em Cuba e a narrativa do clima<\/h2>\n<p class=\"postParagraph_post-paragraph__juWZN postParagraph_post-paragraph-innerHtml__Q5vwc\">E queria falar para voc\u00eas sobre o aquecimento global, n\u00e9? Como \u00e9 que est\u00e1? Meu sobrinho mandou, l\u00e1 de Orlando, foto com \u00e1gua congelada: o pingo que parou na queda, congelou. Cuba est\u00e1 com zero grau. Nunca! Nunca, l\u00e1 nessa ilha do Caribe, a temperatura foi t\u00e3o baixa: zero grau Celsius. Agora, imagine Cuba terminando o combust\u00edvel para se aquecer nas casas, sem uma cultura de frio, faltando cobertores, roupas de frio, n\u00e9? Pobre do povo cubano.\u00a0<\/p>\n<p class=\"postParagraph_post-paragraph__juWZN postParagraph_post-paragraph-innerHtml__Q5vwc\">E por falar em Cuba, para falar em frio, no Jap\u00e3o houve 30 mortes. O Jap\u00e3o tem equipamento contra o frio, 30 mortes por causa do frio, nevascas excessivas. Nos Estados Unidos tamb\u00e9m. Eu mostrei para voc\u00eas outro dia que, no ver\u00e3o do Hemisf\u00e9rio Sul, um navio de turismo ficou preso nas proximidades da Ant\u00e1rtica, n\u00e9? Um navio neozeland\u00eas foi socorrido por um quebra-gelo da Guarda Costeira americana.<\/p>\n<p class=\"postParagraph_post-paragraph__juWZN postParagraph_post-paragraph-innerHtml__Q5vwc\">E, na Venezuela, imaginem s\u00f3: um sujeito que era ministro do Maduro, que era o testa de ferro, ministro da ind\u00fastria, foi demitido pela presidente Delcy Rodriguez. E agora foi preso por autoridades venezuelanas e americanas, e vai ser extraditado a pedido dos Estados Unidos. Foi preso tamb\u00e9m o dono da TV Globovisi\u00f3n, Ra\u00fal Gorr\u00edn. O Ra\u00fal Gorr\u00edn fazia lavagem de dinheiro e estava sendo investigado nos Estados Unidos. A\u00ed os Estados Unidos pediram e a pol\u00edcia venezuelana prendeu. Vejam s\u00f3.<\/p>\n<\/div>\n<p><br \/>\n<br \/>Fonte: <a href=\"https:\/\/www.gazetadopovo.com.br\/vozes\/alexandre-garcia\/renan-assume-caso-master-no-senado-a-investigacao-vai-andar\/\">Revista Oeste<\/a><\/p>\n","protected":false},"excerpt":{"rendered":"<p>Foi instalada ontem na Comiss\u00e3o de Assuntos Econ\u00f4micos do Senado, que \u00e9 presidida pelo senador Renan Calheiros (que j\u00e1 foi presidente do Senado e j\u00e1 foi ministro da Justi\u00e7a), uma subcomiss\u00e3o para acompanhar as investiga\u00e7\u00f5es do Master. Mas essa subcomiss\u00e3o, segundo o Renan Calheiros, tem poderes de convocar pessoas, testemunhas ou investigados, de pedir quebra [&hellip;]<\/p>\n","protected":false},"author":5,"featured_media":61598,"comment_status":"open","ping_status":"open","sticky":false,"template":"","format":"standard","meta":{"_seopress_robots_primary_cat":"","_seopress_titles_title":"","_seopress_titles_desc":"","_seopress_robots_index":"","footnotes":""},"categories":[1],"tags":[],"class_list":["post-61597","post","type-post","status-publish","format-standard","has-post-thumbnail","hentry","category-ultimas-noticias"],"_links":{"self":[{"href":"https:\/\/mussicom.com\/noticias\/wp-json\/wp\/v2\/posts\/61597","targetHints":{"allow":["GET"]}}],"collection":[{"href":"https:\/\/mussicom.com\/noticias\/wp-json\/wp\/v2\/posts"}],"about":[{"href":"https:\/\/mussicom.com\/noticias\/wp-json\/wp\/v2\/types\/post"}],"author":[{"embeddable":true,"href":"https:\/\/mussicom.com\/noticias\/wp-json\/wp\/v2\/users\/5"}],"replies":[{"embeddable":true,"href":"https:\/\/mussicom.com\/noticias\/wp-json\/wp\/v2\/comments?post=61597"}],"version-history":[{"count":0,"href":"https:\/\/mussicom.com\/noticias\/wp-json\/wp\/v2\/posts\/61597\/revisions"}],"wp:featuredmedia":[{"embeddable":true,"href":"https:\/\/mussicom.com\/noticias\/wp-json\/wp\/v2\/media\/61598"}],"wp:attachment":[{"href":"https:\/\/mussicom.com\/noticias\/wp-json\/wp\/v2\/media?parent=61597"}],"wp:term":[{"taxonomy":"category","embeddable":true,"href":"https:\/\/mussicom.com\/noticias\/wp-json\/wp\/v2\/categories?post=61597"},{"taxonomy":"post_tag","embeddable":true,"href":"https:\/\/mussicom.com\/noticias\/wp-json\/wp\/v2\/tags?post=61597"}],"curies":[{"name":"wp","href":"https:\/\/api.w.org\/{rel}","templated":true}]}}