{"id":61576,"date":"2026-02-05T21:48:33","date_gmt":"2026-02-06T00:48:33","guid":{"rendered":"https:\/\/mussicom.com\/gabigol-analisa-pressao-sobre-o-santos-e-reforca-direito-da-torcida-de-protestar\/"},"modified":"2026-02-05T21:48:33","modified_gmt":"2026-02-06T00:48:33","slug":"gabigol-analisa-pressao-sobre-o-santos-e-reforca-direito-da-torcida-de-protestar","status":"publish","type":"post","link":"https:\/\/mussicom.com\/noticias\/gabigol-analisa-pressao-sobre-o-santos-e-reforca-direito-da-torcida-de-protestar\/","title":{"rendered":"Gabigol analisa press\u00e3o sobre o Santos e refor\u00e7a direito da torcida de protestar"},"content":{"rendered":"<p> <br \/>\n<\/p>\n<div>\n<div id=\"attachment_178672\" style=\"width: 1037px\" class=\"wp-caption alignleft\"><img alt=\"\" fetchpriority=\"high\" fetchpriority=\"high\" decoding=\"async\" aria-describedby=\"caption-attachment-178672\" class=\" wp-image-178672\" src=\"https:\/\/www.diariodopeixe.com.br\/wp-content\/uploads\/2026\/02\/55078030392_5f562e5c84_o-240x300.jpg\" alt=\"\" width=\"1027\" height=\"1284\" srcset=\"https:\/\/www.diariodopeixe.com.br\/wp-content\/uploads\/2026\/02\/55078030392_5f562e5c84_o-200x250.jpg 200w, https:\/\/www.diariodopeixe.com.br\/wp-content\/uploads\/2026\/02\/55078030392_5f562e5c84_o-240x300.jpg 240w, https:\/\/www.diariodopeixe.com.br\/wp-content\/uploads\/2026\/02\/55078030392_5f562e5c84_o-400x500.jpg 400w, https:\/\/www.diariodopeixe.com.br\/wp-content\/uploads\/2026\/02\/55078030392_5f562e5c84_o-600x750.jpg 600w, https:\/\/www.diariodopeixe.com.br\/wp-content\/uploads\/2026\/02\/55078030392_5f562e5c84_o-768x960.jpg 768w, https:\/\/www.diariodopeixe.com.br\/wp-content\/uploads\/2026\/02\/55078030392_5f562e5c84_o-800x1000.jpg 800w, https:\/\/www.diariodopeixe.com.br\/wp-content\/uploads\/2026\/02\/55078030392_5f562e5c84_o-819x1024.jpg 819w, https:\/\/www.diariodopeixe.com.br\/wp-content\/uploads\/2026\/02\/55078030392_5f562e5c84_o-1200x1500.jpg 1200w, https:\/\/www.diariodopeixe.com.br\/wp-content\/uploads\/2026\/02\/55078030392_5f562e5c84_o-1229x1536.jpg 1229w, https:\/\/www.diariodopeixe.com.br\/wp-content\/uploads\/2026\/02\/55078030392_5f562e5c84_o-1638x2048.jpg 1638w\" sizes=\"(max-width: 1027px) 100vw, 1027px\"\/><\/p>\n<p id=\"caption-attachment-178672\" class=\"wp-caption-text\">Gabigol comentou sobre reuni\u00e3o e protestos na Vila (Cr\u00e9dito: Raul Baretta\/Santos FC)<\/p>\n<\/div>\n<p>O atacante Gabriel Barbosa analisou o empate do Santos com o S\u00e3o Paulo em 1 a 1, na Vila Belmiro, pela segunda rodada do Brasileir\u00e3o, nesta quarta-feira (04). O Peixe chegou a sete jogos sem vencer desde o come\u00e7o da temporada e o t\u00e9cnico Juan Pablo Vojvoda chegou a reunir jogadores e funcion\u00e1rios em reuni\u00e3o para conscientizar do momento santista.<\/p>\n<p>\u201cTeve uma conversa como todos sabem. Algo que j\u00e1 aconteceu comigo em outros clubes. Conversa sincera entre todos. Sabemos que t\u00ednhamos como mudar a postura como todos viram hoje. Vimos um jogo diferente, jogando um cl\u00e1ssico e contra um grande time. Claro que n\u00f3s quer\u00edamos ganhar, ainda mais dentro de casa, mas creio eu que a atitude foi outra, os n\u00fameros mostram isso. Uma pena que a vit\u00f3ria escapou por um lance, mas logo estamos 100% e com todos para ajudar e podemos mais\u201d, afirmou.<\/p>\n<p>No intervalo do jogo, as arquibancadas levantaram gritos contra o presidente Marcelo Teixeira e o diretor de futebol Alexandre Mattos. Alem de faixas com escritas \u2018Queremos planejamento\u2019, \u2018Mais um post, mais uma cortina de fuma\u00e7a\u2019, \u2018Da arquibancada, a ignor\u00e2ncia-2000 e hoje\u2019, \u2018 Respeitem o torcedor\u2019 e entre outros.<\/p>\n<p>\u201cNormal, vai ter cobran\u00e7a. Vai ter press\u00e3o por resultados e eles n\u00e3o est\u00e3o errados. Jogamos no maior time da terra. E temos capacidade de trazer vit\u00f3rias, jogar melhor. A torcida hoje n\u00e3o tem, entre aspas, do que reclamar. Teve muita luta, sa\u00edmos ganhando e por um lance n\u00e3o conseguimos a vit\u00f3ria. Estamos em um time grande, sabemos que a cobran\u00e7a vai existir e sabemos que se a gente vencer vai ter o apoio deles\u201d, afirmou.<\/p>\n<p><strong><em>Leia tamb\u00e9m: <\/em><\/strong><em>Vojvoda destaca evolu\u00e7\u00e3o do Santos, mas cobra regularidade ap\u00f3s empate no cl\u00e1ssico<\/em><\/p>\n<p>Questionado sobre o protesto \u2018doer\u2019, o camisa 9 admitiu que machuca e revelou que preferia ser o alvo dos xingamentos do que ver o clube nesta situa\u00e7\u00e3o. O jogador ainda ressaltou que a torcida \u00e9 patrim\u00f4nio do Peixe e que precisa do torcedor ao lado do time nesta fase ruim.<\/p>\n<p>\u201cEntendo, j\u00e1 fui um deles. Sendo pac\u00edfico \u00e9 v\u00e1lido, precisamos deles, e o S\u00e3o Paulo tamb\u00e9m j\u00e1 usou isso a favor deles. Da \u00faltima vez perdemos e a gente sabe o quanto \u00e9 dif\u00edcil quando Santos une torcida, jogadores e sabemos do hist\u00f3rico dentro da Vila. O trabalho est\u00e1 sendo feito, os sal\u00e1rios est\u00e3o em dia, a estrutura est\u00e1 melhorando, mas o processo \u00e9 lento. Vamos sofrer, mas temos um t\u00e9cnico e um elenco bom\u201d, afirmou.<\/p>\n<p>\u201cPosso falar por mim. Claro que d\u00f3i. Prefiro, entre aspas, que me xinguem do que isso. A torcida \u00e9 patrim\u00f4nio do clube, jogar com torcida a favor \u00e9 muito complicado para advers\u00e1rio. Mas respeito e sendo pac\u00edficos, eles t\u00eam todo o direito de protestar. A gente entende o que eles pedem, mas \u00e9 dif\u00edcil. Esperamos e precisamos do apoio deles\u201d, completou.<\/p>\n<\/p><\/div>\n<p><br \/>\n<br \/>Fonte: <a href=\"https:\/\/www.diariodopeixe.com.br\/noticias\/gabigol-analisa-pressao-sobre-o-santos-e-reforca-direito-da-torcida-de-protestar\/\">Di\u00e1rio do Peixe<\/a><\/p>\n","protected":false},"excerpt":{"rendered":"<p>Gabigol comentou sobre reuni\u00e3o e protestos na Vila (Cr\u00e9dito: Raul Baretta\/Santos FC) O atacante Gabriel Barbosa analisou o empate do Santos com o S\u00e3o Paulo em 1 a 1, na Vila Belmiro, pela segunda rodada do Brasileir\u00e3o, nesta quarta-feira (04). O Peixe chegou a sete jogos sem vencer desde o come\u00e7o da temporada e o [&hellip;]<\/p>\n","protected":false},"author":5,"featured_media":61577,"comment_status":"open","ping_status":"open","sticky":false,"template":"","format":"standard","meta":{"_seopress_robots_primary_cat":"","_seopress_titles_title":"","_seopress_titles_desc":"","_seopress_robots_index":"","footnotes":""},"categories":[55],"tags":[],"class_list":["post-61576","post","type-post","status-publish","format-standard","has-post-thumbnail","hentry","category-santos-fc"],"_links":{"self":[{"href":"https:\/\/mussicom.com\/noticias\/wp-json\/wp\/v2\/posts\/61576","targetHints":{"allow":["GET"]}}],"collection":[{"href":"https:\/\/mussicom.com\/noticias\/wp-json\/wp\/v2\/posts"}],"about":[{"href":"https:\/\/mussicom.com\/noticias\/wp-json\/wp\/v2\/types\/post"}],"author":[{"embeddable":true,"href":"https:\/\/mussicom.com\/noticias\/wp-json\/wp\/v2\/users\/5"}],"replies":[{"embeddable":true,"href":"https:\/\/mussicom.com\/noticias\/wp-json\/wp\/v2\/comments?post=61576"}],"version-history":[{"count":0,"href":"https:\/\/mussicom.com\/noticias\/wp-json\/wp\/v2\/posts\/61576\/revisions"}],"wp:featuredmedia":[{"embeddable":true,"href":"https:\/\/mussicom.com\/noticias\/wp-json\/wp\/v2\/media\/61577"}],"wp:attachment":[{"href":"https:\/\/mussicom.com\/noticias\/wp-json\/wp\/v2\/media?parent=61576"}],"wp:term":[{"taxonomy":"category","embeddable":true,"href":"https:\/\/mussicom.com\/noticias\/wp-json\/wp\/v2\/categories?post=61576"},{"taxonomy":"post_tag","embeddable":true,"href":"https:\/\/mussicom.com\/noticias\/wp-json\/wp\/v2\/tags?post=61576"}],"curies":[{"name":"wp","href":"https:\/\/api.w.org\/{rel}","templated":true}]}}