{"id":61551,"date":"2026-02-05T19:42:22","date_gmt":"2026-02-05T22:42:22","guid":{"rendered":"https:\/\/mussicom.com\/balanca-comercial-tem-segundo-melhor-resultado-para-janeiro-2\/"},"modified":"2026-02-05T19:42:22","modified_gmt":"2026-02-05T22:42:22","slug":"balanca-comercial-tem-segundo-melhor-resultado-para-janeiro-2","status":"publish","type":"post","link":"https:\/\/mussicom.com\/noticias\/balanca-comercial-tem-segundo-melhor-resultado-para-janeiro-2\/","title":{"rendered":"Balan\u00e7a comercial tem segundo melhor resultado para janeiro"},"content":{"rendered":"<p> <br \/>\n<\/p>\n<div>\n<p>A balan\u00e7a comercial registrou o segundo maior super\u00e1vit para meses de janeiro desde o in\u00edcio da s\u00e9rie hist\u00f3rica, beneficiada pela queda das importa\u00e7\u00f5es, divulgou nesta quinta-feira (5) o Minist\u00e9rio do Desenvolvimento, Ind\u00fastria, Com\u00e9rcio e Servi\u00e7os (Mdic). <strong>No m\u00eas passado, as exporta\u00e7\u00f5es superaram as importa\u00e7\u00f5es em US$ 4,342 bilh\u00f5es, alta de 85,8% em rela\u00e7\u00e3o ao super\u00e1vit de US$ 2,337 bilh\u00f5es no mesmo m\u00eas de 2025.<\/strong><img decoding=\"async\" src=\"https:\/\/agenciabrasil.ebc.com.br\/ebc.gif?id=1677205&amp;o=node\" style=\"width:1px; height:1px; display:inline;\"\/><\/p>\n<p>O resultado da balan\u00e7a comercial para meses de janeiro s\u00f3 perde para 2024. Naquele m\u00eas, houve super\u00e1vit de US$ 6,196 bilh\u00f5es.<\/p>\n<p><strong>O valor das exporta\u00e7\u00f5es e das importa\u00e7\u00f5es:<\/strong><\/p>\n<ul>\n<li>Exporta\u00e7\u00f5es: US$ 25,153 bilh\u00f5es, queda de 1% em rela\u00e7\u00e3o a janeiro do ano passado;<\/li>\n<li>Importa\u00e7\u00f5es: US$ 20,810 bilh\u00f5es, queda de 9,8% na mesma compara\u00e7\u00e3o.<\/li>\n<\/ul>\n<p>O valor das exporta\u00e7\u00f5es \u00e9 o terceiro melhor para meses de janeiro desde o in\u00edcio da s\u00e9rie hist\u00f3rica, em 1989, s\u00f3 perdendo para janeiro de 2024 e de 2025. As importa\u00e7\u00f5es registraram o segundo melhor janeiro da s\u00e9rie, s\u00f3 perdendo para o mesmo m\u00eas do ano passado.<\/p>\n<p>&gt;&gt; Siga o canal da <strong>Ag\u00eancia Brasil <\/strong>no WhatsApp<\/p>\n<h2>Setores<\/h2>\n<p><strong>Na distribui\u00e7\u00e3o por setores da economia, as exporta\u00e7\u00f5es em janeiro variaram da seguinte forma:<\/strong><\/p>\n<ul>\n<li>Agropecu\u00e1ria: 2,1%, com queda de 3,4% no volume e alta de 5,3% no pre\u00e7o m\u00e9dio;<\/li>\n<li>Ind\u00fastria extrativa: -3,4%, com alta de 6,2% no volume e queda de 9,1% no pre\u00e7o m\u00e9dio;<\/li>\n<li>Ind\u00fastria de transforma\u00e7\u00e3o: -0,5%, com recuo de 0,6% no volume e de 0,1% no pre\u00e7o m\u00e9dio.<\/li>\n<\/ul>\n<h2>Produtos<\/h2>\n<p><strong>Os principais produtos respons\u00e1veis pela queda das exporta\u00e7\u00f5es em janeiro foram os seguintes:<\/strong><\/p>\n<ul>\n<li>Agropecu\u00e1ria: caf\u00e9 n\u00e3o torrado (-23,7%); algod\u00e3o bruto (-31,2%); e trigo e centeio n\u00e3o mo\u00eddos (-33,6%);<\/li>\n<li>Ind\u00fastria extrativa, \u00f3leos brutos de petr\u00f3leo (-7,8%); e min\u00e9rio de ferro (-8,6%);<\/li>\n<li>Ind\u00fastria de transforma\u00e7\u00e3o: \u00f3xido de alum\u00ednio, exceto corindo artificial (-54,6%); a\u00e7\u00facares e mela\u00e7os (-27,2%) e tabaco (-50,4%).<\/li>\n<\/ul>\n<p><strong>No caso do agroneg\u00f3cio, as exporta\u00e7\u00f5es de soja cresceram 91,7% em rela\u00e7\u00e3o a janeiro do ano passado, por causa da antecipa\u00e7\u00e3o de embarques, e as vendas de milho n\u00e3o mo\u00eddo aumentaram 18,8%.<\/strong><\/p>\n<p>Em rela\u00e7\u00e3o ao petr\u00f3leo bruto, a queda nas exporta\u00e7\u00f5es chega a US$ 364,6 milh\u00f5es em rela\u00e7\u00e3o a janeiro de 2025. Tradicionalmente, as vendas de petr\u00f3leo registram forte varia\u00e7\u00e3o mensal por causa da manuten\u00e7\u00e3o programada de plataformas.<\/p>\n<p>Em rela\u00e7\u00e3o \u00e0s importa\u00e7\u00f5es, a queda est\u00e1 vinculada ao petr\u00f3leo e \u00e0 desacelera\u00e7\u00e3o da economia, com a diminui\u00e7\u00e3o dos investimentos.\u00a0<\/p>\n<p><strong>Na divis\u00e3o por categorias, os principais produtos s\u00e3o os seguintes:<\/strong><\/p>\n<ul>\n<li>Agropecu\u00e1ria: cacau bruto ou torrado (-86,3%); e trigo e centeio n\u00e3o mo\u00eddos (-35,5%);<\/li>\n<li>Ind\u00fastria extrativa: \u00f3leos brutos de petr\u00f3leo (-49,8%); e g\u00e1s natural (-15,8%);<\/li>\n<li>Ind\u00fastria de transforma\u00e7\u00e3o: motores e m\u00e1quinas n\u00e3o el\u00e9tricos (-66,8%); \u00f3leos combust\u00edveis de petr\u00f3leo (-17,5%); e partes e acess\u00f3rios de ve\u00edculos (-20,4%).<\/li>\n<\/ul>\n<h2>Proje\u00e7\u00f5es<\/h2>\n<p>Para este ano, o Mdic projeta super\u00e1vit comercial de US$ 70 bilh\u00f5es a US$ 90 bilh\u00f5es. As exporta\u00e7\u00f5es devem encerrar o ano entre US$ 340 bilh\u00f5es e US$ 380 bilh\u00f5es e as importa\u00e7\u00f5es entre US$ 270 bilh\u00f5es e US$ 290 bilh\u00f5es.<\/p>\n<p><strong>As proje\u00e7\u00f5es oficiais para a balan\u00e7a comercial s\u00e3o atualizadas trimestralmente.<\/strong> Segundo o Mdic, novas estimativas mais detalhadas sobre exporta\u00e7\u00f5es, importa\u00e7\u00f5es e saldo comercial de 2026 ser\u00e3o divulgadas em abril.\u00a0<\/p>\n<p>No ano passado, a balan\u00e7a comercial registrou super\u00e1vit de US$ 68,3 bilh\u00f5es. O recorde de super\u00e1vit foi registrado em 2023, quando o resultado positivo ficou em US$ 98,9 bilh\u00f5es.<\/p>\n<p><strong>As estimativas do Mdic est\u00e3o mais otimistas que as das institui\u00e7\u00f5es financeiras.<\/strong> Segundo o Boletim Focus, pesquisa semanal do Banco Central com analistas de mercado, a balan\u00e7a comercial encerrar\u00e1 o ano de 2026 com super\u00e1vit de US$ 67,65 bilh\u00f5es.<\/p>\n<p>      <!-- Relacionada --><\/p>\n<p>            <!-- Relacionada -->\n    <\/div>\n<p><br \/>\n<br \/>Fonte: <a href=\"https:\/\/agenciabrasil.ebc.com.br\/economia\/noticia\/2026-02\/balanca-comercial-tem-segundo-melhor-resultado-para-janeiro\">Gazeta do Povo<\/a><\/p>\n","protected":false},"excerpt":{"rendered":"<p>A balan\u00e7a comercial registrou o segundo maior super\u00e1vit para meses de janeiro desde o in\u00edcio da s\u00e9rie hist\u00f3rica, beneficiada pela queda das importa\u00e7\u00f5es, divulgou nesta quinta-feira (5) o Minist\u00e9rio do Desenvolvimento, Ind\u00fastria, Com\u00e9rcio e Servi\u00e7os (Mdic). No m\u00eas passado, as exporta\u00e7\u00f5es superaram as importa\u00e7\u00f5es em US$ 4,342 bilh\u00f5es, alta de 85,8% em rela\u00e7\u00e3o ao super\u00e1vit [&hellip;]<\/p>\n","protected":false},"author":5,"featured_media":32444,"comment_status":"open","ping_status":"open","sticky":false,"template":"","format":"standard","meta":{"_seopress_robots_primary_cat":"","_seopress_titles_title":"","_seopress_titles_desc":"","_seopress_robots_index":"","footnotes":""},"categories":[45],"tags":[],"class_list":["post-61551","post","type-post","status-publish","format-standard","has-post-thumbnail","hentry","category-economia"],"_links":{"self":[{"href":"https:\/\/mussicom.com\/noticias\/wp-json\/wp\/v2\/posts\/61551","targetHints":{"allow":["GET"]}}],"collection":[{"href":"https:\/\/mussicom.com\/noticias\/wp-json\/wp\/v2\/posts"}],"about":[{"href":"https:\/\/mussicom.com\/noticias\/wp-json\/wp\/v2\/types\/post"}],"author":[{"embeddable":true,"href":"https:\/\/mussicom.com\/noticias\/wp-json\/wp\/v2\/users\/5"}],"replies":[{"embeddable":true,"href":"https:\/\/mussicom.com\/noticias\/wp-json\/wp\/v2\/comments?post=61551"}],"version-history":[{"count":0,"href":"https:\/\/mussicom.com\/noticias\/wp-json\/wp\/v2\/posts\/61551\/revisions"}],"wp:featuredmedia":[{"embeddable":true,"href":"https:\/\/mussicom.com\/noticias\/wp-json\/wp\/v2\/media\/32444"}],"wp:attachment":[{"href":"https:\/\/mussicom.com\/noticias\/wp-json\/wp\/v2\/media?parent=61551"}],"wp:term":[{"taxonomy":"category","embeddable":true,"href":"https:\/\/mussicom.com\/noticias\/wp-json\/wp\/v2\/categories?post=61551"},{"taxonomy":"post_tag","embeddable":true,"href":"https:\/\/mussicom.com\/noticias\/wp-json\/wp\/v2\/tags?post=61551"}],"curies":[{"name":"wp","href":"https:\/\/api.w.org\/{rel}","templated":true}]}}