{"id":61522,"date":"2026-02-05T17:40:28","date_gmt":"2026-02-05T20:40:28","guid":{"rendered":"https:\/\/mussicom.com\/pf-abre-inquerito-para-apurar-relacoes-entre-fictor-e-banco-master\/"},"modified":"2026-02-05T17:40:28","modified_gmt":"2026-02-05T20:40:28","slug":"pf-abre-inquerito-para-apurar-relacoes-entre-fictor-e-banco-master","status":"publish","type":"post","link":"https:\/\/mussicom.com\/noticias\/pf-abre-inquerito-para-apurar-relacoes-entre-fictor-e-banco-master\/","title":{"rendered":"PF abre inqu\u00e9rito para apurar rela\u00e7\u00f5es entre Fictor e Banco Master"},"content":{"rendered":"<p> <br \/>\n<\/p>\n<div id=\"tp-post-content\">\n<p class=\"postParagraph_post-paragraph__juWZN postParagraph_post-paragraph-innerHtml__Q5vwc\">A Pol\u00edcia Federal abriu um inqu\u00e9rito para apurar as rela\u00e7\u00f5es entre o Grupo Fictor e o liquidado Banco Master ap\u00f3s identificar ind\u00edcios de crimes contra o sistema financeiro nacional. A investiga\u00e7\u00e3o foi determinada dias depois de a empresa entrar com pedido de recupera\u00e7\u00e3o judicial na Justi\u00e7a de S\u00e3o Paulo.<\/p>\n<p class=\"postParagraph_post-paragraph__juWZN postParagraph_post-paragraph-innerHtml__Q5vwc\">Segundo a Pol\u00edcia Federal, o inqu\u00e9rito investiga principalmente a suposta tentativa de compra do Master pela Fictor junto de investidores \u00e1rabes, no ano passado, anunciada apenas um dia antes do Banco Central decretar a liquida\u00e7\u00e3o extrajudicial do banco de Daniel Vorcaro. O banqueiro foi preso quando viajaria para os Emirados \u00c1rabes Unidos para concluir a transa\u00e7\u00e3o, segundo alegou \u00e0 autoridade.<\/p>\n<p class=\"postParagraph_post-paragraph__juWZN postParagraph_post-paragraph-innerHtml__Q5vwc\">\u00c0 <strong>Gazeta do Povo<\/strong>, a Fictor informou que seus advogados ainda n\u00e3o tiveram acesso ao inqu\u00e9rito e que, por isso, n\u00e3o tem como emitir um posicionamento.<\/p>\n<div class=\"postViewMore_post-view-more-container___5wai\" data-mrf-recirculation=\"Post - Veja tamb\u00e9m\">\n<p class=\"gp-styles-module-size-small-afeYRa gp-styles-module-font-family2-afeYRa gp-styles-module-color-secondary-afeYRa gp-styles-module-weight-bold-afeYRa\">VEJA TAMB\u00c9M:<\/p>\n<ul class=\"postViewMore_post-view-more-list__CU_CE\">\n<li class=\"postViewMore_post-view-more-item__2MzRb\">\n<div class=\"postViewMore_post-view-more-image__5gUSe\"><picture class=\"imageDefault_image-container__XGd8_\"><\/picture><\/div>\n<p>Opera\u00e7\u00e3o abafa: como Bras\u00edlia tenta frear CPMI do Master<\/li>\n<\/ul>\n<\/div>\n<p class=\"postParagraph_post-paragraph__juWZN postParagraph_post-paragraph-innerHtml__Q5vwc\">Desde ent\u00e3o, Vorcaro sustenta que a liquida\u00e7\u00e3o pelo Banco Central foi precipitada por conta das negocia\u00e7\u00f5es supostamente avan\u00e7adas com os investidores \u00e1rabes. Para ele, a interven\u00e7\u00e3o ocorreu antes da conclus\u00e3o do acordo e agravou a situa\u00e7\u00e3o do banco.<\/p>\n<p class=\"postParagraph_post-paragraph__juWZN postParagraph_post-paragraph-innerHtml__Q5vwc\">J\u00e1 o Grupo Fictor alega que parte da crise de liquidez que levou ao pedido de recupera\u00e7\u00e3o judicial ocorreu por conta da liquida\u00e7\u00e3o do Banco Master. Segundo a empresa, o v\u00ednculo p\u00fablico com o banco liquidado afetou diretamente a confian\u00e7a do mercado e de investidores.<\/p>\n<p class=\"postParagraph_post-paragraph__juWZN postParagraph_post-paragraph-innerHtml__Q5vwc\">\u201cCom a decreta\u00e7\u00e3o da liquida\u00e7\u00e3o da institui\u00e7\u00e3o pelo Banco Central, um dia ap\u00f3s o an\u00fancio da aquisi\u00e7\u00e3o, a reputa\u00e7\u00e3o do grupo foi atingida por especula\u00e7\u00f5es, que geraram um grande volume de not\u00edcias negativas, atingindo duramente a liquidez da Fictor Invest e da Fictor Holding\u201d, declarou a companhia com d\u00edvidas que somam cerca de R$ 4 bilh\u00f5es.<\/p>\n<p class=\"postParagraph_post-paragraph__juWZN postParagraph_post-paragraph-innerHtml__Q5vwc\">Na noite anterior \u00e0 liquida\u00e7\u00e3o, representantes do Banco Master procuraram o diretor de Fiscaliza\u00e7\u00e3o do Banco Central, Ailton Aquino, para tratar das negocia\u00e7\u00f5es com a Fictor. Naquele momento, por\u00e9m, a opera\u00e7\u00e3o da Pol\u00edcia Federal j\u00e1 estava em curso e a liquida\u00e7\u00e3o do banco estava definida para o dia seguinte.<\/p>\n<p class=\"postParagraph_post-paragraph__juWZN postParagraph_post-paragraph-innerHtml__Q5vwc\">Com a abertura do inqu\u00e9rito, a Pol\u00edcia Federal passa agora a aprofundar a an\u00e1lise das rela\u00e7\u00f5es financeiras, societ\u00e1rias e operacionais entre a Fictor e o Banco Master. S\u00e3o investigados os crimes de gest\u00e3o fraudulenta, apropria\u00e7\u00e3o ind\u00e9bita financeira, emiss\u00e3o de t\u00edtulos sem lastro equiparados a valores mobili\u00e1rios e opera\u00e7\u00e3o de institui\u00e7\u00e3o financeira sem autoriza\u00e7\u00e3o.<\/p>\n<\/div>\n<p><br \/>\n<br \/>Fonte: <a href=\"https:\/\/www.gazetadopovo.com.br\/economia\/pf-abre-inquerito-relacoes-fictor-banco-master\/\">Gazeta do Povo<\/a><\/p>\n","protected":false},"excerpt":{"rendered":"<p>A Pol\u00edcia Federal abriu um inqu\u00e9rito para apurar as rela\u00e7\u00f5es entre o Grupo Fictor e o liquidado Banco Master ap\u00f3s identificar ind\u00edcios de crimes contra o sistema financeiro nacional. A investiga\u00e7\u00e3o foi determinada dias depois de a empresa entrar com pedido de recupera\u00e7\u00e3o judicial na Justi\u00e7a de S\u00e3o Paulo. Segundo a Pol\u00edcia Federal, o inqu\u00e9rito [&hellip;]<\/p>\n","protected":false},"author":5,"featured_media":60922,"comment_status":"open","ping_status":"open","sticky":false,"template":"","format":"standard","meta":{"_seopress_robots_primary_cat":"","_seopress_titles_title":"","_seopress_titles_desc":"","_seopress_robots_index":"","footnotes":""},"categories":[45],"tags":[],"class_list":["post-61522","post","type-post","status-publish","format-standard","has-post-thumbnail","hentry","category-economia"],"_links":{"self":[{"href":"https:\/\/mussicom.com\/noticias\/wp-json\/wp\/v2\/posts\/61522","targetHints":{"allow":["GET"]}}],"collection":[{"href":"https:\/\/mussicom.com\/noticias\/wp-json\/wp\/v2\/posts"}],"about":[{"href":"https:\/\/mussicom.com\/noticias\/wp-json\/wp\/v2\/types\/post"}],"author":[{"embeddable":true,"href":"https:\/\/mussicom.com\/noticias\/wp-json\/wp\/v2\/users\/5"}],"replies":[{"embeddable":true,"href":"https:\/\/mussicom.com\/noticias\/wp-json\/wp\/v2\/comments?post=61522"}],"version-history":[{"count":0,"href":"https:\/\/mussicom.com\/noticias\/wp-json\/wp\/v2\/posts\/61522\/revisions"}],"wp:featuredmedia":[{"embeddable":true,"href":"https:\/\/mussicom.com\/noticias\/wp-json\/wp\/v2\/media\/60922"}],"wp:attachment":[{"href":"https:\/\/mussicom.com\/noticias\/wp-json\/wp\/v2\/media?parent=61522"}],"wp:term":[{"taxonomy":"category","embeddable":true,"href":"https:\/\/mussicom.com\/noticias\/wp-json\/wp\/v2\/categories?post=61522"},{"taxonomy":"post_tag","embeddable":true,"href":"https:\/\/mussicom.com\/noticias\/wp-json\/wp\/v2\/tags?post=61522"}],"curies":[{"name":"wp","href":"https:\/\/api.w.org\/{rel}","templated":true}]}}