{"id":61516,"date":"2026-02-05T16:45:21","date_gmt":"2026-02-05T19:45:21","guid":{"rendered":"https:\/\/mussicom.com\/entidades-arrozeiras-articulam-medidas-conjuntas-para-enfrentar-crise-da-cadeia-orizicola-gaucha\/"},"modified":"2026-02-05T16:45:21","modified_gmt":"2026-02-05T19:45:21","slug":"entidades-arrozeiras-articulam-medidas-conjuntas-para-enfrentar-crise-da-cadeia-orizicola-gaucha","status":"publish","type":"post","link":"https:\/\/mussicom.com\/noticias\/entidades-arrozeiras-articulam-medidas-conjuntas-para-enfrentar-crise-da-cadeia-orizicola-gaucha\/","title":{"rendered":"Entidades arrozeiras articulam medidas conjuntas para enfrentar crise da cadeia oriz\u00edcola ga\u00facha"},"content":{"rendered":"<p> <br \/>\n<\/p>\n<div>\n<p style=\"text-align:justify\">A Federa\u00e7\u00e3o das Associa\u00e7\u00f5es de Arrozeiros do Rio Grande do Sul (Federarroz) participou de entrevista coletiva realizada na manh\u00e3 desta quinta-feira (5) na Federa\u00e7\u00e3o da Agricultura do Estado do Rio Grande do Sul (Farsul), em Porto Alegre (RS), com a participa\u00e7\u00e3o tamb\u00e9m de representantes do Instituto Rio-Grandense do arroz (Irga) e da Secretaria Estadual da Agricultura, Pecu\u00e1ria e Irriga\u00e7\u00e3o (Seapi). Na pauta, a divulga\u00e7\u00e3o de medidas conjuntas das entidades para reverter a dif\u00edcil situa\u00e7\u00e3o enfrentada pela cadeia oriz\u00edcola do Rio Grande do Sul.&#13;\n<\/p>\n<p style=\"text-align:justify\">Em apresenta\u00e7\u00e3o realizada pelo economista-chefe da Farsul, Ant\u00f4nio da Luz, foram destacadas sete medidas elaboradas em conjunto para o curto e m\u00e9dio prazo, com o objetivo de reverter o quadro. Entre elas, est\u00e3o a difus\u00e3o, com clareza e transpar\u00eancia, da preocupa\u00e7\u00e3o das entidades com o cen\u00e1rio para 2026 e a recomenda\u00e7\u00e3o de redu\u00e7\u00e3o da \u00e1rea plantada.<\/p>\n<p style=\"text-align:justify\">Tamb\u00e9m foram citadas a busca por mecanismos de comercializa\u00e7\u00e3o; o uso da CDO como est\u00edmulo \u00e0s exporta\u00e7\u00f5es; a proposta de redu\u00e7\u00e3o tempor\u00e1ria do ICMS, no per\u00edodo de maior comercializa\u00e7\u00e3o, para melhorar a competitividade frente ao Paraguai; a proposta de desconcentra\u00e7\u00e3o dos vencimentos de CPRs em 30 de mar\u00e7o e 30 de abril, junto \u00e0s ind\u00fastrias, revendas e empresas multinacionais; o alongamento de custeios junto \u00e0s institui\u00e7\u00f5es financeiras; e a\u00e7\u00f5es de pesquisa, divulga\u00e7\u00e3o e combate \u00e0 venda de arroz fora do tipo especificado na embalagem.<\/p>\n<p style=\"text-align:justify\">O presidente da Federarroz, Denis Dias Nunes, destacou a postura das entidades de antecipar cen\u00e1rios e propor solu\u00e7\u00f5es. \u201cFomos surpreendidos por uma das conting\u00eancias mais dif\u00edceis dos \u00faltimos tempos na cadeia arrozeira. Em 2025, tivemos uma das maiores colheitas do Mercosul e tamb\u00e9m uma produ\u00e7\u00e3o elevada em n\u00edvel mundial. Isso pressionou os pre\u00e7os\u201d, recordou.<\/p>\n<p style=\"text-align:justify\">Nunes citou ainda a entrada da \u00cdndia no mercado internacional, o que agravou o cen\u00e1rio ao deprimir os valores no mercado global e, consequentemente, na Am\u00e9rica do Sul, especialmente no Mercosul. \u201cSomado a isso, tivemos uma supersafra, cr\u00e9dito dif\u00edcil e juros altos. Esse conjunto de fatores nos levou a uma situa\u00e7\u00e3o extremamente delicada, com uma recess\u00e3o muito negativa nesta safra, que se arrasta at\u00e9 2026. Esse cen\u00e1rio resultou em um endividamento significativo dos produtores\u201d, concluiu.&#13;\n<\/p>\n<p style=\"text-align:justify\">O presidente da Federarroz afirmou que o setor tem trabalhado dentro da l\u00f3gica de simetria do Mercosul. \u201cA ind\u00fastria do Rio Grande do Sul perdeu, nos \u00faltimos anos, uma parte importante do seu beneficiamento para ind\u00fastrias de Minas Gerais e S\u00e3o Paulo, que n\u00e3o produzem arroz, mas importam grandes volumes do Paraguai. Esse \u00e9 um tema que precisa ser enfrentado\u201d, ressaltou.<\/p>\n<p style=\"text-align:justify\">Nunes destacou que a Federarroz j\u00e1 conta com uma comiss\u00e3o espec\u00edfica dedicada a estudar o Mercosul, identificar assimetrias e buscar solu\u00e7\u00f5es junto aos governos estadual e federal. \u201cTemos produtividade elevada, mas n\u00e3o conseguimos competir em pre\u00e7os com nossos vizinhos, e isso precisa ser corrigido\u201d, afirmou. O dirigente acrescentou que o setor tamb\u00e9m trabalha a quest\u00e3o do ICMS, buscando condi\u00e7\u00f5es que tornem a cadeia mais competitiva.<\/p>\n<p style=\"text-align:justify\">Outro assunto abordado pelo presidente da Federarroz foi o estudo em andamento para o uso do arroz na produ\u00e7\u00e3o de etanol. \u201cPor meio da C\u00e2mara Setorial, encaminhamos solicita\u00e7\u00e3o \u00e0 Assessoria de Assuntos Estrat\u00e9gicos da Presid\u00eancia da Embrapa para que, via Embrapa Agroenergia, possamos aprofundar os estudos sobre o uso do arroz para etanol. Al\u00e9m disso, essa mesma assessoria est\u00e1 avaliando outros destinos e finalidades para o arroz\u201d, adiantou.<\/p>\n<p style=\"text-align:justify\">Nunes fez quest\u00e3o de refor\u00e7ar que n\u00e3o h\u00e1 preocupa\u00e7\u00e3o em retirar o arroz da alimenta\u00e7\u00e3o humana, que seguir\u00e1 sendo seu destino principal. \u201cO que buscamos \u00e9 potencializar a capacidade produtiva que o Rio Grande do Sul possui, apoiada pelas pesquisas do Irga, da Embrapa e de empresas privadas, que garantem a qualidade do nosso produto, alta produtividade e possibilidade de amplia\u00e7\u00e3o de \u00e1rea\u201d, ressaltou.&#13;\n<\/p>\n<p style=\"text-align:justify\">Por fim, Nunes enfatizou que esses novos destinos n\u00e3o retiram o arroz da alimenta\u00e7\u00e3o. \u201cEles agregam valor, geram novas oportunidades, emprego e renda, especialmente na metade sul do Rio Grande do Sul\u201d, finalizou.<\/p>\n<p style=\"text-align:justify\">Na abertura da entrevista coletiva, o presidente da Farsul, Domingos Velho Lopes, ressaltou o momento de maturidade das entidades, que passaram a atuar de forma conjunta no sentido de identificar gargalos e propor solu\u00e7\u00f5es. \u201c\u00c9 o momento mais delicado da pecu\u00e1ria e da silvicultura ga\u00facha da hist\u00f3ria\u201d, afirmou.<\/p>\n<p style=\"text-align:justify\">Entre as dificuldades, o dirigente citou quest\u00f5es de mercado, fatores clim\u00e1ticos e a geopol\u00edtica internacional. \u201cO produtor rural deixa de ser reativo para ser propositivo, por meio de reuni\u00f5es sistem\u00e1ticas. Em junho do ano passado, come\u00e7amos a identificar a problem\u00e1tica do estoque de passagem, em fun\u00e7\u00e3o de uma excelente safra. Estamos sendo penalizados pela efici\u00eancia e n\u00e3o temos nenhuma pol\u00edtica de prote\u00e7\u00e3o efetiva ao setor\u201d, enfatizou.<\/p>\n<p style=\"text-align:justify\">A ideia, segundo Velho Lopes, \u00e9 mostrar a todos o que se avizinha em fun\u00e7\u00e3o da pr\u00f3xima safra. \u201cTeremos uma concentra\u00e7\u00e3o de venda no primeiro semestre de 2026, o que ser\u00e1 prejudicial para toda a cadeia\u201d, projetou.<\/p>\n<\/p><\/div>\n<p><script data-cfasync=\"false\">\n    !function (f, b, e, v, n, t, s) {\n        if (f.fbq) return; n = f.fbq = function () {\n            n.callMethod ?\n                n.callMethod.apply(n, arguments) : n.queue.push(arguments)\n        };\n        if (!f._fbq) f._fbq = n; n.push = n; n.loaded = !0; n.version = '2.0';\n        n.queue = []; t = b.createElement(e); t.async = !0;\n        t.src = v; s = b.getElementsByTagName(e)[0];\n        s.parentNode.insertBefore(t, s)\n    }(window, document, 'script',\n        'https:\/\/connect.facebook.net\/en_US\/fbevents.js');\n    fbq('init', '522546078623747');\n    fbq('track', 'PageView');\n<\/script><br \/>\n<br \/><br \/>\n<br \/>Fonte: <a href=\"https:\/\/www.agrolink.com.br\/noticias\/entidades-arrozeiras-articulam-medidas-conjuntas-para-enfrentar-crise-da-cadeia-orizicola-gaucha_510610.html\">AGROLINK<\/a><\/p>\n","protected":false},"excerpt":{"rendered":"<p>A Federa\u00e7\u00e3o das Associa\u00e7\u00f5es de Arrozeiros do Rio Grande do Sul (Federarroz) participou de entrevista coletiva realizada na manh\u00e3 desta quinta-feira (5) na Federa\u00e7\u00e3o da Agricultura do Estado do Rio Grande do Sul (Farsul), em Porto Alegre (RS), com a participa\u00e7\u00e3o tamb\u00e9m de representantes do Instituto Rio-Grandense do arroz (Irga) e da Secretaria Estadual da [&hellip;]<\/p>\n","protected":false},"author":5,"featured_media":61517,"comment_status":"open","ping_status":"open","sticky":false,"template":"","format":"standard","meta":{"_seopress_robots_primary_cat":"","_seopress_titles_title":"","_seopress_titles_desc":"","_seopress_robots_index":"","footnotes":""},"categories":[53],"tags":[],"class_list":["post-61516","post","type-post","status-publish","format-standard","has-post-thumbnail","hentry","category-agronegocio"],"_links":{"self":[{"href":"https:\/\/mussicom.com\/noticias\/wp-json\/wp\/v2\/posts\/61516","targetHints":{"allow":["GET"]}}],"collection":[{"href":"https:\/\/mussicom.com\/noticias\/wp-json\/wp\/v2\/posts"}],"about":[{"href":"https:\/\/mussicom.com\/noticias\/wp-json\/wp\/v2\/types\/post"}],"author":[{"embeddable":true,"href":"https:\/\/mussicom.com\/noticias\/wp-json\/wp\/v2\/users\/5"}],"replies":[{"embeddable":true,"href":"https:\/\/mussicom.com\/noticias\/wp-json\/wp\/v2\/comments?post=61516"}],"version-history":[{"count":0,"href":"https:\/\/mussicom.com\/noticias\/wp-json\/wp\/v2\/posts\/61516\/revisions"}],"wp:featuredmedia":[{"embeddable":true,"href":"https:\/\/mussicom.com\/noticias\/wp-json\/wp\/v2\/media\/61517"}],"wp:attachment":[{"href":"https:\/\/mussicom.com\/noticias\/wp-json\/wp\/v2\/media?parent=61516"}],"wp:term":[{"taxonomy":"category","embeddable":true,"href":"https:\/\/mussicom.com\/noticias\/wp-json\/wp\/v2\/categories?post=61516"},{"taxonomy":"post_tag","embeddable":true,"href":"https:\/\/mussicom.com\/noticias\/wp-json\/wp\/v2\/tags?post=61516"}],"curies":[{"name":"wp","href":"https:\/\/api.w.org\/{rel}","templated":true}]}}