{"id":61508,"date":"2026-02-05T15:41:28","date_gmt":"2026-02-05T18:41:28","guid":{"rendered":"https:\/\/mussicom.com\/pacote-de-investimentos-no-itarare-conecta-turismo-e-seguranca\/"},"modified":"2026-02-05T15:41:28","modified_gmt":"2026-02-05T18:41:28","slug":"pacote-de-investimentos-no-itarare-conecta-turismo-e-seguranca","status":"publish","type":"post","link":"https:\/\/mussicom.com\/noticias\/pacote-de-investimentos-no-itarare-conecta-turismo-e-seguranca\/","title":{"rendered":"Pacote de investimentos no Itarar\u00e9 conecta turismo e seguran\u00e7a"},"content":{"rendered":"<p> <br \/>\n<\/p>\n<div id=\"texto\">\n<p>S\u00e3o Vicente vive um processo de transforma\u00e7\u00e3o urbana que reposiciona patrim\u00f4nios culturais e tur\u00edsticos antes pouco explorados. Na regi\u00e3o que conecta a Praia do Itarar\u00e9 \u00e0 Ilha Porchat, espa\u00e7os simb\u00f3licos passam a ganhar nova vida, fortalecendo o turismo, a seguran\u00e7a e o orgulho de quem vive e visita a Cidade.<br \/>&#13;<br \/>\n\u00a0<\/p>\n<p>O pacote de investimentos contempla a revitaliza\u00e7\u00e3o do Memorial dos 500 Anos, da Pra\u00e7a 21 Irm\u00e3os Amigos e da subida da Ilha Porchat, al\u00e9m da constru\u00e7\u00e3o de uma base integrada de seguran\u00e7a.<br \/>&#13;<br \/>\n\u00a0<\/p>\n<p><strong>Memorial dos 500 Anos \u2013 <\/strong>Cart\u00e3o-postal projetado pelo ic\u00f4nico arquiteto Oscar Niemeyer, o espa\u00e7o faz alus\u00e3o aos 500 anos do Brasil. Antes alvo de cr\u00edticas devido \u00e0s condi\u00e7\u00f5es insalubres \u2014 especialmente dos banheiros \u2014, o memorial recebe nova ilumina\u00e7\u00e3o, sanit\u00e1rios, pintura e piso, resgatando sua import\u00e2ncia hist\u00f3rica e tur\u00edstica.<\/p>\n<p><strong>As obras est\u00e3o com 45% de execu\u00e7\u00e3o.<\/strong><\/p>\n<p>\u00a0<\/p>\n<p><strong>Subida da Ilha Porchat \u2013 <\/strong>Com vista privilegiada para a Praia dos Milion\u00e1rios, a subida da Ilha Porchat passa a contar com arquibancada de contempla\u00e7\u00e3o, nova ilumina\u00e7\u00e3o e, posteriormente, muros grafitados. O projeto requalifica uma \u00e1rea at\u00e9 ent\u00e3o pouco explorada, ampliando as possibilidades de lazer e contempla\u00e7\u00e3o.<\/p>\n<p><strong>As interven\u00e7\u00f5es est\u00e3o em fase final de ajustes.<\/strong><\/p>\n<p>\u00a0<\/p>\n<p><strong>Pra\u00e7a 21 Irm\u00e3os Amigos \u2013 <\/strong>Tradicional ponto de celebra\u00e7\u00e3o \u00e0 P\u00e1tria, a pra\u00e7a ser\u00e1 completamente remodelada, com a implanta\u00e7\u00e3o de mastros das bandeiras e um mapa do Brasil em granito no piso.<\/p>\n<p><strong>O \u00edndice de conclus\u00e3o \u00e9 de aproximadamente 35%.<\/strong><br \/>&#13;<br \/>\n\u00a0<\/p>\n<p>\u00a0<\/p>\n<p><strong>Base Tur\u00edstica com Seguran\u00e7a \u2013 <\/strong>Integrada \u00e0s atra\u00e7\u00f5es tur\u00edsticas do Itarar\u00e9 e da Ilha Porchat, a base para as for\u00e7as de seguran\u00e7a (GCM e PM) visa intensificar a presen\u00e7a ostensiva de profissionais, promovendo mais tranquilidade para moradores e visitantes. O equipamento j\u00e1 se encontra em fase de constru\u00e7\u00e3o.<br \/>&#13;<br \/>\n\u00a0<\/p>\n<p>Os investimentos fazem parte do programa S\u00e3o Vicente de Cara Nova, que busca, por meio da cria\u00e7\u00e3o de novos pontos tur\u00edsticos e da recupera\u00e7\u00e3o de patrim\u00f4nios hist\u00f3ricos, ocupar os espa\u00e7os p\u00fablicos com lazer, conviv\u00eancia e seguran\u00e7a, fomentando a gera\u00e7\u00e3o de emprego e renda.<br \/>&#13;<br \/>\n\u00a0<\/p>\n<p>&#8220;A Cidade passa por uma grande transforma\u00e7\u00e3o. Ao caminhar pelo Gonzaguinha e pelo Itarar\u00e9, \u00e9 poss\u00edvel perceber como as entregas se conectam. Queremos uma cidade cada vez mais viva, ocupada por fam\u00edlias, crian\u00e7as e pessoas do bem. O vicentino volta a ter orgulho de morar aqui, e o turista passa a criar grandes mem\u00f3rias em S\u00e3o Vicente&#8221;, ressaltou o prefeito Kayo Amado.<br \/>&#13;<br \/>\n\u00a0<\/p>\n<p><strong>Investimentos<\/strong><\/p>\n<p>O programa S\u00e3o Vicente de Cara Nova re\u00fane investimentos estrat\u00e9gicos em turismo, lazer, esporte, com\u00e9rcio e cultura no eixo centro-praia. A iniciativa j\u00e1 consolidou entregas como a Nova Orla do Gonzaguinha, os p\u00ederes dos Apaixonados e do Pel\u00e9, a Fonte das Crian\u00e7as, a Pra\u00e7a da B\u00edblia, no Parque da Juventude, e a Academia do Itarar\u00e9.<br \/>&#13;<br \/>\n\u00a0<\/p>\n<p>Al\u00e9m disso, o centro comercial tornou-se mais atrativo com a implanta\u00e7\u00e3o do Boulevard Martim Afonso e novas coberturas anexas aos estabelecimentos.<br \/>&#13;<br \/>\n\u00a0<\/p>\n<p>Paralelamente, o Munic\u00edpio avan\u00e7a na reurbaniza\u00e7\u00e3o da Pra\u00e7a da Biquinha \u2014 que ter\u00e1 sua ess\u00eancia hist\u00f3rica resgatada com alus\u00f5es \u00e0 mem\u00f3ria local e aos tradicionais doces \u2014, do Deck dos Pescadores e na constru\u00e7\u00e3o da Nova Rodovi\u00e1ria, situada na Pra\u00e7a Bernardino de Campos.<\/p>\n<\/p><\/div>\n<p><script async defer crossorigin=\"anonymous\" src=\"https:\/\/connect.facebook.net\/pt_BR\/sdk.js#xfbml=1&#038;version=v12.0&#038;appId=&#038;autoLogAppEvents=1\" nonce=\"ou0fI1lo\"><\/script><br \/>\n<br \/><br \/>\n<br \/>Fonte: <a href=\"https:\/\/www.bs9.com.br\/litoral\/pacote-de-investimentos-no-itarare-conecta-turismo-e-seguranca\/37511\/\">BS9<\/a><\/p>\n","protected":false},"excerpt":{"rendered":"<p>S\u00e3o Vicente vive um processo de transforma\u00e7\u00e3o urbana que reposiciona patrim\u00f4nios culturais e tur\u00edsticos antes pouco explorados. Na regi\u00e3o que conecta a Praia do Itarar\u00e9 \u00e0 Ilha Porchat, espa\u00e7os simb\u00f3licos passam a ganhar nova vida, fortalecendo o turismo, a seguran\u00e7a e o orgulho de quem vive e visita a Cidade.&#13; \u00a0 O pacote de investimentos [&hellip;]<\/p>\n","protected":false},"author":5,"featured_media":61509,"comment_status":"open","ping_status":"open","sticky":false,"template":"","format":"standard","meta":{"_seopress_robots_primary_cat":"","_seopress_titles_title":"","_seopress_titles_desc":"","_seopress_robots_index":"","footnotes":""},"categories":[52],"tags":[],"class_list":["post-61508","post","type-post","status-publish","format-standard","has-post-thumbnail","hentry","category-santoseregiao"],"_links":{"self":[{"href":"https:\/\/mussicom.com\/noticias\/wp-json\/wp\/v2\/posts\/61508","targetHints":{"allow":["GET"]}}],"collection":[{"href":"https:\/\/mussicom.com\/noticias\/wp-json\/wp\/v2\/posts"}],"about":[{"href":"https:\/\/mussicom.com\/noticias\/wp-json\/wp\/v2\/types\/post"}],"author":[{"embeddable":true,"href":"https:\/\/mussicom.com\/noticias\/wp-json\/wp\/v2\/users\/5"}],"replies":[{"embeddable":true,"href":"https:\/\/mussicom.com\/noticias\/wp-json\/wp\/v2\/comments?post=61508"}],"version-history":[{"count":0,"href":"https:\/\/mussicom.com\/noticias\/wp-json\/wp\/v2\/posts\/61508\/revisions"}],"wp:featuredmedia":[{"embeddable":true,"href":"https:\/\/mussicom.com\/noticias\/wp-json\/wp\/v2\/media\/61509"}],"wp:attachment":[{"href":"https:\/\/mussicom.com\/noticias\/wp-json\/wp\/v2\/media?parent=61508"}],"wp:term":[{"taxonomy":"category","embeddable":true,"href":"https:\/\/mussicom.com\/noticias\/wp-json\/wp\/v2\/categories?post=61508"},{"taxonomy":"post_tag","embeddable":true,"href":"https:\/\/mussicom.com\/noticias\/wp-json\/wp\/v2\/tags?post=61508"}],"curies":[{"name":"wp","href":"https:\/\/api.w.org\/{rel}","templated":true}]}}