{"id":61502,"date":"2026-02-05T14:45:22","date_gmt":"2026-02-05T17:45:22","guid":{"rendered":"https:\/\/mussicom.com\/fachin-atribui-a-questoes-de-agenda-cancelamento-de-almoco-com-ministros\/"},"modified":"2026-02-05T14:45:22","modified_gmt":"2026-02-05T17:45:22","slug":"fachin-atribui-a-questoes-de-agenda-cancelamento-de-almoco-com-ministros","status":"publish","type":"post","link":"https:\/\/mussicom.com\/noticias\/fachin-atribui-a-questoes-de-agenda-cancelamento-de-almoco-com-ministros\/","title":{"rendered":"Fachin atribui a \u201cquest\u00f5es de agenda\u201d cancelamento de almo\u00e7o com ministros"},"content":{"rendered":"<p> <br \/>\n<\/p>\n<div id=\"tp-post-content\">\n<p class=\"postParagraph_post-paragraph__juWZN postParagraph_post-paragraph-innerHtml__Q5vwc\">O presidente do Supremo Tribunal Federal (STF), Edson Fachin, atribuiu a \u201cquest\u00f5es de agenda\u201d o cancelamento de um almo\u00e7o que teria com ministros da Corte sobre a cria\u00e7\u00e3o de um c\u00f3digo de \u00e9tica espec\u00edfico para os magistrados. O encontro ocorreria no dia 12 e foi desmarcado na manh\u00e3 de quarta (4) e confirmado \u00e0<strong> Gazeta do Povo<\/strong> nesta quinta (5).<\/p>\n<p class=\"postParagraph_post-paragraph__juWZN postParagraph_post-paragraph-innerHtml__Q5vwc\">O almo\u00e7o teria car\u00e1ter institucional, segundo a Corte, e foi cancelado horas antes dos ministros Alexandre de Moraes e Dias Toffoli se posicionarem publicamente contr\u00e1rios ao c\u00f3digo. A norma foi defendida por Fachin no come\u00e7o desta semana, inclusive com a escolha de C\u00e1rmen L\u00facia para a relatoria.<\/p>\n<p class=\"postParagraph_post-paragraph__juWZN postParagraph_post-paragraph-innerHtml__Q5vwc\">\u201cPor quest\u00f5es de agenda, o ministro Fachin informou ontem [quarta] pela manh\u00e3 que o almo\u00e7o seria adiado e remarcado para depois do carnaval\u201d, afirmou o STF em nota \u00e0 reportagem.<\/p>\n<div class=\"postViewMore_post-view-more-container___5wai\" data-mrf-recirculation=\"Post - Veja tamb\u00e9m\">\n<p class=\"gp-styles-module-size-small-afeYRa gp-styles-module-font-family2-afeYRa gp-styles-module-color-secondary-afeYRa gp-styles-module-weight-bold-afeYRa\">VEJA TAMB\u00c9M:<\/p>\n<ul class=\"postViewMore_post-view-more-list__CU_CE\">\n<li class=\"postViewMore_post-view-more-item__2MzRb\">\n<div class=\"postViewMore_post-view-more-image__5gUSe\"><picture class=\"imageDefault_image-container__XGd8_\"><\/picture><\/div>\n<p>Racha no STF: Moraes se op\u00f5e \u00e0 proposta de c\u00f3digo de \u00e9tica<\/li>\n<\/ul>\n<\/div>\n<p class=\"postParagraph_post-paragraph__juWZN postParagraph_post-paragraph-innerHtml__Q5vwc\">Na sess\u00e3o de quarta (4) no plen\u00e1rio da Corte, Moraes defendeu a validade das normas do Conselho Nacional de Justi\u00e7a (CNJ) e afirmou que os ju\u00edzes j\u00e1 est\u00e3o submetidos a um conjunto rigoroso de restri\u00e7\u00f5es constitucionais e legais. Para ele, o conselho n\u00e3o criou novas proibi\u00e7\u00f5es, mas apenas deu seguran\u00e7a jur\u00eddica a deveres j\u00e1 previstos na Constitui\u00e7\u00e3o e na Lei Org\u00e2nica da Magistratura.<\/p>\n<p class=\"postParagraph_post-paragraph__juWZN postParagraph_post-paragraph-innerHtml__Q5vwc\">\u201cN\u00e3o h\u00e1 nenhuma carreira p\u00fablica com tantas veda\u00e7\u00f5es quanto a magistratura\u201d, afirmou Moraes ao rebater cr\u00edticas \u00e0s regras do CNJ.<\/p>\n<p class=\"postParagraph_post-paragraph__juWZN postParagraph_post-paragraph-innerHtml__Q5vwc\">Moraes tamb\u00e9m reagiu ao que chamou de \u201cdemoniza\u00e7\u00e3o das palestras\u201d feitas por ministros e contestou reportagens sobre supostos privil\u00e9gios da magistratura. Defendeu ainda que ju\u00edzes possam ser acionistas de empresas, desde que n\u00e3o exer\u00e7am cargos de dire\u00e7\u00e3o, posi\u00e7\u00e3o interpretada por integrantes da Corte como uma antecipa\u00e7\u00e3o do debate sobre o futuro c\u00f3digo de \u00e9tica.<\/p>\n<p class=\"postParagraph_post-paragraph__juWZN postParagraph_post-paragraph-innerHtml__Q5vwc\">Na mesma sess\u00e3o, o ministro Dias Toffoli afirmou que magistrados n\u00e3o t\u00eam liberdade para expressar opini\u00f5es pol\u00edticas e defendeu uma postura de \u201cautoconten\u00e7\u00e3o\u201d. Questionado por sua atua\u00e7\u00e3o na relatoria do caso do banco Master, em que imp\u00f4s um sigilo absoluto aos autos e decis\u00f5es fora do considerado de praxe para as investiga\u00e7\u00f5es, o magistrado concordou com Moraes ao dizer que ju\u00edzes podem ser propriet\u00e1rios de empresas ou fazendas, desde que respeitem as veda\u00e7\u00f5es legais.<\/p>\n<p class=\"postParagraph_post-paragraph__juWZN postParagraph_post-paragraph-innerHtml__Q5vwc\">Tamb\u00e9m na quarta (4), a OAB Nacional encaminhou ao STF um of\u00edcio com diretrizes para a elabora\u00e7\u00e3o de um C\u00f3digo de \u00c9tica voltado aos ministros da Corte, aumentando a press\u00e3o sobre os magistrados.<\/p>\n<p class=\"postParagraph_post-paragraph__juWZN postParagraph_post-paragraph-innerHtml__Q5vwc\">O documento, elaborado com a participa\u00e7\u00e3o de todos os 27 presidentes de seccionais da Ordem, tem como objetivo orientar a futura norma para fortalecer a integridade e a transpar\u00eancia do STF, \u201csem criar restri\u00e7\u00f5es indevidas \u00e0s garantias constitucionais ou comprometer o exerc\u00edcio da advocacia\u201d.<\/p>\n<\/div>\n<p><br \/>\n<br \/>Fonte: <a href=\"https:\/\/www.gazetadopovo.com.br\/republica\/fachin-questoes-agenda-cancelamento-almoco-ministros\/\">Revista Oeste<\/a><\/p>\n","protected":false},"excerpt":{"rendered":"<p>O presidente do Supremo Tribunal Federal (STF), Edson Fachin, atribuiu a \u201cquest\u00f5es de agenda\u201d o cancelamento de um almo\u00e7o que teria com ministros da Corte sobre a cria\u00e7\u00e3o de um c\u00f3digo de \u00e9tica espec\u00edfico para os magistrados. O encontro ocorreria no dia 12 e foi desmarcado na manh\u00e3 de quarta (4) e confirmado \u00e0 Gazeta [&hellip;]<\/p>\n","protected":false},"author":5,"featured_media":61503,"comment_status":"open","ping_status":"open","sticky":false,"template":"","format":"standard","meta":{"_seopress_robots_primary_cat":"","_seopress_titles_title":"","_seopress_titles_desc":"","_seopress_robots_index":"","footnotes":""},"categories":[1],"tags":[],"class_list":["post-61502","post","type-post","status-publish","format-standard","has-post-thumbnail","hentry","category-ultimas-noticias"],"_links":{"self":[{"href":"https:\/\/mussicom.com\/noticias\/wp-json\/wp\/v2\/posts\/61502","targetHints":{"allow":["GET"]}}],"collection":[{"href":"https:\/\/mussicom.com\/noticias\/wp-json\/wp\/v2\/posts"}],"about":[{"href":"https:\/\/mussicom.com\/noticias\/wp-json\/wp\/v2\/types\/post"}],"author":[{"embeddable":true,"href":"https:\/\/mussicom.com\/noticias\/wp-json\/wp\/v2\/users\/5"}],"replies":[{"embeddable":true,"href":"https:\/\/mussicom.com\/noticias\/wp-json\/wp\/v2\/comments?post=61502"}],"version-history":[{"count":0,"href":"https:\/\/mussicom.com\/noticias\/wp-json\/wp\/v2\/posts\/61502\/revisions"}],"wp:featuredmedia":[{"embeddable":true,"href":"https:\/\/mussicom.com\/noticias\/wp-json\/wp\/v2\/media\/61503"}],"wp:attachment":[{"href":"https:\/\/mussicom.com\/noticias\/wp-json\/wp\/v2\/media?parent=61502"}],"wp:term":[{"taxonomy":"category","embeddable":true,"href":"https:\/\/mussicom.com\/noticias\/wp-json\/wp\/v2\/categories?post=61502"},{"taxonomy":"post_tag","embeddable":true,"href":"https:\/\/mussicom.com\/noticias\/wp-json\/wp\/v2\/tags?post=61502"}],"curies":[{"name":"wp","href":"https:\/\/api.w.org\/{rel}","templated":true}]}}