{"id":61475,"date":"2026-02-05T12:37:37","date_gmt":"2026-02-05T15:37:37","guid":{"rendered":"https:\/\/mussicom.com\/chuvas-ultrapassam-100-mm-e-baixada-entra-em-estado-de-atencao\/"},"modified":"2026-02-05T12:37:37","modified_gmt":"2026-02-05T15:37:37","slug":"chuvas-ultrapassam-100-mm-e-baixada-entra-em-estado-de-atencao","status":"publish","type":"post","link":"https:\/\/mussicom.com\/noticias\/chuvas-ultrapassam-100-mm-e-baixada-entra-em-estado-de-atencao\/","title":{"rendered":"Chuvas ultrapassam 100 mm e Baixada entra em Estado de Aten\u00e7\u00e3o"},"content":{"rendered":"<p> <br \/>\n<\/p>\n<div>\n<p>As chuvas que atingem a Baixada Santista desde a madrugada desta quinta-feira (5) est\u00e3o mobilizando as prefeituras. A regi\u00e3o sofreu com diversos pontos de alagamento, o que resultou em tr\u00e2nsito travado de nenhuma mobilidade. Ao menos por enquanto n\u00e3o houve ocorr\u00eancias graves.<\/p>\n<p><img alt=\"\" fetchpriority=\"high\" decoding=\"async\" class=\"size-full wp-image-261052 aligncenter\" src=\"https:\/\/jornaldaorla.com.br\/wp-content\/uploads\/2026\/02\/ALAGAMENTO-HOSPITAL-SANTO-AMARO-GUARUJA-0502.png\" alt=\"\" width=\"333\" height=\"379\" srcset=\"https:\/\/jornaldaorla.com.br\/wp-content\/uploads\/2026\/02\/ALAGAMENTO-HOSPITAL-SANTO-AMARO-GUARUJA-0502.png 333w, https:\/\/jornaldaorla.com.br\/wp-content\/uploads\/2026\/02\/ALAGAMENTO-HOSPITAL-SANTO-AMARO-GUARUJA-0502-264x300.png 264w\" sizes=\"(max-width: 333px) 100vw, 333px\" data-eio=\"l\"\/><\/p>\n<p>O prefeito de Guaruj\u00e1, Farid Madi (Podemos), acionou a equipe de contingenciamento da Defesa Civil para permanecer em alerta, al\u00e9m da convoca\u00e7\u00e3o de todas as secretarias municipais para estarem de prontid\u00e3o. Em 24 horas foi registrado um acumulado de 122 mm, 108 mm nas \u00faltimas tr\u00eas horas e, em 72h, um volume de 106,7 mm. A Cidade apresenta v\u00e1rios pontos de alagamentos, dificultando o tr\u00e2nsito de ve\u00edculos. O Munic\u00edpio encontra-se em estado de aten\u00e7\u00e3o.<\/p>\n<p>A Defesa Civil do Estado enviou na manh\u00e3 desta quinta-feira dois alertas extremos para o Guaruj\u00e1. Segundo o \u00f3rg\u00e3o, nas \u00faltimas 12 horas os acumulados j\u00e1 somam 118mm, volume considerado elevado para a regi\u00e3o.<\/p>\n<p><img alt=\"\" decoding=\"async\" class=\"size-full wp-image-261053 aligncenter lazyload\" alt=\"\" width=\"334\" height=\"334\" src=\"https:\/\/jornaldaorla.com.br\/wp-content\/uploads\/2026\/02\/ALAGAMENTO-AV-CAICARAS-GUARUJA-0502.png\" srcset=\"https:\/\/jornaldaorla.com.br\/wp-content\/uploads\/2026\/02\/ALAGAMENTO-AV-CAICARAS-GUARUJA-0502.png 334w, https:\/\/jornaldaorla.com.br\/wp-content\/uploads\/2026\/02\/ALAGAMENTO-AV-CAICARAS-GUARUJA-0502-300x300.png 300w, https:\/\/jornaldaorla.com.br\/wp-content\/uploads\/2026\/02\/ALAGAMENTO-AV-CAICARAS-GUARUJA-0502-150x150.png 150w\" data-sizes=\"auto\" data-eio-rwidth=\"334\" data-eio-rheight=\"334\"\/><img alt=\"\" decoding=\"async\" class=\"size-full wp-image-261053 aligncenter\" src=\"https:\/\/jornaldaorla.com.br\/wp-content\/uploads\/2026\/02\/ALAGAMENTO-AV-CAICARAS-GUARUJA-0502.png\" alt=\"\" width=\"334\" height=\"334\" srcset=\"https:\/\/jornaldaorla.com.br\/wp-content\/uploads\/2026\/02\/ALAGAMENTO-AV-CAICARAS-GUARUJA-0502.png 334w, https:\/\/jornaldaorla.com.br\/wp-content\/uploads\/2026\/02\/ALAGAMENTO-AV-CAICARAS-GUARUJA-0502-300x300.png 300w, https:\/\/jornaldaorla.com.br\/wp-content\/uploads\/2026\/02\/ALAGAMENTO-AV-CAICARAS-GUARUJA-0502-150x150.png 150w\" sizes=\"(max-width: 334px) 100vw, 334px\" data-eio=\"l\"\/><\/p>\n<p>Houve pontos de alagamento em quase todo o Munic\u00edpio. A entrada do Hospital Santo Amaro foi tomada pela \u00e1gua, bem como a Policl\u00ednica da Vila Edna, a Avenida Helena Maria e ruas da Enseada, Santa Rosa, dentre outros bairros.<\/p>\n<p><img alt=\"\" loading=\"lazy\" decoding=\"async\" class=\"size-full wp-image-261051 aligncenter lazyload\" alt=\"\" width=\"349\" height=\"407\" src=\"https:\/\/jornaldaorla.com.br\/wp-content\/uploads\/2026\/02\/ALAGAMENTO-POLICLINICA-VILA-EDNA-GUARUJA-0502.png\" srcset=\"https:\/\/jornaldaorla.com.br\/wp-content\/uploads\/2026\/02\/ALAGAMENTO-POLICLINICA-VILA-EDNA-GUARUJA-0502.png 349w, https:\/\/jornaldaorla.com.br\/wp-content\/uploads\/2026\/02\/ALAGAMENTO-POLICLINICA-VILA-EDNA-GUARUJA-0502-257x300.png 257w\" data-sizes=\"auto\" data-eio-rwidth=\"349\" data-eio-rheight=\"407\"\/><img alt=\"\" loading=\"lazy\" decoding=\"async\" class=\"size-full wp-image-261051 aligncenter\" src=\"https:\/\/jornaldaorla.com.br\/wp-content\/uploads\/2026\/02\/ALAGAMENTO-POLICLINICA-VILA-EDNA-GUARUJA-0502.png\" alt=\"\" width=\"349\" height=\"407\" srcset=\"https:\/\/jornaldaorla.com.br\/wp-content\/uploads\/2026\/02\/ALAGAMENTO-POLICLINICA-VILA-EDNA-GUARUJA-0502.png 349w, https:\/\/jornaldaorla.com.br\/wp-content\/uploads\/2026\/02\/ALAGAMENTO-POLICLINICA-VILA-EDNA-GUARUJA-0502-257x300.png 257w\" sizes=\"(max-width: 349px) 100vw, 349px\" data-eio=\"l\"\/><\/p>\n<p><img alt=\"\" loading=\"lazy\" decoding=\"async\" class=\"size-full wp-image-261050 aligncenter lazyload\" alt=\"\" width=\"357\" height=\"386\" src=\"https:\/\/jornaldaorla.com.br\/wp-content\/uploads\/2026\/02\/ALAGAMENTO-POLICLINICA-VILA-EDNA-GUARUJA-0502-1.png\" srcset=\"https:\/\/jornaldaorla.com.br\/wp-content\/uploads\/2026\/02\/ALAGAMENTO-POLICLINICA-VILA-EDNA-GUARUJA-0502-1.png 357w, https:\/\/jornaldaorla.com.br\/wp-content\/uploads\/2026\/02\/ALAGAMENTO-POLICLINICA-VILA-EDNA-GUARUJA-0502-1-277x300.png 277w\" data-sizes=\"auto\" data-eio-rwidth=\"357\" data-eio-rheight=\"386\"\/><img alt=\"\" loading=\"lazy\" decoding=\"async\" class=\"size-full wp-image-261050 aligncenter\" src=\"https:\/\/jornaldaorla.com.br\/wp-content\/uploads\/2026\/02\/ALAGAMENTO-POLICLINICA-VILA-EDNA-GUARUJA-0502-1.png\" alt=\"\" width=\"357\" height=\"386\" srcset=\"https:\/\/jornaldaorla.com.br\/wp-content\/uploads\/2026\/02\/ALAGAMENTO-POLICLINICA-VILA-EDNA-GUARUJA-0502-1.png 357w, https:\/\/jornaldaorla.com.br\/wp-content\/uploads\/2026\/02\/ALAGAMENTO-POLICLINICA-VILA-EDNA-GUARUJA-0502-1-277x300.png 277w\" sizes=\"(max-width: 357px) 100vw, 357px\" data-eio=\"l\"\/><\/p>\n<p>Por precau\u00e7\u00e3o, todas as a\u00e7\u00f5es para minimizar os danos que possam ocorrer causados pela chuva, est\u00e3o sendo providenciadas, como o preparo das equipes da Secretaria de Opera\u00e7\u00f5es Urbanas (Seurb) para o uso de maquin\u00e1rios, Secretaria de Sa\u00fade (Sesau), Secretaria de Desenvolvimento e Assist\u00eancia Social (Sedeas) e, principalmente, os agentes da Defesa Civil e Secretaria de Defesa e Conviv\u00eancia Social (Sedecon).<\/p>\n<p>Houve o acionamento da sirene de alerta localizada na Escola Municipal S\u00e9rgio Pereira, pr\u00f3ximo ao Morro da Barreira do Jo\u00e3o Guarda e, preventivamente, os n\u00facleos locais de Defesa Civil orientaram os moradores a deixarem suas resid\u00eancias e permanecerem nos abrigos at\u00e9 cessar o risco de deslizamentos. O acionamento ocorre, muitas vezes, quando a chuva ultrapassa 45 mm a 50 mm em 1 hora.<\/p>\n<p>Al\u00e9m do Morro da Barreira do Jo\u00e3o Guarda, o Morro do Macaco, Morro do Engenho, Morro do Bil e Vila Baiana, s\u00e3o as \u00e1reas que exigem maior aten\u00e7\u00e3o e est\u00e3o sendo monitoradas de perto pelas equipes da Defesa Civil. \u201cEstamos preparando, por precau\u00e7\u00e3o, todas as medidas para mitigar efeitos e, principalmente, proteger a vida dos nossos mun\u00edcipes\u201d, refor\u00e7ou o prefeito.<\/p>\n<p>No Morro da Baiana houve um pequeno deslizamento de terra, em uma \u00e1rea que j\u00e1 havia sido interditada anteriormente pela Defesa Civil, onde n\u00e3o h\u00e1 pessoas residindo, pois as moradias j\u00e1 haviam sido desocupadas preventivamente.<\/p>\n<p>A Prefeitura disponibilizou os seguintes locais de apoio aos moradores: Escola Municipal Catarina de Oliveira Salgado (Av. Veraneio, 1 \u2013 Balne\u00e1rio Guaruj\u00e1, Guaruj\u00e1), Escola Municipal Herbert Henry Dow (Rua Uruguai, 950 \u2013 Balne\u00e1rio Guaruj\u00e1), Escola Municipal S\u00e9rgio Pereira Rodrigues (Av. Atl\u00e2ntica, 1516 \u2013 Balne\u00e1rio Cidade Atl\u00e2ntica), Escola Estadual Paulo Clemente Santini (Rua Mario Malheiros, 1 \u2013 Jardim Praiano) e N.E.I.M. Agripina Alves de Barros (Rua Mario Malheiros, 205 \u2013 Jardim Praiano)<\/p>\n<p><strong>MONGAGU\u00c1<\/strong><\/p>\n<p>A Defesa Civil de Mongagu\u00e1 informou que o volume acumulado \u00e9 de 53,73 mm nas \u00faltimas 24 horas e 80,96 mm nas \u00faltimas 72 horas. Diante da persist\u00eancia das chuvas, elevou o n\u00edvel de monitoramento para Aten\u00e7\u00e3o, como medida preventiva, intensificando o acompanhamento das \u00e1reas mais vulner\u00e1veis. At\u00e9 o momento, foram registradas duas quedas de \u00e1rvores, sendo uma no bairro Fl\u00f3rida Mirim e outra em Agenor de Campos.<\/p>\n<p><img alt=\"\" loading=\"lazy\" decoding=\"async\" class=\"alignnone size-large wp-image-261049 lazyload\" alt=\"\" width=\"1024\" height=\"768\" src=\"https:\/\/jornaldaorla.com.br\/wp-content\/uploads\/2026\/02\/QUEDA-ARVORE-MONGAGUA-1024x768.jpeg\" srcset=\"https:\/\/jornaldaorla.com.br\/wp-content\/uploads\/2026\/02\/QUEDA-ARVORE-MONGAGUA-1024x768.jpeg 1024w, https:\/\/jornaldaorla.com.br\/wp-content\/uploads\/2026\/02\/QUEDA-ARVORE-MONGAGUA-300x225.jpeg 300w, https:\/\/jornaldaorla.com.br\/wp-content\/uploads\/2026\/02\/QUEDA-ARVORE-MONGAGUA-768x576.jpeg 768w, https:\/\/jornaldaorla.com.br\/wp-content\/uploads\/2026\/02\/QUEDA-ARVORE-MONGAGUA-1536x1152.jpeg 1536w, https:\/\/jornaldaorla.com.br\/wp-content\/uploads\/2026\/02\/QUEDA-ARVORE-MONGAGUA.jpeg 1600w\" data-sizes=\"auto\" data-eio-rwidth=\"1024\" data-eio-rheight=\"768\"\/><img alt=\"\" loading=\"lazy\" decoding=\"async\" class=\"alignnone size-large wp-image-261049\" src=\"https:\/\/jornaldaorla.com.br\/wp-content\/uploads\/2026\/02\/QUEDA-ARVORE-MONGAGUA-1024x768.jpeg\" alt=\"\" width=\"1024\" height=\"768\" srcset=\"https:\/\/jornaldaorla.com.br\/wp-content\/uploads\/2026\/02\/QUEDA-ARVORE-MONGAGUA-1024x768.jpeg 1024w, https:\/\/jornaldaorla.com.br\/wp-content\/uploads\/2026\/02\/QUEDA-ARVORE-MONGAGUA-300x225.jpeg 300w, https:\/\/jornaldaorla.com.br\/wp-content\/uploads\/2026\/02\/QUEDA-ARVORE-MONGAGUA-768x576.jpeg 768w, https:\/\/jornaldaorla.com.br\/wp-content\/uploads\/2026\/02\/QUEDA-ARVORE-MONGAGUA-1536x1152.jpeg 1536w, https:\/\/jornaldaorla.com.br\/wp-content\/uploads\/2026\/02\/QUEDA-ARVORE-MONGAGUA.jpeg 1600w\" sizes=\"(max-width: 1024px) 100vw, 1024px\" data-eio=\"l\"\/><\/p>\n<p>Foram identificados pontos de alagamento nos bairros Aguape\u00fa, Vera Stella, Vera Cruz, Atl\u00e2ntica, Itaoca, Agenor de Campos, Jussara, Itagua\u00ed, Barigui, Regina Maria e Fl\u00f3rida Mirim. As equipes da Defesa Civil seguem em campo realizando vistorias, e o levantamento completo ainda est\u00e1 em andamento.<\/p>\n<p>Como medida preventiva, o Po\u00e7o das Antas, o Parque Ecol\u00f3gico e a Escadaria da Santa permanecem temporariamente fechados por seguran\u00e7a. N\u00e3o h\u00e1 registro de desabrigados, mas, em caso de necessidade, o abrigo municipal poder\u00e1 ser reaberto.<\/p>\n<p><strong>CUBAT\u00c3O<\/strong><\/p>\n<p>De acordo com informa\u00e7\u00f5es da Coordenadoria Municipal de Prote\u00e7\u00e3o e Defesa Civil de Cubat\u00e3o (COMPDEC), foram registrados pontos de alagamento na Vila S\u00e3o Jos\u00e9, atingindo poucas resid\u00eancias nas \u00e1reas mais antigas do bairro, sem ocorr\u00eancias com v\u00edtimas. N\u00e3o houve registro de ocorr\u00eancias em outros bairros do munic\u00edpio. O acumulado de chuva nas \u00faltimas 24 horas, at\u00e9 \u00e0s 9h30, foi de 15,4 mm na \u00e1rea central e 27 mm nas \u00e1reas de encosta. A Prefeitura refor\u00e7a que, em caso de emerg\u00eancias em \u00e1reas de encostas e bairros com enchentes, recomenda-se acionar imediatamente a Defesa Civil pelo telefone 199 (dispon\u00edvel 24 horas para casos de sinistros e emerg\u00eancias) ou o Corpo de Bombeiros, pelo telefone 193.<\/p>\n<p><strong>BERTIOGA<\/strong><\/p>\n<p>A Defesa Civil de Bertioga informou que, nas \u00faltimas 24 horas. foram registrados nos pluvi\u00f4metros instalados no munic\u00edpio o volume m\u00e9dio de 4,14 mm de chuva. De acordo com o monitoramento realizado pelas equipes, n\u00e3o houve registro de ocorr\u00eancias relacionadas \u00e0s condi\u00e7\u00f5es clim\u00e1ticas no per\u00edodo. A Defesa Civil segue realizando o acompanhamento constante das condi\u00e7\u00f5es do tempo e refor\u00e7a que, em caso de necessidade, a popula\u00e7\u00e3o pode acionar o \u00f3rg\u00e3o pelos canais oficiais de atendimento pelo 199<\/p>\n<\/div>\n<p><br \/>\n<br \/>Fonte: <a href=\"https:\/\/jornaldaorla.com.br\/noticias\/chuvas-ultrapassam-100-mm-e-baixada-entra-em-estado-de-atencao\/\">Jornal Da Orla<\/a><\/p>\n","protected":false},"excerpt":{"rendered":"<p>As chuvas que atingem a Baixada Santista desde a madrugada desta quinta-feira (5) est\u00e3o mobilizando as prefeituras. A regi\u00e3o sofreu com diversos pontos de alagamento, o que resultou em tr\u00e2nsito travado de nenhuma mobilidade. Ao menos por enquanto n\u00e3o houve ocorr\u00eancias graves. O prefeito de Guaruj\u00e1, Farid Madi (Podemos), acionou a equipe de contingenciamento da [&hellip;]<\/p>\n","protected":false},"author":5,"featured_media":61476,"comment_status":"open","ping_status":"open","sticky":false,"template":"","format":"standard","meta":{"_seopress_robots_primary_cat":"","_seopress_titles_title":"","_seopress_titles_desc":"","_seopress_robots_index":"","footnotes":""},"categories":[52],"tags":[],"class_list":["post-61475","post","type-post","status-publish","format-standard","has-post-thumbnail","hentry","category-santoseregiao"],"_links":{"self":[{"href":"https:\/\/mussicom.com\/noticias\/wp-json\/wp\/v2\/posts\/61475","targetHints":{"allow":["GET"]}}],"collection":[{"href":"https:\/\/mussicom.com\/noticias\/wp-json\/wp\/v2\/posts"}],"about":[{"href":"https:\/\/mussicom.com\/noticias\/wp-json\/wp\/v2\/types\/post"}],"author":[{"embeddable":true,"href":"https:\/\/mussicom.com\/noticias\/wp-json\/wp\/v2\/users\/5"}],"replies":[{"embeddable":true,"href":"https:\/\/mussicom.com\/noticias\/wp-json\/wp\/v2\/comments?post=61475"}],"version-history":[{"count":0,"href":"https:\/\/mussicom.com\/noticias\/wp-json\/wp\/v2\/posts\/61475\/revisions"}],"wp:featuredmedia":[{"embeddable":true,"href":"https:\/\/mussicom.com\/noticias\/wp-json\/wp\/v2\/media\/61476"}],"wp:attachment":[{"href":"https:\/\/mussicom.com\/noticias\/wp-json\/wp\/v2\/media?parent=61475"}],"wp:term":[{"taxonomy":"category","embeddable":true,"href":"https:\/\/mussicom.com\/noticias\/wp-json\/wp\/v2\/categories?post=61475"},{"taxonomy":"post_tag","embeddable":true,"href":"https:\/\/mussicom.com\/noticias\/wp-json\/wp\/v2\/tags?post=61475"}],"curies":[{"name":"wp","href":"https:\/\/api.w.org\/{rel}","templated":true}]}}