{"id":61462,"date":"2026-02-05T11:34:31","date_gmt":"2026-02-05T14:34:31","guid":{"rendered":"https:\/\/mussicom.com\/ceo-da-ligga-rebate-critica-de-conducao-desastrosa-do-negocio\/"},"modified":"2026-02-05T11:34:31","modified_gmt":"2026-02-05T14:34:31","slug":"ceo-da-ligga-rebate-critica-de-conducao-desastrosa-do-negocio","status":"publish","type":"post","link":"https:\/\/mussicom.com\/noticias\/ceo-da-ligga-rebate-critica-de-conducao-desastrosa-do-negocio\/","title":{"rendered":"CEO da Ligga rebate cr\u00edtica de &#8220;condu\u00e7\u00e3o desastrosa&#8221; do neg\u00f3cio"},"content":{"rendered":"<p> <br \/>\n<\/p>\n<div id=\"tp-post-content\">\n<p class=\"postParagraph_post-paragraph__juWZN postParagraph_post-paragraph-innerHtml__Q5vwc\">A CEO da Ligga Telecom, Rosangela Miqueletti Martins de Oliveira, divulgou nota nesta quinta-feira (5) na qual afirma que a empresa atua \u201cconforme seu planejamento estrat\u00e9gico, com opera\u00e7\u00e3o regular, em linha com a legisla\u00e7\u00e3o aplic\u00e1vel e com os contratos firmados e seguindo as melhores pr\u00e1ticas de governan\u00e7a corporativa\u201d.<\/p>\n<p class=\"postParagraph_post-paragraph__juWZN postParagraph_post-paragraph-innerHtml__Q5vwc\">A publica\u00e7\u00e3o ocorre ap\u00f3s o s\u00f3cio minorit\u00e1rio da companhia, Agnaldo Bastos Lopes, apontar \u201cfatos graves\u201d e \u201cdesastrosa condu\u00e7\u00e3o\u201d do neg\u00f3cio em uma notifica\u00e7\u00e3o extrajudicial endere\u00e7ada \u00e0 Ligga e \u00e0 sua controladora, BP Participa\u00e7\u00f5es S.A., do empres\u00e1rio Nelson Tanure.<\/p>\n<div class=\"postViewMore_post-view-more-container___5wai\" data-mrf-recirculation=\"Post - Veja tamb\u00e9m\">\n<p class=\"gp-styles-module-size-small-afeYRa gp-styles-module-font-family2-afeYRa gp-styles-module-color-secondary-afeYRa gp-styles-module-weight-bold-afeYRa\">VEJA TAMB\u00c9M:<\/p>\n<ul class=\"postViewMore_post-view-more-list__CU_CE\">\n<li class=\"postViewMore_post-view-more-item__2MzRb\"><span class=\"postViewMore_post-view-more-link-icon___stPC\"><svg xmlns=\"http:\/\/www.w3.org\/2000\/svg\" width=\"16\" height=\"16\" viewbox=\"0 0 16 16\"><rect width=\"16\" height=\"16\" fill=\"none\"\/><g transform=\"translate(3 3)\"><path d=\"M22.5,15l3.4,3.4-3.4,3.4\" transform=\"translate(-15.896 -11.793)\" fill=\"none\" stroke=\"#717171\" stroke-linecap=\"round\" stroke-width=\"1.4\"\/><path d=\"M6,6v4.2a2.452,2.452,0,0,0,2.5,2.4H16\" transform=\"translate(-6 -6)\" fill=\"none\" stroke=\"#717171\" stroke-linecap=\"round\" stroke-width=\"1.4\"\/><\/g><\/svg><\/span><span class=\"postViewMore_post-view-more-link-text__hO_kM\">Sob Tanure, Ligga aplicou dinheiro do caixa no Master e foi rebaixada por ag\u00eancia de risco<\/span><\/li>\n<\/ul>\n<\/div>\n<p class=\"postParagraph_post-paragraph__juWZN postParagraph_post-paragraph-innerHtml__Q5vwc\">No documento, Lopes, que det\u00e9m 4,13% das a\u00e7\u00f5es da operadora (por meio da SR22 Administradora de Bens e Participa\u00e7\u00f5es Societ\u00e1rias) afirma haver ind\u00edcios de que recursos levantados por meio de uma emiss\u00e3o de deb\u00eantures incentivadas n\u00e3o foram investidos em infraestrutura, finalidade que justificaria o benef\u00edcio fiscal associado a esse tipo de t\u00edtulo.<\/p>\n<p class=\"postParagraph_post-paragraph__juWZN postParagraph_post-paragraph-innerHtml__Q5vwc\">Al\u00e9m disso, R$ 400 milh\u00f5es do caixa teriam sido alocados em aplica\u00e7\u00f5es do Banco Master, que hoje seriam irrecuper\u00e1veis em raz\u00e3o da liquida\u00e7\u00e3o da institui\u00e7\u00e3o financeira pelo Banco Central (BC).<\/p>\n<p class=\"postParagraph_post-paragraph__juWZN postParagraph_post-paragraph-innerHtml__Q5vwc\">Segundo uma linha de investiga\u00e7\u00e3o da Pol\u00edcia Federal (PF), Tanure poderia ser um \u201cs\u00f3cio oculto\u201d do Banco Master, \u201cexercendo influ\u00eancia por meio de fundos e estruturas societ\u00e1rias complexas\u201d. O empres\u00e1rio nega. No dia 14 de janeiro, ele foi alvo da Opera\u00e7\u00e3o Compliance Zero e teve seu celular apreendido.<\/p>\n<div class=\"postViewMore_post-view-more-container___5wai\" data-mrf-recirculation=\"Post - Veja tamb\u00e9m\">\n<p class=\"gp-styles-module-size-small-afeYRa gp-styles-module-font-family2-afeYRa gp-styles-module-color-secondary-afeYRa gp-styles-module-weight-bold-afeYRa\">VEJA TAMB\u00c9M:<\/p>\n<ul class=\"postViewMore_post-view-more-list__CU_CE\">\n<li class=\"postViewMore_post-view-more-item__2MzRb\"><span class=\"postViewMore_post-view-more-link-icon___stPC\"><svg xmlns=\"http:\/\/www.w3.org\/2000\/svg\" width=\"16\" height=\"16\" viewbox=\"0 0 16 16\"><rect width=\"16\" height=\"16\" fill=\"none\"\/><g transform=\"translate(3 3)\"><path d=\"M22.5,15l3.4,3.4-3.4,3.4\" transform=\"translate(-15.896 -11.793)\" fill=\"none\" stroke=\"#717171\" stroke-linecap=\"round\" stroke-width=\"1.4\"\/><path d=\"M6,6v4.2a2.452,2.452,0,0,0,2.5,2.4H16\" transform=\"translate(-6 -6)\" fill=\"none\" stroke=\"#717171\" stroke-linecap=\"round\" stroke-width=\"1.4\"\/><\/g><\/svg><\/span><span class=\"postViewMore_post-view-more-link-text__hO_kM\">S\u00f3cio minorit\u00e1rio aponta \u201cfatos graves\u201d na condu\u00e7\u00e3o da Ligga Telecom por Nelson Tanure<\/span><\/li>\n<\/ul>\n<\/div>\n<h2 class=\"postParagraph_post-paragraph__juWZN postParagraph_post-paragraph-innerHtml__Q5vwc postParagraph_type-tag-h2__TtFkT\">CEO da Ligga diz que empresa vive &#8220;um de seus melhores momentos&#8221;<\/h2>\n<p class=\"postParagraph_post-paragraph__juWZN postParagraph_post-paragraph-innerHtml__Q5vwc\">No comunicado publicado nesta quinta, Rosangela diz que as informa\u00e7\u00f5es da companhia s\u00e3o p\u00fablicas, acompanhadas por auditorias independentes e supervisionadas pelos \u00f3rg\u00e3os reguladores competentes.<\/p>\n<p class=\"postParagraph_post-paragraph__juWZN postParagraph_post-paragraph-innerHtml__Q5vwc\">\u201cLamento que, em determinados momentos, discuss\u00f5es de natureza particular acabem desviando a aten\u00e7\u00e3o do que \u00e9 essencial: a preserva\u00e7\u00e3o do valor da companhia, a continuidade de nossas opera\u00e7\u00f5es e o cumprimento de nossos compromissos com clientes, parceiros, colaboradores e reguladores\u201d, diz a CEO da Ligga.<\/p>\n<p class=\"postParagraph_post-paragraph__juWZN postParagraph_post-paragraph-innerHtml__Q5vwc\">A executiva assumiu a presid\u00eancia da companhia em novembro de 2024, substituindo Wendell de Oliveira.<\/p>\n<p class=\"postParagraph_post-paragraph__juWZN postParagraph_post-paragraph-innerHtml__Q5vwc\">Ainda de acordo com Rosangela, a empresa vive um de seus melhores momentos, com avan\u00e7o das opera\u00e7\u00f5es, amplia\u00e7\u00e3o da base de clientes e evolu\u00e7\u00e3o de solu\u00e7\u00f5es e produtos.<\/p>\n<p class=\"postParagraph_post-paragraph__juWZN postParagraph_post-paragraph-innerHtml__Q5vwc\">\u201cA Ligga atua com pioneirismo na populariza\u00e7\u00e3o da fibra \u00f3ptica no Estado do Paran\u00e1 desde que adquiriu a Copel Telecom no leil\u00e3o de 2021 e segue prestando servi\u00e7os de excel\u00eancia aos setores p\u00fablico e privado e aos consumidores residenciais\u201d, afirma.<\/p>\n<p class=\"postParagraph_post-paragraph__juWZN postParagraph_post-paragraph-innerHtml__Q5vwc\">A empresa mant\u00e9m tratativas \u201cde car\u00e1ter explorat\u00f3rio e n\u00e3o vinculante\u201d para a venda da opera\u00e7\u00e3o \u00e0 operadora Brasil Tecpar, segundo ambas as partes, mas a SR22, na condi\u00e7\u00e3o de acionista minorit\u00e1ria, afirma n\u00e3o ter recebido informa\u00e7\u00f5es adequadas sobre as negocia\u00e7\u00f5es.<\/p>\n<\/div>\n<p><br \/>\n<br \/>Fonte: <a href=\"https:\/\/www.gazetadopovo.com.br\/economia\/ceo-ligga-rosangela-miqueletti-nelson-tanure-master\/\">Gazeta do Povo<\/a><\/p>\n","protected":false},"excerpt":{"rendered":"<p>A CEO da Ligga Telecom, Rosangela Miqueletti Martins de Oliveira, divulgou nota nesta quinta-feira (5) na qual afirma que a empresa atua \u201cconforme seu planejamento estrat\u00e9gico, com opera\u00e7\u00e3o regular, em linha com a legisla\u00e7\u00e3o aplic\u00e1vel e com os contratos firmados e seguindo as melhores pr\u00e1ticas de governan\u00e7a corporativa\u201d. A publica\u00e7\u00e3o ocorre ap\u00f3s o s\u00f3cio minorit\u00e1rio [&hellip;]<\/p>\n","protected":false},"author":5,"featured_media":61463,"comment_status":"open","ping_status":"open","sticky":false,"template":"","format":"standard","meta":{"_seopress_robots_primary_cat":"","_seopress_titles_title":"","_seopress_titles_desc":"","_seopress_robots_index":"","footnotes":""},"categories":[45],"tags":[],"class_list":["post-61462","post","type-post","status-publish","format-standard","has-post-thumbnail","hentry","category-economia"],"_links":{"self":[{"href":"https:\/\/mussicom.com\/noticias\/wp-json\/wp\/v2\/posts\/61462","targetHints":{"allow":["GET"]}}],"collection":[{"href":"https:\/\/mussicom.com\/noticias\/wp-json\/wp\/v2\/posts"}],"about":[{"href":"https:\/\/mussicom.com\/noticias\/wp-json\/wp\/v2\/types\/post"}],"author":[{"embeddable":true,"href":"https:\/\/mussicom.com\/noticias\/wp-json\/wp\/v2\/users\/5"}],"replies":[{"embeddable":true,"href":"https:\/\/mussicom.com\/noticias\/wp-json\/wp\/v2\/comments?post=61462"}],"version-history":[{"count":0,"href":"https:\/\/mussicom.com\/noticias\/wp-json\/wp\/v2\/posts\/61462\/revisions"}],"wp:featuredmedia":[{"embeddable":true,"href":"https:\/\/mussicom.com\/noticias\/wp-json\/wp\/v2\/media\/61463"}],"wp:attachment":[{"href":"https:\/\/mussicom.com\/noticias\/wp-json\/wp\/v2\/media?parent=61462"}],"wp:term":[{"taxonomy":"category","embeddable":true,"href":"https:\/\/mussicom.com\/noticias\/wp-json\/wp\/v2\/categories?post=61462"},{"taxonomy":"post_tag","embeddable":true,"href":"https:\/\/mussicom.com\/noticias\/wp-json\/wp\/v2\/tags?post=61462"}],"curies":[{"name":"wp","href":"https:\/\/api.w.org\/{rel}","templated":true}]}}