{"id":61449,"date":"2026-02-05T09:37:24","date_gmt":"2026-02-05T12:37:24","guid":{"rendered":"https:\/\/mussicom.com\/vojvoda-evita-pressa-e-prega-cautela-em-retorno-de-neymar-no-santos\/"},"modified":"2026-02-05T09:37:24","modified_gmt":"2026-02-05T12:37:24","slug":"vojvoda-evita-pressa-e-prega-cautela-em-retorno-de-neymar-no-santos","status":"publish","type":"post","link":"https:\/\/mussicom.com\/noticias\/vojvoda-evita-pressa-e-prega-cautela-em-retorno-de-neymar-no-santos\/","title":{"rendered":"Vojvoda evita pressa e prega cautela em retorno de Neymar no Santos"},"content":{"rendered":"<p> <br \/>\n<\/p>\n<div>\n<div id=\"attachment_178618\" style=\"width: 990px\" class=\"wp-caption aligncenter\"><img fetchpriority=\"high\" fetchpriority=\"high\" decoding=\"async\" aria-describedby=\"caption-attachment-178618\" class=\"wp-image-178618\" src=\"https:\/\/www.diariodopeixe.com.br\/wp-content\/uploads\/2026\/02\/55079289270_5ef41dbab8_o-300x240.jpeg\" alt=\"Vojvoda evita pressa e prega cautela em retorno de Neymar no Santos\" width=\"980\" height=\"784\" srcset=\"https:\/\/www.diariodopeixe.com.br\/wp-content\/uploads\/2026\/02\/55079289270_5ef41dbab8_o-177x142.jpeg 177w, https:\/\/www.diariodopeixe.com.br\/wp-content\/uploads\/2026\/02\/55079289270_5ef41dbab8_o-200x160.jpeg 200w, https:\/\/www.diariodopeixe.com.br\/wp-content\/uploads\/2026\/02\/55079289270_5ef41dbab8_o-300x240.jpeg 300w, https:\/\/www.diariodopeixe.com.br\/wp-content\/uploads\/2026\/02\/55079289270_5ef41dbab8_o-400x320.jpeg 400w, https:\/\/www.diariodopeixe.com.br\/wp-content\/uploads\/2026\/02\/55079289270_5ef41dbab8_o-600x480.jpeg 600w, https:\/\/www.diariodopeixe.com.br\/wp-content\/uploads\/2026\/02\/55079289270_5ef41dbab8_o-768x614.jpeg 768w, https:\/\/www.diariodopeixe.com.br\/wp-content\/uploads\/2026\/02\/55079289270_5ef41dbab8_o-800x640.jpeg 800w, https:\/\/www.diariodopeixe.com.br\/wp-content\/uploads\/2026\/02\/55079289270_5ef41dbab8_o-1024x819.jpeg 1024w, https:\/\/www.diariodopeixe.com.br\/wp-content\/uploads\/2026\/02\/55079289270_5ef41dbab8_o-1200x960.jpeg 1200w, https:\/\/www.diariodopeixe.com.br\/wp-content\/uploads\/2026\/02\/55079289270_5ef41dbab8_o-1536x1229.jpeg 1536w\" sizes=\"(max-width: 980px) 100vw, 980px\"\/><\/p>\n<p id=\"caption-attachment-178618\" class=\"wp-caption-text\">Neymar acompanhou o cl\u00e1ssico direto da Vila Belmiro (Foto: Raul Baretta \/ Santos FC)<\/p>\n<\/div>\n<p>Ap\u00f3s o empate do <strong>Santos<\/strong> em 1 a 1 com o S\u00e3o Paulo, na noite desta quarta-feira, pela segunda rodada do <strong>Campeonato Brasileiro<\/strong>, o t\u00e9cnico Juan Pablo Vojvoda comentou a situa\u00e7\u00e3o de Neymar, que mais uma vez ficou fora da lista de relacionados. Apesar de o camisa 10 j\u00e1 participar normalmente das atividades com bola junto ao elenco, a comiss\u00e3o t\u00e9cnica optou por n\u00e3o acelerar o retorno do jogador aos gramados.<\/p>\n<p>O treinador explicou que o meia-atacante ainda passa por um processo de adapta\u00e7\u00e3o f\u00edsica e destacou a import\u00e2ncia de respeitar o momento do atleta, principalmente levando em conta os objetivos individuais e coletivos da temporada.<\/p>\n<p>\u201cEle est\u00e1 fazendo um per\u00edodo de adapta\u00e7\u00e3o agora no campo de jogo. Ele j\u00e1 est\u00e1 treinando com o grupo, isso \u00e9 algo que pretendemos, mas um jogador como ele, que se prepara para objetivos importantes, tem que estar bem para voltar. O estafe dele conhece bem ele. Ele est\u00e1 com uma dedica\u00e7\u00e3o plena para, quando pisar no gramado de novo, responder como todos esperam que ele responda. Ele quer a Copa do Mundo. Ele precisa treinar, lutar no um contra um no treino\u2026 \u00c9 um ser humano. N\u00e3o vamos apressar. Eu sou o primeiro que preciso dele, os companheiros tamb\u00e9m, mas queremos ele bem. Ele bem faz uma diferen\u00e7a importante como nenhum outro pode fazer\u201d, afirmou Vojvoda.<\/p>\n<p>Neymar, de 33 anos, se recupera de uma artroscopia no joelho esquerdo, realizada em dezembro de 2025. Desde a reapresenta\u00e7\u00e3o do elenco, em janeiro, o jogador vem avan\u00e7ando gradualmente no processo de transi\u00e7\u00e3o f\u00edsica at\u00e9 voltar a integrar os treinos de forma integral.<\/p>\n<p>O Santos volta a campo no domingo, quando enfrenta o Noroeste, em Bauru, pela s\u00e9tima rodada do Campeonato Paulista. At\u00e9 l\u00e1, Neymar seguir\u00e1 sendo avaliado diariamente pela comiss\u00e3o t\u00e9cnica para saber se ter\u00e1 condi\u00e7\u00f5es de ser relacionado.<\/p>\n<\/p><\/div>\n<p><br \/>\n<br \/>Fonte: <a href=\"https:\/\/www.diariodopeixe.com.br\/noticias\/vojvoda-evita-pressa-e-prega-cautela-em-retorno-de-neymar-no-santos\/\">Di\u00e1rio do Peixe<\/a><\/p>\n","protected":false},"excerpt":{"rendered":"<p>Neymar acompanhou o cl\u00e1ssico direto da Vila Belmiro (Foto: Raul Baretta \/ Santos FC) Ap\u00f3s o empate do Santos em 1 a 1 com o S\u00e3o Paulo, na noite desta quarta-feira, pela segunda rodada do Campeonato Brasileiro, o t\u00e9cnico Juan Pablo Vojvoda comentou a situa\u00e7\u00e3o de Neymar, que mais uma vez ficou fora da lista [&hellip;]<\/p>\n","protected":false},"author":5,"featured_media":61450,"comment_status":"open","ping_status":"open","sticky":false,"template":"","format":"standard","meta":{"_seopress_robots_primary_cat":"","_seopress_titles_title":"","_seopress_titles_desc":"","_seopress_robots_index":"","footnotes":""},"categories":[55],"tags":[],"class_list":["post-61449","post","type-post","status-publish","format-standard","has-post-thumbnail","hentry","category-santos-fc"],"_links":{"self":[{"href":"https:\/\/mussicom.com\/noticias\/wp-json\/wp\/v2\/posts\/61449","targetHints":{"allow":["GET"]}}],"collection":[{"href":"https:\/\/mussicom.com\/noticias\/wp-json\/wp\/v2\/posts"}],"about":[{"href":"https:\/\/mussicom.com\/noticias\/wp-json\/wp\/v2\/types\/post"}],"author":[{"embeddable":true,"href":"https:\/\/mussicom.com\/noticias\/wp-json\/wp\/v2\/users\/5"}],"replies":[{"embeddable":true,"href":"https:\/\/mussicom.com\/noticias\/wp-json\/wp\/v2\/comments?post=61449"}],"version-history":[{"count":0,"href":"https:\/\/mussicom.com\/noticias\/wp-json\/wp\/v2\/posts\/61449\/revisions"}],"wp:featuredmedia":[{"embeddable":true,"href":"https:\/\/mussicom.com\/noticias\/wp-json\/wp\/v2\/media\/61450"}],"wp:attachment":[{"href":"https:\/\/mussicom.com\/noticias\/wp-json\/wp\/v2\/media?parent=61449"}],"wp:term":[{"taxonomy":"category","embeddable":true,"href":"https:\/\/mussicom.com\/noticias\/wp-json\/wp\/v2\/categories?post=61449"},{"taxonomy":"post_tag","embeddable":true,"href":"https:\/\/mussicom.com\/noticias\/wp-json\/wp\/v2\/tags?post=61449"}],"curies":[{"name":"wp","href":"https:\/\/api.w.org\/{rel}","templated":true}]}}