{"id":61388,"date":"2026-02-04T23:21:24","date_gmt":"2026-02-05T02:21:24","guid":{"rendered":"https:\/\/mussicom.com\/lula-recebe-motta-e-lideres-para-jantar-na-granja-do-torto\/"},"modified":"2026-02-04T23:21:24","modified_gmt":"2026-02-05T02:21:24","slug":"lula-recebe-motta-e-lideres-para-jantar-na-granja-do-torto","status":"publish","type":"post","link":"https:\/\/mussicom.com\/noticias\/lula-recebe-motta-e-lideres-para-jantar-na-granja-do-torto\/","title":{"rendered":"Lula recebe Motta e l\u00edderes para jantar na Granja do Torto"},"content":{"rendered":"<p> <br \/>\n<\/p>\n<div id=\"tp-post-content\">\n<p class=\"postParagraph_post-paragraph__juWZN postParagraph_post-paragraph-innerHtml__Q5vwc\">O presidente Luiz In\u00e1cio Lula da Silva (PT) recebeu nesta quarta-feira (4) o presidente da C\u00e2mara, Hugo Motta (Republicanos-PB), e l\u00edderes partid\u00e1rios da base do governo e do Centr\u00e3o para um jantar na Granja do Torto, em Bras\u00edlia.<\/p>\n<p class=\"postParagraph_post-paragraph__juWZN postParagraph_post-paragraph-innerHtml__Q5vwc\">Esse tipo de encontro informal de confraterniza\u00e7\u00e3o na Granja Torto era frequente nos dois primeiros mandatos do petista, mas tinha sido deixado de lado no Lula 3. Lula n\u00e3o teria feito cobran\u00e7as p\u00fablicas a Motta durante o evento.<\/p>\n<p class=\"postParagraph_post-paragraph__juWZN postParagraph_post-paragraph-innerHtml__Q5vwc\">O evento foi organizado pela ministra da Secretaria de Rela\u00e7\u00f5es Institucionais, Gleisi Hoffmann, que deixar\u00e1 a articula\u00e7\u00e3o pol\u00edtica do governo no m\u00eas que vem para disputar uma vaga ao Senado.<\/p>\n<p class=\"postParagraph_post-paragraph__juWZN postParagraph_post-paragraph-innerHtml__Q5vwc\">O atual chefe do Conselho de Desenvolvimento Econ\u00f4mico Social e Sustent\u00e1vel (o \u201cConselh\u00e3o\u201d) e substituto de Gleisi, Olavo Noleto, participou do jantar. Tamb\u00e9m marcaram presen\u00e7a os ministros Fernando Haddad (Fazenda), Alexandre Silveira (Minas e Energia), Sid\u00f4nio Palmeira (Comunica\u00e7\u00e3o) e Rui Costa (Casa Civil).<\/p>\n<p class=\"postParagraph_post-paragraph__juWZN postParagraph_post-paragraph-innerHtml__Q5vwc\">Na segunda (2), o presidente enviou ao congresso as prioridades do governo para este ano. Entre as propostas, est\u00e3o o fim da escala 6&#215;1, a PEC da Seguran\u00e7a P\u00fablica e o acordo entre Mercosul e Uni\u00e3o Europeia.<\/p>\n<p class=\"postParagraph_post-paragraph__juWZN postParagraph_post-paragraph-innerHtml__Q5vwc\">O jantar desta noite faz parte da tentativa de reaproxima\u00e7\u00e3o do Executivo com Legislativo depois de meses de tens\u00e3o institucional.<\/p>\n<\/div>\n<p><br \/>\n<br \/>Fonte: <a href=\"https:\/\/www.gazetadopovo.com.br\/republica\/lula-recebe-motta-e-lideres-da-camara-para-jantar-na-granja-do-torto\/\">Revista Oeste<\/a><\/p>\n","protected":false},"excerpt":{"rendered":"<p>O presidente Luiz In\u00e1cio Lula da Silva (PT) recebeu nesta quarta-feira (4) o presidente da C\u00e2mara, Hugo Motta (Republicanos-PB), e l\u00edderes partid\u00e1rios da base do governo e do Centr\u00e3o para um jantar na Granja do Torto, em Bras\u00edlia. Esse tipo de encontro informal de confraterniza\u00e7\u00e3o na Granja Torto era frequente nos dois primeiros mandatos do [&hellip;]<\/p>\n","protected":false},"author":5,"featured_media":61389,"comment_status":"open","ping_status":"open","sticky":false,"template":"","format":"standard","meta":{"_seopress_robots_primary_cat":"","_seopress_titles_title":"","_seopress_titles_desc":"","_seopress_robots_index":"","footnotes":""},"categories":[1],"tags":[],"class_list":["post-61388","post","type-post","status-publish","format-standard","has-post-thumbnail","hentry","category-ultimas-noticias"],"_links":{"self":[{"href":"https:\/\/mussicom.com\/noticias\/wp-json\/wp\/v2\/posts\/61388","targetHints":{"allow":["GET"]}}],"collection":[{"href":"https:\/\/mussicom.com\/noticias\/wp-json\/wp\/v2\/posts"}],"about":[{"href":"https:\/\/mussicom.com\/noticias\/wp-json\/wp\/v2\/types\/post"}],"author":[{"embeddable":true,"href":"https:\/\/mussicom.com\/noticias\/wp-json\/wp\/v2\/users\/5"}],"replies":[{"embeddable":true,"href":"https:\/\/mussicom.com\/noticias\/wp-json\/wp\/v2\/comments?post=61388"}],"version-history":[{"count":0,"href":"https:\/\/mussicom.com\/noticias\/wp-json\/wp\/v2\/posts\/61388\/revisions"}],"wp:featuredmedia":[{"embeddable":true,"href":"https:\/\/mussicom.com\/noticias\/wp-json\/wp\/v2\/media\/61389"}],"wp:attachment":[{"href":"https:\/\/mussicom.com\/noticias\/wp-json\/wp\/v2\/media?parent=61388"}],"wp:term":[{"taxonomy":"category","embeddable":true,"href":"https:\/\/mussicom.com\/noticias\/wp-json\/wp\/v2\/categories?post=61388"},{"taxonomy":"post_tag","embeddable":true,"href":"https:\/\/mussicom.com\/noticias\/wp-json\/wp\/v2\/tags?post=61388"}],"curies":[{"name":"wp","href":"https:\/\/api.w.org\/{rel}","templated":true}]}}