{"id":61338,"date":"2026-02-04T18:20:21","date_gmt":"2026-02-04T21:20:21","guid":{"rendered":"https:\/\/mussicom.com\/mongagua-e-estado-se-unem-por-combate-a-inundacoes\/"},"modified":"2026-02-04T18:20:21","modified_gmt":"2026-02-04T21:20:21","slug":"mongagua-e-estado-se-unem-por-combate-a-inundacoes","status":"publish","type":"post","link":"https:\/\/mussicom.com\/noticias\/mongagua-e-estado-se-unem-por-combate-a-inundacoes\/","title":{"rendered":"Mongagu\u00e1 e Estado se unem por combate a inunda\u00e7\u00f5es"},"content":{"rendered":"<p> <br \/>\n<\/p>\n<div>\n<p>A Prefeitura de Mongagu\u00e1 e a SP \u00c1guas come\u00e7aram a alinhar projetos estruturais para combate a inunda\u00e7\u00f5es na Cidade. A c\u00fapula t\u00e9cnica do \u00f3rg\u00e3o estadual come\u00e7ou a tra\u00e7ar, em conjunto com a Administra\u00e7\u00e3o Municipal, um plano de a\u00e7\u00e3o voltado ao enfrentamento do problema. A reuni\u00e3o, realizada no Gabinete da Prefeita, teve como foco a defini\u00e7\u00e3o de medidas estruturais e a\u00e7\u00f5es de manuten\u00e7\u00e3o preventiva<\/p>\n<p>Dentre as prioridades discutidas est\u00e3o o desassoreamento de c\u00f3rregos, a limpeza cont\u00ednua de rios e a moderniza\u00e7\u00e3o do sistema de drenagem do munic\u00edpio. Ap\u00f3s a reuni\u00e3o, as equipes t\u00e9cnicas realizaram vistorias de campo nas \u00e1reas mais afetadas pelas inunda\u00e7\u00f5es dos rios Aguape\u00fa e Bichor\u00f3, al\u00e9m do C\u00f3rrego Barranco Alto.<\/p>\n<p>O diagn\u00f3stico t\u00e9cnico apontou que os pontos mais cr\u00edticos est\u00e3o concentrados nas margens do C\u00f3rrego Barranco Alto, no trecho que vai do bairro Jussara ao Fl\u00f3rida Mirim, al\u00e9m das regi\u00f5es pr\u00f3ximas aos rios Aguape\u00fa e Bichor\u00f3, abrangendo os bairros do Aguape\u00fa at\u00e9 a Atl\u00e2ntica, \u00e1reas urbanizadas situadas em regi\u00f5es de v\u00e1rzea e, portanto, naturalmente mais suscet\u00edveis a alagamentos.<\/p>\n<p><strong>PR\u00d3XIMOS PASSOS<\/strong><\/p>\n<p>A proposta \u00e9 ir al\u00e9m dos estudos t\u00e9cnicos e direcionar esfor\u00e7os para interven\u00e7\u00f5es pr\u00e1ticas, com base nos dados levantados em campo. A partir dessas informa\u00e7\u00f5es, o SP \u00c1guas ir\u00e1 elaborar projetos t\u00e9cnicos voltados \u00e0 melhoria do escoamento das \u00e1guas pluviais.<\/p>\n<p>\u00a0<\/p>\n<\/div>\n<p><br \/>\n<br \/>Fonte: <a href=\"https:\/\/jornaldaorla.com.br\/noticias\/mongagua-e-estado-se-unem-por-combate-a-inundacoes\/\">Jornal Da Orla<\/a><\/p>\n","protected":false},"excerpt":{"rendered":"<p>A Prefeitura de Mongagu\u00e1 e a SP \u00c1guas come\u00e7aram a alinhar projetos estruturais para combate a inunda\u00e7\u00f5es na Cidade. A c\u00fapula t\u00e9cnica do \u00f3rg\u00e3o estadual come\u00e7ou a tra\u00e7ar, em conjunto com a Administra\u00e7\u00e3o Municipal, um plano de a\u00e7\u00e3o voltado ao enfrentamento do problema. A reuni\u00e3o, realizada no Gabinete da Prefeita, teve como foco a defini\u00e7\u00e3o [&hellip;]<\/p>\n","protected":false},"author":5,"featured_media":61339,"comment_status":"open","ping_status":"open","sticky":false,"template":"","format":"standard","meta":{"_seopress_robots_primary_cat":"","_seopress_titles_title":"","_seopress_titles_desc":"","_seopress_robots_index":"","footnotes":""},"categories":[52],"tags":[],"class_list":["post-61338","post","type-post","status-publish","format-standard","has-post-thumbnail","hentry","category-santoseregiao"],"_links":{"self":[{"href":"https:\/\/mussicom.com\/noticias\/wp-json\/wp\/v2\/posts\/61338","targetHints":{"allow":["GET"]}}],"collection":[{"href":"https:\/\/mussicom.com\/noticias\/wp-json\/wp\/v2\/posts"}],"about":[{"href":"https:\/\/mussicom.com\/noticias\/wp-json\/wp\/v2\/types\/post"}],"author":[{"embeddable":true,"href":"https:\/\/mussicom.com\/noticias\/wp-json\/wp\/v2\/users\/5"}],"replies":[{"embeddable":true,"href":"https:\/\/mussicom.com\/noticias\/wp-json\/wp\/v2\/comments?post=61338"}],"version-history":[{"count":0,"href":"https:\/\/mussicom.com\/noticias\/wp-json\/wp\/v2\/posts\/61338\/revisions"}],"wp:featuredmedia":[{"embeddable":true,"href":"https:\/\/mussicom.com\/noticias\/wp-json\/wp\/v2\/media\/61339"}],"wp:attachment":[{"href":"https:\/\/mussicom.com\/noticias\/wp-json\/wp\/v2\/media?parent=61338"}],"wp:term":[{"taxonomy":"category","embeddable":true,"href":"https:\/\/mussicom.com\/noticias\/wp-json\/wp\/v2\/categories?post=61338"},{"taxonomy":"post_tag","embeddable":true,"href":"https:\/\/mussicom.com\/noticias\/wp-json\/wp\/v2\/tags?post=61338"}],"curies":[{"name":"wp","href":"https:\/\/api.w.org\/{rel}","templated":true}]}}