{"id":61337,"date":"2026-02-04T18:19:17","date_gmt":"2026-02-04T21:19:17","guid":{"rendered":"https:\/\/mussicom.com\/alex-saab-testa-de-ferro-de-maduro-e-capturado-na-venezuela\/"},"modified":"2026-02-04T18:19:17","modified_gmt":"2026-02-04T21:19:17","slug":"alex-saab-testa-de-ferro-de-maduro-e-capturado-na-venezuela","status":"publish","type":"post","link":"https:\/\/mussicom.com\/noticias\/alex-saab-testa-de-ferro-de-maduro-e-capturado-na-venezuela\/","title":{"rendered":"Alex Saab, testa de ferro de Maduro, \u00e9 capturado na Venezuela"},"content":{"rendered":"<p> <br \/>\n<\/p>\n<div id=\"tp-post-content\">\n<p class=\"postParagraph_post-paragraph__juWZN postParagraph_post-paragraph-innerHtml__Q5vwc\">O ex-ministro do regime venezuelano e empres\u00e1rio colombiano Alex Saab foi preso nesta quarta-feira (4) durante uma opera\u00e7\u00e3o conjunta das autoridades da Venezuela com o FBI, realizada pela madrugada, segundo informa\u00e7\u00f5es confirmadas pela imprensa da Col\u00f4mbia.<\/p>\n<p class=\"postParagraph_post-paragraph__juWZN postParagraph_post-paragraph-innerHtml__Q5vwc\">De acordo com a <em>Caracol Radio<\/em>, Saab foi detido em Caracas e neste momento est\u00e1 sob cust\u00f3dia do Servi\u00e7o Bolivariano de Intelig\u00eancia Nacional (Sebin) enquanto \u00e9 avaliada a possibilidade de sua extradi\u00e7\u00e3o para os Estados Unidos. A mesma opera\u00e7\u00e3o tamb\u00e9m teria resultado na captura do advogado venezuelano Ra\u00fal Belisario Gorr\u00edn &#8211; acusado pelas autoridades dos Estados Unidos de viola\u00e7\u00f5es \u00e0 Lei de Pr\u00e1ticas de Corrup\u00e7\u00e3o no Exterior e de envolvimento em esquemas de lavagem de dinheiro -, segundo o portal venezuelano <em>Alberto News<\/em>.<\/p>\n<p class=\"postParagraph_post-paragraph__juWZN postParagraph_post-paragraph-innerHtml__Q5vwc\">Saab ocupava um cargo ministerial enquanto o ditador Nicol\u00e1s Maduro estava no poder, antes de ser capturado em janeiro pelos EUA. Ele chefiou o Minist\u00e9rio de Ind\u00fastrias e Produ\u00e7\u00e3o Nacional e, posteriormente, o de Com\u00e9rcio Nacional. Saab \u00e9 apontado como um dos principais operadores financeiros ligados ao regime chavista, associado a esquemas de corrup\u00e7\u00e3o e lavagem de dinheiro.<\/p>\n<p class=\"postParagraph_post-paragraph__juWZN postParagraph_post-paragraph-innerHtml__Q5vwc\">Saab j\u00e1 havia sido preso em 2020, em Cabo Verde, e extraditado aos Estados Unidos em 2021, onde respondeu a acusa\u00e7\u00f5es de conspira\u00e7\u00e3o para lavagem de dinheiro e participa\u00e7\u00e3o em esquemas de corrup\u00e7\u00e3o ligados ao fornecimento de alimentos subsidiados. Ele permaneceu preso no pa\u00eds at\u00e9 dezembro de 2023, quando foi libertado no contexto de uma troca de prisioneiros autorizada pelo ent\u00e3o presidente dos Estados Unidos, Joe Biden.<\/p>\n<p class=\"postParagraph_post-paragraph__juWZN postParagraph_post-paragraph-innerHtml__Q5vwc\">Em mar\u00e7o de 2024, a Justi\u00e7a americana desestimou definitivamente todos os oito processos que pesavam contra Saab, decis\u00e3o assinada pelo juiz federal Robert Scola, encerrando formalmente as acusa\u00e7\u00f5es de lavagem de dinheiro e corrup\u00e7\u00e3o naquele momento.<\/p>\n<p class=\"postParagraph_post-paragraph__juWZN postParagraph_post-paragraph-innerHtml__Q5vwc\">Segundo o perfil tra\u00e7ado pela organiza\u00e7\u00e3o InSight Crime, Saab \u00e9 apontado por autoridades internacionais como um dos principais operadores financeiros ligados ao regime de Nicol\u00e1s Maduro, acusado de integrar esquemas multimilion\u00e1rios de corrup\u00e7\u00e3o e desvio de recursos p\u00fablicos venezuelanos para contas no exterior.<\/p>\n<\/div>\n<p><br \/>\n<br \/>Fonte: <a href=\"https:\/\/www.gazetadopovo.com.br\/mundo\/alex-saab-operador-financeiro-ligado-a-maduro-e-capturado-em-operacao-dos-eua-na-venezuela\/\">Revista Oeste<\/a><\/p>\n","protected":false},"excerpt":{"rendered":"<p>O ex-ministro do regime venezuelano e empres\u00e1rio colombiano Alex Saab foi preso nesta quarta-feira (4) durante uma opera\u00e7\u00e3o conjunta das autoridades da Venezuela com o FBI, realizada pela madrugada, segundo informa\u00e7\u00f5es confirmadas pela imprensa da Col\u00f4mbia. De acordo com a Caracol Radio, Saab foi detido em Caracas e neste momento est\u00e1 sob cust\u00f3dia do Servi\u00e7o [&hellip;]<\/p>\n","protected":false},"author":5,"featured_media":58179,"comment_status":"open","ping_status":"open","sticky":false,"template":"","format":"standard","meta":{"_seopress_robots_primary_cat":"","_seopress_titles_title":"","_seopress_titles_desc":"","_seopress_robots_index":"","footnotes":""},"categories":[48],"tags":[],"class_list":["post-61337","post","type-post","status-publish","format-standard","has-post-thumbnail","hentry","category-internacional"],"_links":{"self":[{"href":"https:\/\/mussicom.com\/noticias\/wp-json\/wp\/v2\/posts\/61337","targetHints":{"allow":["GET"]}}],"collection":[{"href":"https:\/\/mussicom.com\/noticias\/wp-json\/wp\/v2\/posts"}],"about":[{"href":"https:\/\/mussicom.com\/noticias\/wp-json\/wp\/v2\/types\/post"}],"author":[{"embeddable":true,"href":"https:\/\/mussicom.com\/noticias\/wp-json\/wp\/v2\/users\/5"}],"replies":[{"embeddable":true,"href":"https:\/\/mussicom.com\/noticias\/wp-json\/wp\/v2\/comments?post=61337"}],"version-history":[{"count":0,"href":"https:\/\/mussicom.com\/noticias\/wp-json\/wp\/v2\/posts\/61337\/revisions"}],"wp:featuredmedia":[{"embeddable":true,"href":"https:\/\/mussicom.com\/noticias\/wp-json\/wp\/v2\/media\/58179"}],"wp:attachment":[{"href":"https:\/\/mussicom.com\/noticias\/wp-json\/wp\/v2\/media?parent=61337"}],"wp:term":[{"taxonomy":"category","embeddable":true,"href":"https:\/\/mussicom.com\/noticias\/wp-json\/wp\/v2\/categories?post=61337"},{"taxonomy":"post_tag","embeddable":true,"href":"https:\/\/mussicom.com\/noticias\/wp-json\/wp\/v2\/tags?post=61337"}],"curies":[{"name":"wp","href":"https:\/\/api.w.org\/{rel}","templated":true}]}}