{"id":6131,"date":"2025-03-16T13:50:42","date_gmt":"2025-03-16T16:50:42","guid":{"rendered":"https:\/\/www.mussicom.com\/capsula-da-spacex-chega-a-iss-para-resgatar-astronautas-presos\/"},"modified":"2025-03-16T13:50:42","modified_gmt":"2025-03-16T16:50:42","slug":"capsula-da-spacex-chega-a-iss-para-resgatar-astronautas-presos","status":"publish","type":"post","link":"https:\/\/mussicom.com\/noticias\/capsula-da-spacex-chega-a-iss-para-resgatar-astronautas-presos\/","title":{"rendered":"C\u00e1psula da SpaceX chega \u00e0 ISS para resgatar astronautas &#8216;presos&#8217;"},"content":{"rendered":"<p> <br \/>\n<\/p>\n<div id=\"hd80s9wa1h892edh8192\">\n<p>A c\u00e1psula Dragon Endurance, da <strong>SpaceX<\/strong>, chegou \u00e0 Esta\u00e7\u00e3o Espacial Internacional (ISS) neste domingo, 16. O ve\u00edculo deve trazer de volta \u00e0 Terra dois astronautas que est\u00e3o presos no espa\u00e7o desde junho de 2024.<\/p>\n<p>Na sexta-feira 15, a c\u00e1psula partiu do Centro Espacial Kennedy, na Fl\u00f3rida, rumo \u00e0 miss\u00e3o de resgate dos astronautas Suni Williams e Butch Wilmore.<\/p>\n<p><strong>+ Leia mais not\u00edcias de Mundo em Oeste <\/strong><\/p>\n<p>Eles viajaram a bordo da c\u00e1psula Starliner, da Boeing, para uma expedi\u00e7\u00e3o de apenas dez dias. No entanto, falhas t\u00e9cnicas os impediram de retornar, fazendo com que ficassem no espa\u00e7o por quase nove meses.<\/p>\n<p>A Freedom ser\u00e1 o ve\u00edculo utilizado para transportar Williams e Wilmore de volta \u00e0 Terra. A comandante norte-americana Anne McClain, a copiloto Nichole Ayers e os astronautas Takuya Onishi e Kirill Peskov formam a nova equipe.<\/p>\n<h2 class=\"wp-block-heading\"><strong>C\u00e1psula enfrentou problemas t\u00e9cnicos em junho <\/strong><\/h2>\n<p>A <strong>Administra\u00e7\u00e3o Nacional da Aeron\u00e1utica e Espa\u00e7o<\/strong> (Nasa) dos EUA lan\u00e7ou uma miss\u00e3o para resgatar os astronautas em junho de 2024. Contudo, a c\u00e1psula enviada pela ag\u00eancia enfrentou problemas t\u00e9cnicos ao tentar se acoplar \u00e0 ISS.<\/p>\n<p>Janet Petro, engenheira norte-americana e administradora interina da Nasa, afirma que Williams e Wilmore \u201cest\u00e3o ansiosos para voltar para casa, colocar os p\u00e9s na Terra e passar um tempo com a fam\u00edlia\u201d.<\/p>\n<blockquote class=\"twitter-tweet\">\n<p lang=\"en\" dir=\"ltr\">Docking confirmed! <a href=\"https:\/\/t.co\/zSdY3w0pOS\">pic.twitter.com\/zSdY3w0pOS<\/a><\/p>\n<p>\u2014 SpaceX (@SpaceX) <a href=\"https:\/\/twitter.com\/SpaceX\/status\/1901122804415950976?ref_src=twsrc%5Etfw\">March 16, 2025<\/a><\/p><\/blockquote>\n<p>Paralelamente, ela alerta que, em situa\u00e7\u00f5es como essa, os astronautas frequentemente se sentem \u201cconfusos\u201d por terem que abandonar os colegas no espa\u00e7o. Eles retornam \u00e0 Terra sem saber se a ag\u00eancia os convocar\u00e1 novamente para outra miss\u00e3o espacial.<\/p>\n<p>\u201cToda vez que voc\u00ea vai ao espa\u00e7o \u2014 que \u00e9 o que todos os astronautas querem fazer \u2014 voc\u00ea nunca sabe que pode ser sua \u00faltima vez, porque voc\u00ea pode n\u00e3o ser selecionado para outra miss\u00e3o\u201d, disse Janet. \u201cEnt\u00e3o, aposto que eles t\u00eam emo\u00e7\u00f5es confusas ao deixar seus colegas l\u00e1 na esta\u00e7\u00e3o espacial.\u201d<\/p>\n<p><strong>+ Leia tamb\u00e9m: \u201cNasa captura imagem in\u00e9dita de avi\u00e3o ultrapassando a barreira do som\u201d <\/strong><\/p>\n<\/p><\/div>\n<p><script async src=\"\/\/platform.twitter.com\/widgets.js\" charset=\"utf-8\"><\/script><br \/>\n<br \/><br \/>\n<br \/>Fonte: <a href=\"https:\/\/revistaoeste.com\/mundo\/capsula-da-space-x-chega-a-iss-para-resgatar-astronautas-presos\/\">Revista Oeste<\/a><\/p>\n","protected":false},"excerpt":{"rendered":"<p>A c\u00e1psula Dragon Endurance, da SpaceX, chegou \u00e0 Esta\u00e7\u00e3o Espacial Internacional (ISS) neste domingo, 16. O ve\u00edculo deve trazer de volta \u00e0 Terra dois astronautas que est\u00e3o presos no espa\u00e7o desde junho de 2024. Na sexta-feira 15, a c\u00e1psula partiu do Centro Espacial Kennedy, na Fl\u00f3rida, rumo \u00e0 miss\u00e3o de resgate dos astronautas Suni Williams [&hellip;]<\/p>\n","protected":false},"author":5,"featured_media":6133,"comment_status":"open","ping_status":"open","sticky":false,"template":"","format":"standard","meta":{"_seopress_robots_primary_cat":"","_seopress_titles_title":"","_seopress_titles_desc":"","_seopress_robots_index":"","footnotes":""},"categories":[48],"tags":[],"class_list":["post-6131","post","type-post","status-publish","format-standard","has-post-thumbnail","hentry","category-internacional"],"_links":{"self":[{"href":"https:\/\/mussicom.com\/noticias\/wp-json\/wp\/v2\/posts\/6131","targetHints":{"allow":["GET"]}}],"collection":[{"href":"https:\/\/mussicom.com\/noticias\/wp-json\/wp\/v2\/posts"}],"about":[{"href":"https:\/\/mussicom.com\/noticias\/wp-json\/wp\/v2\/types\/post"}],"author":[{"embeddable":true,"href":"https:\/\/mussicom.com\/noticias\/wp-json\/wp\/v2\/users\/5"}],"replies":[{"embeddable":true,"href":"https:\/\/mussicom.com\/noticias\/wp-json\/wp\/v2\/comments?post=6131"}],"version-history":[{"count":0,"href":"https:\/\/mussicom.com\/noticias\/wp-json\/wp\/v2\/posts\/6131\/revisions"}],"wp:featuredmedia":[{"embeddable":true,"href":"https:\/\/mussicom.com\/noticias\/wp-json\/wp\/v2\/media\/6133"}],"wp:attachment":[{"href":"https:\/\/mussicom.com\/noticias\/wp-json\/wp\/v2\/media?parent=6131"}],"wp:term":[{"taxonomy":"category","embeddable":true,"href":"https:\/\/mussicom.com\/noticias\/wp-json\/wp\/v2\/categories?post=6131"},{"taxonomy":"post_tag","embeddable":true,"href":"https:\/\/mussicom.com\/noticias\/wp-json\/wp\/v2\/tags?post=6131"}],"curies":[{"name":"wp","href":"https:\/\/api.w.org\/{rel}","templated":true}]}}