{"id":61238,"date":"2026-02-04T08:08:31","date_gmt":"2026-02-04T11:08:31","guid":{"rendered":"https:\/\/mussicom.com\/musk-denuncia-como-ataque-politico-operacao-na-franca\/"},"modified":"2026-02-04T08:08:31","modified_gmt":"2026-02-04T11:08:31","slug":"musk-denuncia-como-ataque-politico-operacao-na-franca","status":"publish","type":"post","link":"https:\/\/mussicom.com\/noticias\/musk-denuncia-como-ataque-politico-operacao-na-franca\/","title":{"rendered":"Musk denuncia como &#8220;ataque pol\u00edtico&#8221; opera\u00e7\u00e3o na Fran\u00e7a"},"content":{"rendered":"<p> <br \/>\n<\/p>\n<div id=\"tp-post-content\">\n<p class=\"postParagraph_post-paragraph__juWZN postParagraph_post-paragraph-innerHtml__Q5vwc\">O empres\u00e1rio\u00a0Elon Musk reagiu \u00e0 opera\u00e7\u00e3o contra escrit\u00f3rios do X em Paris, nesta ter\u00e7a-feira, classificando como &#8220;um ataque pol\u00edtico&#8221; o procedimento contra a sede da rede social americana aberto pela Justi\u00e7a da Fran\u00e7a.<\/p>\n<p class=\"postParagraph_post-paragraph__juWZN postParagraph_post-paragraph-innerHtml__Q5vwc\">O bilion\u00e1rio foi convocado a comparecer como respons\u00e1vel pela plataforma para um interrogat\u00f3rio no dia 20 de abril.<\/p>\n<p class=\"postParagraph_post-paragraph__juWZN postParagraph_post-paragraph-innerHtml__Q5vwc\">Em suas redes sociais, Musk reproduziu um comunicado no qual assinala que a opera\u00e7\u00e3o se baseia em &#8220;motiva\u00e7\u00f5es pol\u00edticas&#8221; a partir de alega\u00e7\u00f5es de manipula\u00e7\u00e3o de algoritmos e de supostas extra\u00e7\u00f5es fraudulentas de dados.<\/p>\n<p class=\"postParagraph_post-paragraph__juWZN postParagraph_post-paragraph-innerHtml__Q5vwc\">&#8220;Estamos decepcionados com este desdobramento, mas n\u00e3o surpresos&#8221;, afirmou o empres\u00e1rio, que, para tentar tirar for\u00e7a do procedimento dirigido pelo Minist\u00e9rio P\u00fablico de Paris, ressaltou que houve uma ampla divulga\u00e7\u00e3o midi\u00e1tica do caso, &#8220;o que demonstra que constitui um ato judicial abusivo que pretende alcan\u00e7ar objetivos pol\u00edticos ileg\u00edtimos mais do que favorecer a aplica\u00e7\u00e3o justa da lei&#8221;.<\/p>\n<p class=\"postParagraph_post-paragraph__juWZN postParagraph_post-paragraph-innerHtml__Q5vwc\">Em sua vis\u00e3o, o que o MP de Paris pretende \u00e9 pressionar a dire\u00e7\u00e3o do X nos EUA por meio de sua subsidi\u00e1ria francesa.<\/p>\n<p class=\"postParagraph_post-paragraph__juWZN postParagraph_post-paragraph-innerHtml__Q5vwc\">Musk insistiu, sobretudo, que as justificativas dadas para a busca e apreens\u00e3o n\u00e3o se sustentam e que o X &#8220;rejeita categoricamente ter cometido a menor infra\u00e7\u00e3o&#8221;.<\/p>\n<p class=\"postParagraph_post-paragraph__juWZN postParagraph_post-paragraph-innerHtml__Q5vwc\">Por isso, argumenta que a investiga\u00e7\u00e3o &#8220;viola o direito franc\u00eas&#8221; e atenta contra a liberdade de express\u00e3o, e que o X tem a inten\u00e7\u00e3o de defender &#8220;seus direitos fundamentais e os de seus usu\u00e1rios&#8221;.<\/p>\n<p class=\"postParagraph_post-paragraph__juWZN postParagraph_post-paragraph-innerHtml__Q5vwc\">Musk n\u00e3o diz em nenhum momento se pretende comparecer ao interrogat\u00f3rio de 20 de abril, para o qual tamb\u00e9m foi convocado a diretora executiva do X, Linda Yaccarino &#8211; o que poderia resultar em seu indiciamento -, al\u00e9m de outros funcion\u00e1rios da plataforma convocados em dias sucessivos at\u00e9 o dia 24 do mesmo m\u00eas.<\/p>\n<p class=\"postParagraph_post-paragraph__juWZN postParagraph_post-paragraph-innerHtml__Q5vwc\">A investiga\u00e7\u00e3o do MP de Paris tem origem em duas den\u00fancias de 12 de janeiro e 9 de julho de 2025, ampliadas com outras sobre a utiliza\u00e7\u00e3o do Grok, a intelig\u00eancia artificial do X, usada para a difus\u00e3o de conte\u00fados negacionistas e de deepfakes de car\u00e1ter sexual.<\/p>\n<p class=\"postParagraph_post-paragraph__juWZN postParagraph_post-paragraph-innerHtml__Q5vwc\">Entre as acusa\u00e7\u00f5es analisadas est\u00e3o as de &#8220;cumplicidade na posse de imagens de menores de car\u00e1ter pedopornogr\u00e1fico&#8221;, &#8220;atentado contra a representa\u00e7\u00e3o da pessoa (deepfakes de car\u00e1ter sexual)&#8221;, &#8220;extra\u00e7\u00e3o fraudulenta de dados de um sistema de tratamento automatizado de dados, em bando organizado&#8221; e manipula\u00e7\u00e3o de algoritmos ou sistemas de inform\u00e1tica.<\/p>\n<\/div>\n<p><br \/>\n<br \/>Fonte: <a href=\"https:\/\/www.gazetadopovo.com.br\/mundo\/musk-denuncia-como-ataque-politico-operacao-contra-escritorios-x-franca\/\">Revista Oeste<\/a><\/p>\n","protected":false},"excerpt":{"rendered":"<p>O empres\u00e1rio\u00a0Elon Musk reagiu \u00e0 opera\u00e7\u00e3o contra escrit\u00f3rios do X em Paris, nesta ter\u00e7a-feira, classificando como &#8220;um ataque pol\u00edtico&#8221; o procedimento contra a sede da rede social americana aberto pela Justi\u00e7a da Fran\u00e7a. O bilion\u00e1rio foi convocado a comparecer como respons\u00e1vel pela plataforma para um interrogat\u00f3rio no dia 20 de abril. Em suas redes sociais, [&hellip;]<\/p>\n","protected":false},"author":5,"featured_media":61239,"comment_status":"open","ping_status":"open","sticky":false,"template":"","format":"standard","meta":{"_seopress_robots_primary_cat":"","_seopress_titles_title":"","_seopress_titles_desc":"","_seopress_robots_index":"","footnotes":""},"categories":[48],"tags":[],"class_list":["post-61238","post","type-post","status-publish","format-standard","has-post-thumbnail","hentry","category-internacional"],"_links":{"self":[{"href":"https:\/\/mussicom.com\/noticias\/wp-json\/wp\/v2\/posts\/61238","targetHints":{"allow":["GET"]}}],"collection":[{"href":"https:\/\/mussicom.com\/noticias\/wp-json\/wp\/v2\/posts"}],"about":[{"href":"https:\/\/mussicom.com\/noticias\/wp-json\/wp\/v2\/types\/post"}],"author":[{"embeddable":true,"href":"https:\/\/mussicom.com\/noticias\/wp-json\/wp\/v2\/users\/5"}],"replies":[{"embeddable":true,"href":"https:\/\/mussicom.com\/noticias\/wp-json\/wp\/v2\/comments?post=61238"}],"version-history":[{"count":0,"href":"https:\/\/mussicom.com\/noticias\/wp-json\/wp\/v2\/posts\/61238\/revisions"}],"wp:featuredmedia":[{"embeddable":true,"href":"https:\/\/mussicom.com\/noticias\/wp-json\/wp\/v2\/media\/61239"}],"wp:attachment":[{"href":"https:\/\/mussicom.com\/noticias\/wp-json\/wp\/v2\/media?parent=61238"}],"wp:term":[{"taxonomy":"category","embeddable":true,"href":"https:\/\/mussicom.com\/noticias\/wp-json\/wp\/v2\/categories?post=61238"},{"taxonomy":"post_tag","embeddable":true,"href":"https:\/\/mussicom.com\/noticias\/wp-json\/wp\/v2\/tags?post=61238"}],"curies":[{"name":"wp","href":"https:\/\/api.w.org\/{rel}","templated":true}]}}