{"id":61236,"date":"2026-02-04T08:06:20","date_gmt":"2026-02-04T11:06:20","guid":{"rendered":"https:\/\/mussicom.com\/defesa-de-filipe-martins-recorre-contra-prisao-com-prova-registrada-em-cartorio\/"},"modified":"2026-02-04T08:06:20","modified_gmt":"2026-02-04T11:06:20","slug":"defesa-de-filipe-martins-recorre-contra-prisao-com-prova-registrada-em-cartorio","status":"publish","type":"post","link":"https:\/\/mussicom.com\/noticias\/defesa-de-filipe-martins-recorre-contra-prisao-com-prova-registrada-em-cartorio\/","title":{"rendered":"Defesa de Filipe Martins recorre contra pris\u00e3o com prova registrada em cart\u00f3rio"},"content":{"rendered":"<p> <br \/>\n<\/p>\n<div id=\"tp-post-content\">\n<p class=\"postParagraph_post-paragraph__juWZN postParagraph_post-paragraph-innerHtml__Q5vwc\">A defesa do ex-assessor para Assuntos Internacionais da Presid\u00eancia da Rep\u00fablica Filipe Martins protocolou, nesta segunda-feira (2), um recurso contra a decis\u00e3o do ministro do Supremo Tribunal Federal (STF) Alexandre de Moraes de mant\u00ea-lo preso. O recurso pede a reconsidera\u00e7\u00e3o da decis\u00e3o ou, em caso negativo, a remessa do caso para julgamento pelos ministros da Primeira Turma, em sess\u00e3o presencial.<\/p>\n<p class=\"postParagraph_post-paragraph__juWZN postParagraph_post-paragraph-innerHtml__Q5vwc\">A pris\u00e3o ocorreu ap\u00f3s o militar aposentado Ricardo Roquetti denunciar ao Supremo, por e-mail, que Filipe Martins pesquisou por seu perfil na rede social LinkedIn, contrariando a determina\u00e7\u00e3o de n\u00e3o utilizar as plataformas de comunica\u00e7\u00e3o. Mesmo ap\u00f3s a defesa apresentar um relat\u00f3rio extra\u00eddo do pr\u00f3prio site, demonstrando que n\u00e3o houve o acesso, Moraes decidiu manter a pris\u00e3o. A Procuradoria-Geral da Rep\u00fablica (PGR) entendeu (e Moraes acompanhou o entendimento) que n\u00e3o havia fatos novos para soltar o ex-assessor, uma vez que n\u00e3o teriam sido apresentados documentos confi\u00e1veis que pudessem rebater a acusa\u00e7\u00e3o de acesso ao LinkedIn.<\/p>\n<p class=\"postParagraph_post-paragraph__juWZN postParagraph_post-paragraph-innerHtml__Q5vwc\">Agora, os advogados levam aos autos uma ata notarial em que, na presen\u00e7a de um tabeli\u00e3o, acessam o relat\u00f3rio em quest\u00e3o. O \u00faltimo acesso, de acordo com este documento, teria ocorrido em 13 de setembro de 2024, quando Filipe n\u00e3o estava impedido de utilizar as redes sociais.<\/p>\n<p class=\"postParagraph_post-paragraph__juWZN postParagraph_post-paragraph-innerHtml__Q5vwc\">&#8220;Destaque-se que o IP do acesso de 13\/09\/2024 \u00e9 da Fl\u00f3rida, EUA, pois foi acesso<br \/>realizado pela defesa do r\u00e9u nos Estados Unidos, com a finalidade de obter elementos para o processo naquele pa\u00eds, que visa provar a fraude cometida contra o r\u00e9u com o intuito de prend\u00ea-lo&#8221;, complementa.<\/p>\n<div class=\"postViewMore_post-view-more-container___5wai\" data-mrf-recirculation=\"Post - Veja tamb\u00e9m\">\n<p class=\"gp-styles-module-size-small-afeYRa gp-styles-module-font-family2-afeYRa gp-styles-module-color-secondary-afeYRa gp-styles-module-weight-bold-afeYRa\">VEJA TAMB\u00c9M:<\/p>\n<ul class=\"postViewMore_post-view-more-list__CU_CE\">\n<li class=\"postViewMore_post-view-more-item__2MzRb\"><span class=\"postViewMore_post-view-more-link-icon___stPC\"><svg xmlns=\"http:\/\/www.w3.org\/2000\/svg\" width=\"16\" height=\"16\" viewbox=\"0 0 16 16\"><rect width=\"16\" height=\"16\" fill=\"none\"\/><g transform=\"translate(3 3)\"><path d=\"M22.5,15l3.4,3.4-3.4,3.4\" transform=\"translate(-15.896 -11.793)\" fill=\"none\" stroke=\"#717171\" stroke-linecap=\"round\" stroke-width=\"1.4\"\/><path d=\"M6,6v4.2a2.452,2.452,0,0,0,2.5,2.4H16\" transform=\"translate(-6 -6)\" fill=\"none\" stroke=\"#717171\" stroke-linecap=\"round\" stroke-width=\"1.4\"\/><\/g><\/svg><\/span><span class=\"postViewMore_post-view-more-link-text__hO_kM\">Chiquini usar\u00e1 ata a favor de Filipe Martins, mas n\u00e3o acredita em recuo de Moraes<\/span><\/li>\n<li class=\"postViewMore_post-view-more-item__2MzRb\"><span class=\"postViewMore_post-view-more-link-icon___stPC\"><svg xmlns=\"http:\/\/www.w3.org\/2000\/svg\" width=\"16\" height=\"16\" viewbox=\"0 0 16 16\"><rect width=\"16\" height=\"16\" fill=\"none\"\/><g transform=\"translate(3 3)\"><path d=\"M22.5,15l3.4,3.4-3.4,3.4\" transform=\"translate(-15.896 -11.793)\" fill=\"none\" stroke=\"#717171\" stroke-linecap=\"round\" stroke-width=\"1.4\"\/><path d=\"M6,6v4.2a2.452,2.452,0,0,0,2.5,2.4H16\" transform=\"translate(-6 -6)\" fill=\"none\" stroke=\"#717171\" stroke-linecap=\"round\" stroke-width=\"1.4\"\/><\/g><\/svg><\/span><span class=\"postViewMore_post-view-more-link-text__hO_kM\">Advogados de Filipe Martins registram acessos a LinkedIn em cart\u00f3rio para contestar pris\u00e3o<\/span><\/li>\n<\/ul>\n<\/div>\n<h2 class=\"postParagraph_post-paragraph__juWZN postParagraph_post-paragraph-innerHtml__Q5vwc postParagraph_type-tag-h2__TtFkT\">Defesa aponta possibilidade de edi\u00e7\u00e3o de print <\/h2>\n<p class=\"postParagraph_post-paragraph__juWZN postParagraph_post-paragraph-innerHtml__Q5vwc\">A defesa ainda aponta para o risco de determinar a pris\u00e3o com base em uma captura de tela, uma vez que a imagem pode ser editada ou manipulada de qualquer forma.<\/p>\n<p class=\"postParagraph_post-paragraph__juWZN postParagraph_post-paragraph-innerHtml__Q5vwc\">&#8220;N\u00e3o se pode ignorar a facilidade com que um usu\u00e1rio pode alterar o conte\u00fado de uma p\u00e1gina web localmente \u2014 atrav\u00e9s da fun\u00e7\u00e3o \u201cinspecionar elemento\u201d do navegador \u2014 antes de realizar o print, ou ainda utilizar ferramentas de edi\u00e7\u00e3o gr\u00e1fica e intelig\u00eancia<br \/>artificial generativa para sobrepor nomes e fotos em contextos forjados. Existe a possibilidade t\u00e9cnica concreta de que os prints apresentados tenham registrado a visita de um perfil falso (fake profile), criado deliberadamente com o nome e a fotografia do agravante para simular um descumprimento&#8221;, segue o recurso.<\/p>\n<p class=\"postParagraph_post-paragraph__juWZN postParagraph_post-paragraph-innerHtml__Q5vwc\">Filipe \u00e9 r\u00e9u no n\u00facleo 2 das a\u00e7\u00f5es penais que tratam do suposto plano de golpe de Estado ocorrido entre o final de 2022 e 8 de janeiro de 2023.  Em dezembro de 2025, ele foi condenado a 21 anos de pris\u00e3o, acusado principalmente de participar da elabora\u00e7\u00e3o da chamada &#8220;minuta do golpe&#8221;, documento que embasaria a execu\u00e7\u00e3o do suposto golpe, dando apar\u00eancia de legalidade.<\/p>\n<\/div>\n<p><br \/>\n<br \/>Fonte: <a href=\"https:\/\/www.gazetadopovo.com.br\/republica\/defesa-de-filipe-martins-recorre-contra-prisao-com-prova-registrada-em-cartorio\/\">Revista Oeste<\/a><\/p>\n","protected":false},"excerpt":{"rendered":"<p>A defesa do ex-assessor para Assuntos Internacionais da Presid\u00eancia da Rep\u00fablica Filipe Martins protocolou, nesta segunda-feira (2), um recurso contra a decis\u00e3o do ministro do Supremo Tribunal Federal (STF) Alexandre de Moraes de mant\u00ea-lo preso. O recurso pede a reconsidera\u00e7\u00e3o da decis\u00e3o ou, em caso negativo, a remessa do caso para julgamento pelos ministros da [&hellip;]<\/p>\n","protected":false},"author":5,"featured_media":61237,"comment_status":"open","ping_status":"open","sticky":false,"template":"","format":"standard","meta":{"_seopress_robots_primary_cat":"","_seopress_titles_title":"","_seopress_titles_desc":"","_seopress_robots_index":"","footnotes":""},"categories":[1],"tags":[],"class_list":["post-61236","post","type-post","status-publish","format-standard","has-post-thumbnail","hentry","category-ultimas-noticias"],"_links":{"self":[{"href":"https:\/\/mussicom.com\/noticias\/wp-json\/wp\/v2\/posts\/61236","targetHints":{"allow":["GET"]}}],"collection":[{"href":"https:\/\/mussicom.com\/noticias\/wp-json\/wp\/v2\/posts"}],"about":[{"href":"https:\/\/mussicom.com\/noticias\/wp-json\/wp\/v2\/types\/post"}],"author":[{"embeddable":true,"href":"https:\/\/mussicom.com\/noticias\/wp-json\/wp\/v2\/users\/5"}],"replies":[{"embeddable":true,"href":"https:\/\/mussicom.com\/noticias\/wp-json\/wp\/v2\/comments?post=61236"}],"version-history":[{"count":0,"href":"https:\/\/mussicom.com\/noticias\/wp-json\/wp\/v2\/posts\/61236\/revisions"}],"wp:featuredmedia":[{"embeddable":true,"href":"https:\/\/mussicom.com\/noticias\/wp-json\/wp\/v2\/media\/61237"}],"wp:attachment":[{"href":"https:\/\/mussicom.com\/noticias\/wp-json\/wp\/v2\/media?parent=61236"}],"wp:term":[{"taxonomy":"category","embeddable":true,"href":"https:\/\/mussicom.com\/noticias\/wp-json\/wp\/v2\/categories?post=61236"},{"taxonomy":"post_tag","embeddable":true,"href":"https:\/\/mussicom.com\/noticias\/wp-json\/wp\/v2\/tags?post=61236"}],"curies":[{"name":"wp","href":"https:\/\/api.w.org\/{rel}","templated":true}]}}