{"id":61210,"date":"2026-02-03T23:59:39","date_gmt":"2026-02-04T02:59:39","guid":{"rendered":"https:\/\/mussicom.com\/dia-verde-promove-troca-de-plastico-reciclavel-por-produtos-ecologicos-nesta-sexta-06\/"},"modified":"2026-02-03T23:59:39","modified_gmt":"2026-02-04T02:59:39","slug":"dia-verde-promove-troca-de-plastico-reciclavel-por-produtos-ecologicos-nesta-sexta-06","status":"publish","type":"post","link":"https:\/\/mussicom.com\/noticias\/dia-verde-promove-troca-de-plastico-reciclavel-por-produtos-ecologicos-nesta-sexta-06\/","title":{"rendered":"Dia Verde promove troca de pl\u00e1stico recicl\u00e1vel por produtos ecol\u00f3gicos nesta sexta (06)"},"content":{"rendered":"<p> <br \/>\n<\/p>\n<div id=\"texto\">\n<p>A Prefeitura de Guaruj\u00e1 realiza o &#8216;Dia Verde&#8217; nesta sexta-feira (06), uma a\u00e7\u00e3o especial de educa\u00e7\u00e3o ambiental com troca de pl\u00e1sticos recicl\u00e1veis por produtos ecol\u00f3gicos. A a\u00e7\u00e3o, coordenada pela Secretaria Municipal de Meio Ambiente (Semam), acontece das 9 \u00e0s 12 horas e ser\u00e1 realizada no roll de entrada do Pa\u00e7o Raphael Vitiello (Avenida Santos Dumont 800 \u2013 Vila Santo Ant\u00f4nio).<\/p>\n<p>\u00a0<\/p>\n<p>A iniciativa tem como foco\u00a0conscientizar servidores e mun\u00edcipes sobre a import\u00e2ncia da coleta seletiva para reduzir o impacto ambiental e reutilizar res\u00edduos.<strong>\u00a0<\/strong>Para participar, basta levar pl\u00e1stico recicl\u00e1vel em bom estado (limpo e seco)\u00a0como, por exemplo, garrafas pets, embalagens de desinfetante, shampoo, condicionador, detergente e outros produtos de uso dom\u00e9stico. A cada 1kg pode ser feita a troca por produtos ecol\u00f3gicos, como por exemplo itens de cozinha, artesanatos, brinquedos, entre outros.<\/p>\n<p>\u00a0<\/p>\n<p>A empresa Flora Wolpert tamb\u00e9m contribuir\u00e1 com o Dia Verde doando muda de variados temperos para os participantes do evento. A escolha pelas mudas foi pensada por ser algo pequeno, f\u00e1cil de carregar e tendo mais facilidade para ser feito o plantio de forma adequada. Al\u00e9m disso, funis feitos de pl\u00e1stico reciclado ser\u00e3o distribu\u00eddos para serem usados na destina\u00e7\u00e3o adequada de \u00f3leo usado.<\/p>\n<p>\u00a0<\/p>\n<p>S\u00e3o esperadas em torno de 100 pessoas para participar do evento. Pela primeira vez, a iniciativa ser\u00e1 aberta para os moradores do Munic\u00edpio. Anteriormente a a\u00e7\u00e3o reunia apenas servidores p\u00fablicos.<\/p>\n<\/p><\/div>\n<p><script async defer crossorigin=\"anonymous\" src=\"https:\/\/connect.facebook.net\/pt_BR\/sdk.js#xfbml=1&#038;version=v12.0&#038;appId=&#038;autoLogAppEvents=1\" nonce=\"ou0fI1lo\"><\/script><br \/>\n<br \/><br \/>\n<br \/>Fonte: <a href=\"https:\/\/www.bs9.com.br\/litoral\/dia-verde-promove-troca-de-plastico-reciclavel-por-produtos-ecologicos\/37460\/\">BS9<\/a><\/p>\n","protected":false},"excerpt":{"rendered":"<p>A Prefeitura de Guaruj\u00e1 realiza o &#8216;Dia Verde&#8217; nesta sexta-feira (06), uma a\u00e7\u00e3o especial de educa\u00e7\u00e3o ambiental com troca de pl\u00e1sticos recicl\u00e1veis por produtos ecol\u00f3gicos. A a\u00e7\u00e3o, coordenada pela Secretaria Municipal de Meio Ambiente (Semam), acontece das 9 \u00e0s 12 horas e ser\u00e1 realizada no roll de entrada do Pa\u00e7o Raphael Vitiello (Avenida Santos Dumont [&hellip;]<\/p>\n","protected":false},"author":5,"featured_media":61211,"comment_status":"open","ping_status":"open","sticky":false,"template":"","format":"standard","meta":{"_seopress_robots_primary_cat":"","_seopress_titles_title":"","_seopress_titles_desc":"","_seopress_robots_index":"","footnotes":""},"categories":[52],"tags":[],"class_list":["post-61210","post","type-post","status-publish","format-standard","has-post-thumbnail","hentry","category-santoseregiao"],"_links":{"self":[{"href":"https:\/\/mussicom.com\/noticias\/wp-json\/wp\/v2\/posts\/61210","targetHints":{"allow":["GET"]}}],"collection":[{"href":"https:\/\/mussicom.com\/noticias\/wp-json\/wp\/v2\/posts"}],"about":[{"href":"https:\/\/mussicom.com\/noticias\/wp-json\/wp\/v2\/types\/post"}],"author":[{"embeddable":true,"href":"https:\/\/mussicom.com\/noticias\/wp-json\/wp\/v2\/users\/5"}],"replies":[{"embeddable":true,"href":"https:\/\/mussicom.com\/noticias\/wp-json\/wp\/v2\/comments?post=61210"}],"version-history":[{"count":0,"href":"https:\/\/mussicom.com\/noticias\/wp-json\/wp\/v2\/posts\/61210\/revisions"}],"wp:featuredmedia":[{"embeddable":true,"href":"https:\/\/mussicom.com\/noticias\/wp-json\/wp\/v2\/media\/61211"}],"wp:attachment":[{"href":"https:\/\/mussicom.com\/noticias\/wp-json\/wp\/v2\/media?parent=61210"}],"wp:term":[{"taxonomy":"category","embeddable":true,"href":"https:\/\/mussicom.com\/noticias\/wp-json\/wp\/v2\/categories?post=61210"},{"taxonomy":"post_tag","embeddable":true,"href":"https:\/\/mussicom.com\/noticias\/wp-json\/wp\/v2\/tags?post=61210"}],"curies":[{"name":"wp","href":"https:\/\/api.w.org\/{rel}","templated":true}]}}