{"id":61183,"date":"2026-02-03T20:57:34","date_gmt":"2026-02-03T23:57:34","guid":{"rendered":"https:\/\/mussicom.com\/precos-do-boi-caem-no-inicio-de-2026\/"},"modified":"2026-02-03T20:57:34","modified_gmt":"2026-02-03T23:57:34","slug":"precos-do-boi-caem-no-inicio-de-2026","status":"publish","type":"post","link":"https:\/\/mussicom.com\/noticias\/precos-do-boi-caem-no-inicio-de-2026\/","title":{"rendered":"pre\u00e7os do boi caem no in\u00edcio de 2026"},"content":{"rendered":"<p> <br \/>\n<\/p>\n<div>\n<div class=\"row\">\n<div class=\"col-lg col-infos mt-0 mt-lg-0\">\n<div class=\"section-sub-title\">\n<p itemprop=\"description\">&#13;<br \/>\n                                Imea aponta queda mensal do boi gordo no estado&#13;\n                            <\/p>\n<\/p><\/div>\n<div class=\"container\">\n<div class=\"row\">\n<div class=\"col-lg p-0\">\n<div>\n<div class=\"block-news-main-infos mt-3 text-start\">\n<p>                                            <strong class=\"fn\" itemprop=\"author\" style=\"color: rgb(112, 112, 112); \">&#13;<br \/>\n                                                Agrolink&#13;<br \/>\n&#13;<br \/>\n                                                    &#8211; Seane Lennon&#13;<br \/>\n&#13;<br \/>\n                                            <\/strong><br \/>\n                                        <\/p>\n<p>                                            <abbr><time datetime=\"2026 - 02 - 03T18:58\" itemprop=\"datePublished dateModified\"> Publicado em 03\/02\/2026 \u00e0s 18:58h.<\/time><\/abbr>\n                                    <\/div>\n<\/p><\/div>\n<\/p><\/div>\n<div class=\"col-lg p-0 text-lg-end\">\n<div>\n<div id=\"mdEnviarPagina\" class=\"modal fade\" role=\"dialog\">\n<div class=\"modal-dialog\">\n<div class=\"modal-content\">\n<div class=\"modal-body\">\n<p><strong>Estimado usu\u00e1rio.<\/strong><br \/>Preencha o formul\u00e1rio abaixo para remeter a p\u00e1gina.<\/p>\n<\/p><\/div>\n<\/p><\/div>\n<\/p><\/div>\n<\/div><\/div>\n<\/p><\/div>\n<\/p><\/div>\n<\/p><\/div>\n<\/p><\/div>\n<\/p><\/div>\n<div class=\"row justify-content-md-center mt-3\">\n<div class=\"col-lg-auto col-image block-news-main-image\">\n<p>                                <br \/>\n                                                <span class=\"publicity-photo d-block mt-1\">Foto: Divulga\u00e7\u00e3o<\/span><\/p><\/div>\n<\/p><\/div>\n<div class=\"section-description section-description-noticias mt-3\">\n<p style=\"text-align:justify\">A an\u00e1lise semanal do Instituto Mato-Grossense de Economia Agropecu\u00e1ria (Imea), divulgada na segunda-feira (2), informou que, em janeiro de 2026, o pre\u00e7o m\u00e9dio do boi gordo em Mato Grosso foi de R$ 296,43 por arroba, com recuo de 0,96% no m\u00eas e de 6,33% em rela\u00e7\u00e3o a janeiro de 2025. Segundo o instituto, o movimento reflete a maior oferta de animais terminados e o aumento da participa\u00e7\u00e3o de f\u00eameas nos abates.&#13;\n<\/p>\n<p style=\"text-align:justify\">Na pra\u00e7a paulista, o boi foi cotado a R$ 324,51 por arroba, com alta de 0,06% frente a dezembro de 2025 e queda de 1,18% na compara\u00e7\u00e3o anual. \u201cDiante da queda em Mato Grosso, o diferencial de base MT\u2013SP alcan\u00e7ou m\u00e9dia de 9,93% em janeiro de 2026, avan\u00e7o de 0,84 ponto percentual ante dezembro de 2025 e o maior patamar desde novembro de 2024\u201d, informou o Imea, ao atribuir o movimento \u00e0 maior oferta de gado no estado.&#13;\n<\/p>\n<p style=\"text-align:justify\">Nesse cen\u00e1rio, a press\u00e3o vendedora tem limitado rea\u00e7\u00f5es mais firmes nos pre\u00e7os, e o mercado acompanha a evolu\u00e7\u00e3o da oferta de animais terminados e o desempenho das exporta\u00e7\u00f5es, fatores que tendem a orientar o comportamento da arroba e do diferencial entre as pra\u00e7as.&#13;\n<\/p>\n<\/p><\/div>\n<\/p><\/div>\n<p><script data-cfasync=\"false\">\n    !function (f, b, e, v, n, t, s) {\n        if (f.fbq) return; n = f.fbq = function () {\n            n.callMethod ?\n                n.callMethod.apply(n, arguments) : n.queue.push(arguments)\n        };\n        if (!f._fbq) f._fbq = n; n.push = n; n.loaded = !0; n.version = '2.0';\n        n.queue = []; t = b.createElement(e); t.async = !0;\n        t.src = v; s = b.getElementsByTagName(e)[0];\n        s.parentNode.insertBefore(t, s)\n    }(window, document, 'script',\n        'https:\/\/connect.facebook.net\/en_US\/fbevents.js');\n    fbq('init', '522546078623747');\n    fbq('track', 'PageView');\n<\/script><br \/>\n<br \/><br \/>\n<br \/>Fonte: <a href=\"https:\/\/www.agrolink.com.br\/noticias\/mato-grosso--precos-do-boi-caem-no-inicio-de-2026_510514.html\">AGROLINK<\/a><\/p>\n","protected":false},"excerpt":{"rendered":"<p>&#13; Imea aponta queda mensal do boi gordo no estado&#13; &#13; Agrolink&#13; &#13; &#8211; Seane Lennon&#13; &#13; Publicado em 03\/02\/2026 \u00e0s 18:58h. Estimado usu\u00e1rio.Preencha o formul\u00e1rio abaixo para remeter a p\u00e1gina. Foto: Divulga\u00e7\u00e3o A an\u00e1lise semanal do Instituto Mato-Grossense de Economia Agropecu\u00e1ria (Imea), divulgada na segunda-feira (2), informou que, em janeiro de 2026, o pre\u00e7o [&hellip;]<\/p>\n","protected":false},"author":5,"featured_media":31654,"comment_status":"open","ping_status":"open","sticky":false,"template":"","format":"standard","meta":{"_seopress_robots_primary_cat":"","_seopress_titles_title":"","_seopress_titles_desc":"","_seopress_robots_index":"","footnotes":""},"categories":[53],"tags":[],"class_list":["post-61183","post","type-post","status-publish","format-standard","has-post-thumbnail","hentry","category-agronegocio"],"_links":{"self":[{"href":"https:\/\/mussicom.com\/noticias\/wp-json\/wp\/v2\/posts\/61183","targetHints":{"allow":["GET"]}}],"collection":[{"href":"https:\/\/mussicom.com\/noticias\/wp-json\/wp\/v2\/posts"}],"about":[{"href":"https:\/\/mussicom.com\/noticias\/wp-json\/wp\/v2\/types\/post"}],"author":[{"embeddable":true,"href":"https:\/\/mussicom.com\/noticias\/wp-json\/wp\/v2\/users\/5"}],"replies":[{"embeddable":true,"href":"https:\/\/mussicom.com\/noticias\/wp-json\/wp\/v2\/comments?post=61183"}],"version-history":[{"count":0,"href":"https:\/\/mussicom.com\/noticias\/wp-json\/wp\/v2\/posts\/61183\/revisions"}],"wp:featuredmedia":[{"embeddable":true,"href":"https:\/\/mussicom.com\/noticias\/wp-json\/wp\/v2\/media\/31654"}],"wp:attachment":[{"href":"https:\/\/mussicom.com\/noticias\/wp-json\/wp\/v2\/media?parent=61183"}],"wp:term":[{"taxonomy":"category","embeddable":true,"href":"https:\/\/mussicom.com\/noticias\/wp-json\/wp\/v2\/categories?post=61183"},{"taxonomy":"post_tag","embeddable":true,"href":"https:\/\/mussicom.com\/noticias\/wp-json\/wp\/v2\/tags?post=61183"}],"curies":[{"name":"wp","href":"https:\/\/api.w.org\/{rel}","templated":true}]}}