{"id":61162,"date":"2026-02-03T18:51:24","date_gmt":"2026-02-03T21:51:24","guid":{"rendered":"https:\/\/mussicom.com\/senado-aprova-mp-que-cria-programa-gas-do-povo\/"},"modified":"2026-02-03T18:51:24","modified_gmt":"2026-02-03T21:51:24","slug":"senado-aprova-mp-que-cria-programa-gas-do-povo","status":"publish","type":"post","link":"https:\/\/mussicom.com\/noticias\/senado-aprova-mp-que-cria-programa-gas-do-povo\/","title":{"rendered":"Senado aprova MP que cria programa G\u00e1s do Povo"},"content":{"rendered":"<p> <br \/>\n<\/p>\n<div id=\"tp-post-content\">\n<p class=\"postParagraph_post-paragraph__juWZN postParagraph_post-paragraph-innerHtml__Q5vwc\">O Senado aprovou nesta ter\u00e7a-feira (3) a Medida Provis\u00f3ria que cria o programa G\u00e1s do Povo. A iniciativa \u00e9 uma das apostas do presidente Luiz In\u00e1cio Lula da Silva (PT) para as elei\u00e7\u00f5es deste ano.<\/p>\n<p class=\"postParagraph_post-paragraph__juWZN postParagraph_post-paragraph-innerHtml__Q5vwc\">A vota\u00e7\u00e3o foi simb\u00f3lica, ou seja, n\u00e3o houve registro nominal dos votos. O texto segue para san\u00e7\u00e3o. A C\u00e2mara dos Deputados aprovou a proposta, na noite desta segunda (2), por 415 votos a favor, 29 contra e duas absten\u00e7\u00f5es.<\/p>\n<p class=\"postParagraph_post-paragraph__juWZN postParagraph_post-paragraph-innerHtml__Q5vwc\">As regras j\u00e1 est\u00e3o em vigor, mas perderiam a validade, caso n\u00e3o fossem analisadas pelo Legislativo at\u00e9 o pr\u00f3ximo dia 11.<\/p>\n<div class=\"postViewMore_post-view-more-container___5wai\" data-mrf-recirculation=\"Post - Veja tamb\u00e9m\">\n<p class=\"gp-styles-module-size-small-afeYRa gp-styles-module-font-family2-afeYRa gp-styles-module-color-secondary-afeYRa gp-styles-module-weight-bold-afeYRa\">VEJA TAMB\u00c9M:<\/p>\n<ul class=\"postViewMore_post-view-more-list__CU_CE\">\n<li class=\"postViewMore_post-view-more-item__2MzRb\"><span class=\"postViewMore_post-view-more-link-icon___stPC\"><svg xmlns=\"http:\/\/www.w3.org\/2000\/svg\" width=\"16\" height=\"16\" viewbox=\"0 0 16 16\"><rect width=\"16\" height=\"16\" fill=\"none\"\/><g transform=\"translate(3 3)\"><path d=\"M22.5,15l3.4,3.4-3.4,3.4\" transform=\"translate(-15.896 -11.793)\" fill=\"none\" stroke=\"#717171\" stroke-linecap=\"round\" stroke-width=\"1.4\"\/><path d=\"M6,6v4.2a2.452,2.452,0,0,0,2.5,2.4H16\" transform=\"translate(-6 -6)\" fill=\"none\" stroke=\"#717171\" stroke-linecap=\"round\" stroke-width=\"1.4\"\/><\/g><\/svg><\/span><span class=\"postViewMore_post-view-more-link-text__hO_kM\">Lula evita o Congresso e aposta no discurso eleitoral; autoridades silenciam sobre o Master<\/span><\/li>\n<\/ul>\n<\/div>\n<p class=\"postParagraph_post-paragraph__juWZN postParagraph_post-paragraph-innerHtml__Q5vwc\">O \u201cAux\u00edlio G\u00e1s dos Brasileiros\u201d, criado no governo Bolsonaro (PL), previa o pagamento de um vale-g\u00e1s no valor de R$ 108 a cada dois meses para fam\u00edlias de baixa renda, que foi mantida pelo texto.<\/p>\n<p class=\"postParagraph_post-paragraph__juWZN postParagraph_post-paragraph-innerHtml__Q5vwc\">A proposta do governo Lula altera o nome do programa para \u201cG\u00e1s do Povo\u201d e estabelece uma nova modalidade do benef\u00edcio, com a distribui\u00e7\u00e3o de um voucher que pode ser trocado pelo botij\u00e3o em revendedores credenciados.<\/p>\n<p class=\"postParagraph_post-paragraph__juWZN postParagraph_post-paragraph-innerHtml__Q5vwc\">Segundo o Executivo, ser\u00e3o beneficiadas cerca de 15 milh\u00f5es de fam\u00edlias inscritas no Cad\u00danico, com renda mensal por pessoa da fam\u00edlia menor ou igual a meio sal\u00e1rio m\u00ednimo (R$ 810,50).<\/p>\n<\/div>\n<p><br \/>\n<br \/>Fonte: <a href=\"https:\/\/www.gazetadopovo.com.br\/economia\/senado-aprova-mp-que-cria-programa-gas-do-povo\/\">Gazeta do Povo<\/a><\/p>\n","protected":false},"excerpt":{"rendered":"<p>O Senado aprovou nesta ter\u00e7a-feira (3) a Medida Provis\u00f3ria que cria o programa G\u00e1s do Povo. A iniciativa \u00e9 uma das apostas do presidente Luiz In\u00e1cio Lula da Silva (PT) para as elei\u00e7\u00f5es deste ano. A vota\u00e7\u00e3o foi simb\u00f3lica, ou seja, n\u00e3o houve registro nominal dos votos. O texto segue para san\u00e7\u00e3o. A C\u00e2mara dos [&hellip;]<\/p>\n","protected":false},"author":5,"featured_media":61163,"comment_status":"open","ping_status":"open","sticky":false,"template":"","format":"standard","meta":{"_seopress_robots_primary_cat":"","_seopress_titles_title":"","_seopress_titles_desc":"","_seopress_robots_index":"","footnotes":""},"categories":[45],"tags":[],"class_list":["post-61162","post","type-post","status-publish","format-standard","has-post-thumbnail","hentry","category-economia"],"_links":{"self":[{"href":"https:\/\/mussicom.com\/noticias\/wp-json\/wp\/v2\/posts\/61162","targetHints":{"allow":["GET"]}}],"collection":[{"href":"https:\/\/mussicom.com\/noticias\/wp-json\/wp\/v2\/posts"}],"about":[{"href":"https:\/\/mussicom.com\/noticias\/wp-json\/wp\/v2\/types\/post"}],"author":[{"embeddable":true,"href":"https:\/\/mussicom.com\/noticias\/wp-json\/wp\/v2\/users\/5"}],"replies":[{"embeddable":true,"href":"https:\/\/mussicom.com\/noticias\/wp-json\/wp\/v2\/comments?post=61162"}],"version-history":[{"count":0,"href":"https:\/\/mussicom.com\/noticias\/wp-json\/wp\/v2\/posts\/61162\/revisions"}],"wp:featuredmedia":[{"embeddable":true,"href":"https:\/\/mussicom.com\/noticias\/wp-json\/wp\/v2\/media\/61163"}],"wp:attachment":[{"href":"https:\/\/mussicom.com\/noticias\/wp-json\/wp\/v2\/media?parent=61162"}],"wp:term":[{"taxonomy":"category","embeddable":true,"href":"https:\/\/mussicom.com\/noticias\/wp-json\/wp\/v2\/categories?post=61162"},{"taxonomy":"post_tag","embeddable":true,"href":"https:\/\/mussicom.com\/noticias\/wp-json\/wp\/v2\/tags?post=61162"}],"curies":[{"name":"wp","href":"https:\/\/api.w.org\/{rel}","templated":true}]}}